{"id":1394,"date":"2021-10-11T16:09:39","date_gmt":"2021-10-11T19:09:39","guid":{"rendered":"https:\/\/tichers.ct.utfpr.edu.br\/?p=1394"},"modified":"2021-12-15T23:55:03","modified_gmt":"2021-12-16T02:55:03","slug":"ebook-caminhos-na-computacao","status":"publish","type":"post","link":"https:\/\/utfpr.curitiba.br\/tichers\/ebook-caminhos-na-computacao\/","title":{"rendered":"Ebook Caminhos na Computa\u00e7\u00e3o"},"content":{"rendered":"\t\t<div data-elementor-type=\"wp-post\" data-elementor-id=\"1394\" class=\"elementor elementor-1394\">\n\t\t\t\t\t\t<section class=\"elementor-section elementor-top-section elementor-element elementor-element-4e8cabf3 elementor-section-full_width elementor-section-height-default elementor-section-height-default\" data-id=\"4e8cabf3\" data-element_type=\"section\" data-e-type=\"section\" id=\"home\">\n\t\t\t\t\t\t<div class=\"elementor-container elementor-column-gap-default\">\n\t\t\t\t\t<div class=\"elementor-column elementor-col-100 elementor-top-column elementor-element elementor-element-648ee33d\" data-id=\"648ee33d\" data-element_type=\"column\" data-e-type=\"column\">\n\t\t\t<div class=\"elementor-widget-wrap elementor-element-populated\">\n\t\t\t\t\t\t<section class=\"elementor-section elementor-inner-section elementor-element elementor-element-6ef11495 elementor-section-content-bottom elementor-section-boxed elementor-section-height-default elementor-section-height-default\" data-id=\"6ef11495\" data-element_type=\"section\" data-e-type=\"section\">\n\t\t\t\t\t\t<div class=\"elementor-container elementor-column-gap-no\">\n\t\t\t\t\t<div class=\"elementor-column elementor-col-50 elementor-inner-column elementor-element elementor-element-33bf73ec\" data-id=\"33bf73ec\" data-element_type=\"column\" data-e-type=\"column\">\n\t\t\t<div class=\"elementor-widget-wrap elementor-element-populated\">\n\t\t\t\t\t\t<div class=\"elementor-element elementor-element-1bebf550 elementor-widget elementor-widget-heading\" data-id=\"1bebf550\" data-element_type=\"widget\" data-e-type=\"widget\" data-widget_type=\"heading.default\">\n\t\t\t\t<div class=\"elementor-widget-container\">\n\t\t\t\t\t<h4 class=\"elementor-heading-title elementor-size-default\">Caminhos na Computa\u00e7\u00e3o - hist\u00f3rias de mulheres inspiradoras<\/h4>\t\t\t\t<\/div>\n\t\t\t\t<\/div>\n\t\t\t\t\t<\/div>\n\t\t<\/div>\n\t\t\t\t<div class=\"elementor-column elementor-col-50 elementor-inner-column elementor-element elementor-element-30bde858\" data-id=\"30bde858\" data-element_type=\"column\" data-e-type=\"column\">\n\t\t\t<div class=\"elementor-widget-wrap elementor-element-populated\">\n\t\t\t\t\t\t<div class=\"elementor-element elementor-element-6c52227d elementor-widget elementor-widget-heading\" data-id=\"6c52227d\" data-element_type=\"widget\" data-e-type=\"widget\" data-widget_type=\"heading.default\">\n\t\t\t\t<div class=\"elementor-widget-container\">\n\t\t\t\t\t<h4 class=\"elementor-heading-title elementor-size-default\">SETEMBRO 2021<\/h4>\t\t\t\t<\/div>\n\t\t\t\t<\/div>\n\t\t\t\t\t<\/div>\n\t\t<\/div>\n\t\t\t\t\t<\/div>\n\t\t<\/section>\n\t\t\t\t<div class=\"elementor-element elementor-element-1ea75c44 elementor-widget elementor-widget-image\" data-id=\"1ea75c44\" data-element_type=\"widget\" data-e-type=\"widget\" data-widget_type=\"image.default\">\n\t\t\t\t<div class=\"elementor-widget-container\">\n\t\t\t\t\t\t\t\t\t\t\t\t\t\t\t<img fetchpriority=\"high\" decoding=\"async\" width=\"2542\" height=\"3333\" src=\"https:\/\/utfpr-ct-static-content.s3.amazonaws.com\/utfpr.curitiba.br\/wp-content\/uploads\/sites\/112\/2021\/09\/Ebook-Capa.png\" class=\"attachment-full size-full wp-image-1157\" alt=\"A capa possui fundo cinza claro. Na \u00e1rea superior, est\u00e1 o t\u00edtulo Caminhos da Computa\u00e7\u00e3o, em destaque com letras mai\u00fasculas. Abaixo, o subt\u00edtulo hist\u00f3ria de mulheres inspiradoras. No centro, em destaque, a ilustra\u00e7\u00e3o de um grande mapa do Brasil com as regi\u00f5es do pa\u00eds em diferentes cores. A regi\u00e3o norte \u00e9 lil\u00e1s, a centro-oeste \u00e9 vermelha, a nordeste \u00e9 verde, a sudeste \u00e9 azul e a sul amarela. No centro de cada regi\u00e3o h\u00e1 um pino de localiza\u00e7\u00e3o de cor preta. Uma linha tracejada preta contorna os pinos, como se estivesse em movimento e seguindo em dire\u00e7\u00e3o ao t\u00edtulo do livro. Na extremidade da linha, ao lado do t\u00edtulo, h\u00e1 um \u00edcone de avi\u00e3o em cor preta. \u00c0 esquerda do mapa, ao lado das regi\u00f5es centro-oeste e sul est\u00e1 o nome das autoras e ilustradora do livro. \u00c0 direita e em frente ao mapa, pr\u00f3ximo \u00e0s regi\u00f5es sudeste e sul h\u00e1 o desenho de duas meninas. A primeira tem pele clara, cabelos encaracolados e castanhos na altura dos ombros. Ela est\u00e1 de p\u00e9, com corpo levemente voltado para o nome das autoras. Usa blusa de cor laranja, mochila preta, short azul, meias brancas e sapato marrom. A segunda menina est\u00e1 atr\u00e1s da primeira, tamb\u00e9m de p\u00e9. Ela tem pele morena, cabelos encaracolados e pretos na altura do cotovelo. Usa blusa rosa, mochila preta, short azul, meias e sapato rosa. No canto inferior direito da capa h\u00e1 logomarcas da U T F P R, do projeto T I Chers, das Meninas Digitais e da S B C.\" srcset=\"https:\/\/utfpr-ct-static-content.s3.amazonaws.com\/utfpr.curitiba.br\/wp-content\/uploads\/sites\/112\/2021\/09\/Ebook-Capa.png 2542w, https:\/\/utfpr-ct-static-content.s3.amazonaws.com\/utfpr.curitiba.br\/wp-content\/uploads\/sites\/112\/2021\/09\/Ebook-Capa-229x300.png 229w, https:\/\/utfpr-ct-static-content.s3.amazonaws.com\/utfpr.curitiba.br\/wp-content\/uploads\/sites\/112\/2021\/09\/Ebook-Capa-781x1024.png 781w, https:\/\/utfpr-ct-static-content.s3.amazonaws.com\/utfpr.curitiba.br\/wp-content\/uploads\/sites\/112\/2021\/09\/Ebook-Capa-768x1007.png 768w, https:\/\/utfpr-ct-static-content.s3.amazonaws.com\/utfpr.curitiba.br\/wp-content\/uploads\/sites\/112\/2021\/09\/Ebook-Capa-1171x1536.png 1171w, https:\/\/utfpr-ct-static-content.s3.amazonaws.com\/utfpr.curitiba.br\/wp-content\/uploads\/sites\/112\/2021\/09\/Ebook-Capa-1562x2048.png 1562w\" sizes=\"(max-width: 2542px) 100vw, 2542px\" \/>\t\t\t\t\t\t\t\t\t\t\t\t\t\t\t<\/div>\n\t\t\t\t<\/div>\n\t\t\t\t<div class=\"elementor-element elementor-element-766b800a elementor-widget elementor-widget-heading\" data-id=\"766b800a\" data-element_type=\"widget\" data-e-type=\"widget\" id=\"about\" data-widget_type=\"heading.default\">\n\t\t\t\t<div class=\"elementor-widget-container\">\n\t\t\t\t\t<h4 class=\"elementor-heading-title elementor-size-default\">Sobre o Ebook<\/h4>\t\t\t\t<\/div>\n\t\t\t\t<\/div>\n\t\t\t\t<section class=\"elementor-section elementor-inner-section elementor-element elementor-element-1ab72ede elementor-section-content-top elementor-section-boxed elementor-section-height-default elementor-section-height-default\" data-id=\"1ab72ede\" data-element_type=\"section\" data-e-type=\"section\">\n\t\t\t\t\t\t<div class=\"elementor-container elementor-column-gap-no\">\n\t\t\t\t\t<div class=\"elementor-column elementor-col-50 elementor-inner-column elementor-element elementor-element-52311153\" data-id=\"52311153\" data-element_type=\"column\" data-e-type=\"column\">\n\t\t\t<div class=\"elementor-widget-wrap elementor-element-populated\">\n\t\t\t\t\t\t<div class=\"elementor-element elementor-element-61df130d elementor-widget elementor-widget-text-editor\" data-id=\"61df130d\" data-element_type=\"widget\" data-e-type=\"widget\" data-widget_type=\"text-editor.default\">\n\t\t\t\t<div class=\"elementor-widget-container\">\n\t\t\t\t\t\t\t\t\t<p><strong>A ideia de produzir este ebook \u00e9 contar as hist\u00f3rias de mulheres que atuam na Computa\u00e7\u00e3o, buscando desconstruir os estere\u00f3tipos estabelecidos de forma equivocada e ainda muito presentes no cotidiano dessas profissionais.<\/strong><\/p>\t\t\t\t\t\t\t\t<\/div>\n\t\t\t\t<\/div>\n\t\t\t\t<div class=\"elementor-element elementor-element-8c571ae elementor-widget elementor-widget-text-editor\" data-id=\"8c571ae\" data-element_type=\"widget\" data-e-type=\"widget\" data-widget_type=\"text-editor.default\">\n\t\t\t\t<div class=\"elementor-widget-container\">\n\t\t\t\t\t\t\t\t\t<p><span style=\"font-weight: 400;\">\u00a0Tamb\u00e9m, mostrar exemplos de inspira\u00e7\u00e3o e diversidade que podem ser seguidos, e juntamente apresentar as diferentes \u00e1reas de atua\u00e7\u00e3o dentro da Computa\u00e7\u00e3o, para explicar, simplificar e tornar a TI uma \u00e1rea atrativa e encantadora para meninas e mulheres.<\/span><\/p>\t\t\t\t\t\t\t\t<\/div>\n\t\t\t\t<\/div>\n\t\t\t\t\t<\/div>\n\t\t<\/div>\n\t\t\t\t<div class=\"elementor-column elementor-col-50 elementor-inner-column elementor-element elementor-element-4750fa43\" data-id=\"4750fa43\" data-element_type=\"column\" data-e-type=\"column\">\n\t\t\t<div class=\"elementor-widget-wrap elementor-element-populated\">\n\t\t\t\t\t\t<div class=\"elementor-element elementor-element-af81e0f elementor-widget elementor-widget-text-editor\" data-id=\"af81e0f\" data-element_type=\"widget\" data-e-type=\"widget\" data-widget_type=\"text-editor.default\">\n\t\t\t\t<div class=\"elementor-widget-container\">\n\t\t\t\t\t\t\t\t\t<p><span style=\"font-weight: 400;\">Por isso, foram convidadas treze mulheres das cinco regi\u00f5es do Brasil para responderem um question\u00e1rio, sendo coletadas as informa\u00e7\u00f5es para a constru\u00e7\u00e3o do ebook a partir de suas respostas.\u00a0<\/span><\/p>\t\t\t\t\t\t\t\t<\/div>\n\t\t\t\t<\/div>\n\t\t\t\t<div class=\"elementor-element elementor-element-7aa998aa elementor-widget elementor-widget-text-editor\" data-id=\"7aa998aa\" data-element_type=\"widget\" data-e-type=\"widget\" data-widget_type=\"text-editor.default\">\n\t\t\t\t<div class=\"elementor-widget-container\">\n\t\t\t\t\t\t\t\t\t<p><span style=\"font-weight: 400;\">Procuramos por diversidade regional, de cor e ra\u00e7a, geracional, atua\u00e7\u00e3o (estudantes, docentes e profissionais atuando em empresas), \u00e1rea de atua\u00e7\u00e3o, atividades &#8220;extra curriculares&#8221;, hist\u00f3rias familiares, forma\u00e7\u00e3o, entre outros fatores.<\/span><\/p>\t\t\t\t\t\t\t\t<\/div>\n\t\t\t\t<\/div>\n\t\t\t\t\t<\/div>\n\t\t<\/div>\n\t\t\t\t\t<\/div>\n\t\t<\/section>\n\t\t\t\t<div class=\"elementor-element elementor-element-531c5d1 elementor-widget elementor-widget-heading\" data-id=\"531c5d1\" data-element_type=\"widget\" data-e-type=\"widget\" data-widget_type=\"heading.default\">\n\t\t\t\t<div class=\"elementor-widget-container\">\n\t\t\t\t\t<h4 class=\"elementor-heading-title elementor-size-default\">sinopse<\/h4>\t\t\t\t<\/div>\n\t\t\t\t<\/div>\n\t\t\t\t<section class=\"elementor-section elementor-inner-section elementor-element elementor-element-0fbcfa3 elementor-section-content-top elementor-section-boxed elementor-section-height-default elementor-section-height-default\" data-id=\"0fbcfa3\" data-element_type=\"section\" data-e-type=\"section\">\n\t\t\t\t\t\t<div class=\"elementor-container elementor-column-gap-no\">\n\t\t\t\t\t<div class=\"elementor-column elementor-col-50 elementor-inner-column elementor-element elementor-element-9358a84\" data-id=\"9358a84\" data-element_type=\"column\" data-e-type=\"column\">\n\t\t\t<div class=\"elementor-widget-wrap elementor-element-populated\">\n\t\t\t\t\t\t<div class=\"elementor-element elementor-element-ea719a0 elementor-widget elementor-widget-text-editor\" data-id=\"ea719a0\" data-element_type=\"widget\" data-e-type=\"widget\" data-widget_type=\"text-editor.default\">\n\t\t\t\t<div class=\"elementor-widget-container\">\n\t\t\t\t\t\t\t\t\t<div class=\"elementor-element elementor-element-f7680ac elementor-widget elementor-widget-heading\" data-id=\"f7680ac\" data-element_type=\"widget\" data-widget_type=\"heading.default\"><div class=\"elementor-widget-container\"><span style=\"font-size: 16px;\">Ana e Beatriz s\u00e3o duas adolescentes que est\u00e3o em d\u00favida sobre qual profiss\u00e3o escolher. A escola onde estudam promove v\u00e1rias palestras para divulgar as in\u00fameras possibilidades de carreira. Em uma dessas palestras foi sorteado um pr\u00eamio incr\u00edvel: uma viagem pelo Brasil para conhecer treze mulheres que trabalham na \u00e1rea de Computa\u00e7\u00e3o.<\/span><\/div><\/div>\t\t\t\t\t\t\t\t<\/div>\n\t\t\t\t<\/div>\n\t\t\t\t\t<\/div>\n\t\t<\/div>\n\t\t\t\t<div class=\"elementor-column elementor-col-50 elementor-inner-column elementor-element elementor-element-33f6512\" data-id=\"33f6512\" data-element_type=\"column\" data-e-type=\"column\">\n\t\t\t<div class=\"elementor-widget-wrap elementor-element-populated\">\n\t\t\t\t\t\t<div class=\"elementor-element elementor-element-88c3234 elementor-widget elementor-widget-text-editor\" data-id=\"88c3234\" data-element_type=\"widget\" data-e-type=\"widget\" data-widget_type=\"text-editor.default\">\n\t\t\t\t<div class=\"elementor-widget-container\">\n\t\t\t\t\t\t\t\t\t<div class=\"elementor-element elementor-element-f7680ac elementor-widget elementor-widget-heading\" data-id=\"f7680ac\" data-element_type=\"widget\" data-widget_type=\"heading.default\"><div class=\"elementor-widget-container\"><span style=\"font-size: 16px;\">Ana e Beatriz foram sorteadas! Hoje \u00e9 o grande dia! Elas est\u00e3o de malas prontas para conhecer o Brasil e mulheres com hist\u00f3rias inspiradoras!<\/span><\/div><\/div>\t\t\t\t\t\t\t\t<\/div>\n\t\t\t\t<\/div>\n\t\t\t\t<div class=\"elementor-element elementor-element-84e2b06 elementor-widget elementor-widget-text-editor\" data-id=\"84e2b06\" data-element_type=\"widget\" data-e-type=\"widget\" data-widget_type=\"text-editor.default\">\n\t\t\t\t<div class=\"elementor-widget-container\">\n\t\t\t\t\t\t\t\t\t<p><strong>O ebook foi submetido para a Editora e est\u00e1 em processo de revis\u00e3o, deseja baixar a vers\u00e3o <\/strong><strong>atual e ser notificado quando <\/strong><span style=\"font-weight: bold; font-size: 1rem;\">estiver publicado<\/span><strong style=\"font-style: inherit;\">?<\/strong><\/p>\t\t\t\t\t\t\t\t<\/div>\n\t\t\t\t<\/div>\n\t\t\t\t<div class=\"elementor-element elementor-element-7eadedf elementor-widget elementor-widget-button\" data-id=\"7eadedf\" data-element_type=\"widget\" data-e-type=\"widget\" data-widget_type=\"button.default\">\n\t\t\t\t<div class=\"elementor-widget-container\">\n\t\t\t\t\t\t\t\t\t<div class=\"elementor-button-wrapper\">\n\t\t\t\t\t<a class=\"elementor-button elementor-button-link elementor-size-sm\" href=\"#popmake-1853\">\n\t\t\t\t\t\t<span class=\"elementor-button-content-wrapper\">\n\t\t\t\t\t\t\t\t\t<span class=\"elementor-button-text\">Eu quero<\/span>\n\t\t\t\t\t<\/span>\n\t\t\t\t\t<\/a>\n\t\t\t\t<\/div>\n\t\t\t\t\t\t\t\t<\/div>\n\t\t\t\t<\/div>\n\t\t\t\t\t<\/div>\n\t\t<\/div>\n\t\t\t\t\t<\/div>\n\t\t<\/section>\n\t\t\t\t\t<\/div>\n\t\t<\/div>\n\t\t\t\t\t<\/div>\n\t\t<\/section>\n\t\t\t\t<section class=\"elementor-section elementor-top-section elementor-element elementor-element-3e20c609 elementor-section-content-middle elementor-section-boxed elementor-section-height-default elementor-section-height-default\" data-id=\"3e20c609\" data-element_type=\"section\" data-e-type=\"section\" id=\"organisers\" data-settings=\"{&quot;background_background&quot;:&quot;classic&quot;}\">\n\t\t\t\t\t\t<div class=\"elementor-container elementor-column-gap-default\">\n\t\t\t\t\t<div class=\"elementor-column elementor-col-100 elementor-top-column elementor-element elementor-element-984dc34\" data-id=\"984dc34\" data-element_type=\"column\" data-e-type=\"column\">\n\t\t\t<div class=\"elementor-widget-wrap elementor-element-populated\">\n\t\t\t\t\t\t<div class=\"elementor-element elementor-element-26c63788 elementor-widget elementor-widget-heading\" data-id=\"26c63788\" data-element_type=\"widget\" data-e-type=\"widget\" data-widget_type=\"heading.default\">\n\t\t\t\t<div class=\"elementor-widget-container\">\n\t\t\t\t\t<h4 class=\"elementor-heading-title elementor-size-default\">Escute agora<\/h4>\t\t\t\t<\/div>\n\t\t\t\t<\/div>\n\t\t\t\t<div class=\"elementor-element elementor-element-4ca0534f elementor-widget elementor-widget-text-editor\" data-id=\"4ca0534f\" data-element_type=\"widget\" data-e-type=\"widget\" data-widget_type=\"text-editor.default\">\n\t\t\t\t<div class=\"elementor-widget-container\">\n\t\t\t\t\t\t\t\t\t<p><span style=\"font-weight: 400;\">O ebook tamb\u00e9m est\u00e1 dispon\u00edvel na vers\u00e3o audiobook, em diversas plataformas! Vem escutar uma pr\u00e9via no Spotify.<\/span><\/p>\t\t\t\t\t\t\t\t<\/div>\n\t\t\t\t<\/div>\n\t\t\t\t<div class=\"elementor-element elementor-element-630f1b2 elementor-widget elementor-widget-html\" data-id=\"630f1b2\" data-element_type=\"widget\" data-e-type=\"widget\" data-widget_type=\"html.default\">\n\t\t\t\t<div class=\"elementor-widget-container\">\n\t\t\t\t\t<iframe src=\"https:\/\/open.spotify.com\/embed\/episode\/4c5K1xFJD6FY9ovZ7fRmlb\" width=\"100%\" height=\"232\" frameBorder=\"0\" allowtransparency=\"true\" allow=\"encrypted-media\"><\/iframe>\t\t\t\t<\/div>\n\t\t\t\t<\/div>\n\t\t\t\t<div class=\"elementor-element elementor-element-38f02d2 elementor-widget elementor-widget-text-editor\" data-id=\"38f02d2\" data-element_type=\"widget\" data-e-type=\"widget\" data-widget_type=\"text-editor.default\">\n\t\t\t\t<div class=\"elementor-widget-container\">\n\t\t\t\t\t\t\t\t\t<p><span style=\"font-weight: 400;\"><strong>O ebook tamb\u00e9m possui uma playlist para ouvir junto e melhorar ainda mais sua experi\u00eancia<\/strong>, podendo ser acessado atrav\u00e9s da leitura do c\u00f3digo do Spotify. Calma, \u00e9 bem simples! Basta tocar em \u201cbuscar\u201d no menu inferior do aplicativo e, em seguida, tocar no \u00edcone de c\u00e2mera, que se encontra na parte superior. Agora, basta apontar a c\u00e2mera para o c\u00f3digo abaixo e pronto!<\/span><\/p>\t\t\t\t\t\t\t\t<\/div>\n\t\t\t\t<\/div>\n\t\t\t\t<div class=\"elementor-element elementor-element-3b4a525 elementor-widget elementor-widget-image\" data-id=\"3b4a525\" data-element_type=\"widget\" data-e-type=\"widget\" data-widget_type=\"image.default\">\n\t\t\t\t<div class=\"elementor-widget-container\">\n\t\t\t\t\t\t\t\t\t\t\t\t\t\t\t<img decoding=\"async\" width=\"300\" height=\"52\" src=\"https:\/\/utfpr-ct-static-content.s3.amazonaws.com\/utfpr.curitiba.br\/wp-content\/uploads\/sites\/112\/2021\/10\/Playlist-1-300x52.png\" class=\"attachment-medium size-medium wp-image-1397\" alt=\"Q R Code do Spotify\" srcset=\"https:\/\/utfpr-ct-static-content.s3.amazonaws.com\/utfpr.curitiba.br\/wp-content\/uploads\/sites\/112\/2021\/10\/Playlist-1-300x52.png 300w, https:\/\/utfpr-ct-static-content.s3.amazonaws.com\/utfpr.curitiba.br\/wp-content\/uploads\/sites\/112\/2021\/10\/Playlist-1-1024x177.png 1024w, https:\/\/utfpr-ct-static-content.s3.amazonaws.com\/utfpr.curitiba.br\/wp-content\/uploads\/sites\/112\/2021\/10\/Playlist-1-768x133.png 768w, https:\/\/utfpr-ct-static-content.s3.amazonaws.com\/utfpr.curitiba.br\/wp-content\/uploads\/sites\/112\/2021\/10\/Playlist-1-1536x266.png 1536w, https:\/\/utfpr-ct-static-content.s3.amazonaws.com\/utfpr.curitiba.br\/wp-content\/uploads\/sites\/112\/2021\/10\/Playlist-1.png 1543w\" sizes=\"(max-width: 300px) 100vw, 300px\" \/>\t\t\t\t\t\t\t\t\t\t\t\t\t\t\t<\/div>\n\t\t\t\t<\/div>\n\t\t\t\t\t<\/div>\n\t\t<\/div>\n\t\t\t\t\t<\/div>\n\t\t<\/section>\n\t\t\t\t<section class=\"elementor-section elementor-top-section elementor-element elementor-element-f27d779 elementor-section-boxed elementor-section-height-default elementor-section-height-default\" data-id=\"f27d779\" data-element_type=\"section\" data-e-type=\"section\" id=\"speakers\">\n\t\t\t\t\t\t<div class=\"elementor-container elementor-column-gap-default\">\n\t\t\t\t\t<div class=\"elementor-column elementor-col-100 elementor-top-column elementor-element elementor-element-349b2bd6\" data-id=\"349b2bd6\" data-element_type=\"column\" data-e-type=\"column\">\n\t\t\t<div class=\"elementor-widget-wrap elementor-element-populated\">\n\t\t\t\t\t\t<div class=\"elementor-element elementor-element-14e52e76 elementor-widget__width-initial elementor-widget-mobile__width-inherit elementor-widget elementor-widget-heading\" data-id=\"14e52e76\" data-element_type=\"widget\" data-e-type=\"widget\" data-widget_type=\"heading.default\">\n\t\t\t\t<div class=\"elementor-widget-container\">\n\t\t\t\t\t<h4 class=\"elementor-heading-title elementor-size-default\">Contribui\u00e7\u00f5es <\/h4>\t\t\t\t<\/div>\n\t\t\t\t<\/div>\n\t\t\t\t<div class=\"elementor-element elementor-element-7b0ac76a elementor-widget__width-initial elementor-widget-mobile__width-inherit elementor-widget elementor-widget-text-editor\" data-id=\"7b0ac76a\" data-element_type=\"widget\" data-e-type=\"widget\" data-widget_type=\"text-editor.default\">\n\t\t\t\t<div class=\"elementor-widget-container\">\n\t\t\t\t\t\t\t\t\t<p><span style=\"font-weight: 400;\">Para a produ\u00e7\u00e3o deste ebook, foram utilizados relatos de mulheres reais que atuam na Computa\u00e7\u00e3o e que aceitaram compartilhar suas hist\u00f3rias.<\/span><\/p>\t\t\t\t\t\t\t\t<\/div>\n\t\t\t\t<\/div>\n\t\t\t\t<section class=\"elementor-section elementor-inner-section elementor-element elementor-element-5a9d35e5 elementor-section-boxed elementor-section-height-default elementor-section-height-default\" data-id=\"5a9d35e5\" data-element_type=\"section\" data-e-type=\"section\">\n\t\t\t\t\t\t<div class=\"elementor-container elementor-column-gap-extended\">\n\t\t\t\t\t<div class=\"elementor-column elementor-col-25 elementor-inner-column elementor-element elementor-element-6004556c\" data-id=\"6004556c\" data-element_type=\"column\" data-e-type=\"column\">\n\t\t\t<div class=\"elementor-widget-wrap elementor-element-populated\">\n\t\t\t\t\t\t<div class=\"elementor-element elementor-element-4b20f3d6 elementor-widget elementor-widget-image\" data-id=\"4b20f3d6\" data-element_type=\"widget\" data-e-type=\"widget\" data-widget_type=\"image.default\">\n\t\t\t\t<div class=\"elementor-widget-container\">\n\t\t\t\t\t\t\t\t\t\t\t\t\t\t\t<img decoding=\"async\" width=\"1024\" height=\"1024\" src=\"https:\/\/utfpr-ct-static-content.s3.amazonaws.com\/utfpr.curitiba.br\/wp-content\/uploads\/sites\/112\/2021\/10\/Adele_malta_pontes-Perfil-1024x1024.jpg\" class=\"attachment-large size-large wp-image-1407\" alt=\"Fotografia de Adele com diversas pessoas ao fundo. Ela \u00e9 vista do peito para cima, de frente e sorrindo. \u00c9 uma mulher de pele clara e cabelos loiros e longos. Usa um enfeite verde no topo da cabe\u00e7a, brincos compostos de diversas fitas verdes e vermelhas e uma blusa branca de al\u00e7as finas. Est\u00e1 maquiada e com glitter em v\u00e1rios pontos do rosto e do t\u00f3rax, entre o peito e o pesco\u00e7o.\" srcset=\"https:\/\/utfpr-ct-static-content.s3.amazonaws.com\/utfpr.curitiba.br\/wp-content\/uploads\/sites\/112\/2021\/10\/Adele_malta_pontes-Perfil-1024x1024.jpg 1024w, https:\/\/utfpr-ct-static-content.s3.amazonaws.com\/utfpr.curitiba.br\/wp-content\/uploads\/sites\/112\/2021\/10\/Adele_malta_pontes-Perfil-300x300.jpg 300w, https:\/\/utfpr-ct-static-content.s3.amazonaws.com\/utfpr.curitiba.br\/wp-content\/uploads\/sites\/112\/2021\/10\/Adele_malta_pontes-Perfil-150x150.jpg 150w, https:\/\/utfpr-ct-static-content.s3.amazonaws.com\/utfpr.curitiba.br\/wp-content\/uploads\/sites\/112\/2021\/10\/Adele_malta_pontes-Perfil-768x767.jpg 768w, https:\/\/utfpr-ct-static-content.s3.amazonaws.com\/utfpr.curitiba.br\/wp-content\/uploads\/sites\/112\/2021\/10\/Adele_malta_pontes-Perfil.jpg 1080w\" sizes=\"(max-width: 1024px) 100vw, 1024px\" \/>\t\t\t\t\t\t\t\t\t\t\t\t\t\t\t<\/div>\n\t\t\t\t<\/div>\n\t\t\t\t<div class=\"elementor-element elementor-element-3357054e elementor-widget elementor-widget-heading\" data-id=\"3357054e\" data-element_type=\"widget\" data-e-type=\"widget\" data-widget_type=\"heading.default\">\n\t\t\t\t<div class=\"elementor-widget-container\">\n\t\t\t\t\t<h4 class=\"elementor-heading-title elementor-size-default\"><a href=\"http:\/\/linkedin.com\/in\/adele-malta-pontes-60628420\" target=\"_blank\">Adele Malta Pontes<\/a><\/h4>\t\t\t\t<\/div>\n\t\t\t\t<\/div>\n\t\t\t\t<div class=\"elementor-element elementor-element-3a021ff7 elementor-widget elementor-widget-text-editor\" data-id=\"3a021ff7\" data-element_type=\"widget\" data-e-type=\"widget\" data-widget_type=\"text-editor.default\">\n\t\t\t\t<div class=\"elementor-widget-container\">\n\t\t\t\t\t\t\t\t\t<p>Compartilhou sua hist\u00f3ria<\/p>\t\t\t\t\t\t\t\t<\/div>\n\t\t\t\t<\/div>\n\t\t\t\t\t<\/div>\n\t\t<\/div>\n\t\t\t\t<div class=\"elementor-column elementor-col-25 elementor-inner-column elementor-element elementor-element-3db63968\" data-id=\"3db63968\" data-element_type=\"column\" data-e-type=\"column\">\n\t\t\t<div class=\"elementor-widget-wrap elementor-element-populated\">\n\t\t\t\t\t\t<div class=\"elementor-element elementor-element-830d028 elementor-widget elementor-widget-image\" data-id=\"830d028\" data-element_type=\"widget\" data-e-type=\"widget\" data-widget_type=\"image.default\">\n\t\t\t\t<div class=\"elementor-widget-container\">\n\t\t\t\t\t\t\t\t\t\t\t\t\t\t\t<img loading=\"lazy\" decoding=\"async\" width=\"713\" height=\"714\" src=\"https:\/\/utfpr-ct-static-content.s3.amazonaws.com\/utfpr.curitiba.br\/wp-content\/uploads\/sites\/112\/2021\/10\/AmandaCaetanoAmorim-Perfil.jpg\" class=\"attachment-large size-large wp-image-1406\" alt=\"Fotografia de Amanda, em ambiente fechado, com porta e cortina ao fundo. Ela \u00e9 uma jovem ind\u00edgena, vista de frente, do peito para cima, com rosto levemente inclinado para a direta e sorrindo. Tem cabelos pretos, lisos e longos. No rosto de Amanda h\u00e1 uma pintura ind\u00edgena vermelha com desenhos pretos, tra\u00e7ando as bochechas de um lado a outro do rosto e cobrindo parte do nariz. Na orelha direita h\u00e1 um grande brinco com enfeite azul e amarelo e tiras prateadas nas pontas. Ela usa uma blusa preta com bordados brancos.\" srcset=\"https:\/\/utfpr-ct-static-content.s3.amazonaws.com\/utfpr.curitiba.br\/wp-content\/uploads\/sites\/112\/2021\/10\/AmandaCaetanoAmorim-Perfil.jpg 713w, https:\/\/utfpr-ct-static-content.s3.amazonaws.com\/utfpr.curitiba.br\/wp-content\/uploads\/sites\/112\/2021\/10\/AmandaCaetanoAmorim-Perfil-300x300.jpg 300w, https:\/\/utfpr-ct-static-content.s3.amazonaws.com\/utfpr.curitiba.br\/wp-content\/uploads\/sites\/112\/2021\/10\/AmandaCaetanoAmorim-Perfil-150x150.jpg 150w\" sizes=\"(max-width: 713px) 100vw, 713px\" \/>\t\t\t\t\t\t\t\t\t\t\t\t\t\t\t<\/div>\n\t\t\t\t<\/div>\n\t\t\t\t<div class=\"elementor-element elementor-element-bd9b9ba elementor-widget elementor-widget-heading\" data-id=\"bd9b9ba\" data-element_type=\"widget\" data-e-type=\"widget\" data-widget_type=\"heading.default\">\n\t\t\t\t<div class=\"elementor-widget-container\">\n\t\t\t\t\t<h4 class=\"elementor-heading-title elementor-size-default\"><a href=\"http:\/\/lattes.cnpq.br\/9784520033062823\" target=\"_blank\">Amanda Caetano Amorim<\/a><\/h4>\t\t\t\t<\/div>\n\t\t\t\t<\/div>\n\t\t\t\t<div class=\"elementor-element elementor-element-2e8bac24 elementor-widget elementor-widget-text-editor\" data-id=\"2e8bac24\" data-element_type=\"widget\" data-e-type=\"widget\" data-widget_type=\"text-editor.default\">\n\t\t\t\t<div class=\"elementor-widget-container\">\n\t\t\t\t\t\t\t\t\t<p>Compartilhou sua hist\u00f3ria<\/p>\t\t\t\t\t\t\t\t<\/div>\n\t\t\t\t<\/div>\n\t\t\t\t\t<\/div>\n\t\t<\/div>\n\t\t\t\t<div class=\"elementor-column elementor-col-25 elementor-inner-column elementor-element elementor-element-d5ec800\" data-id=\"d5ec800\" data-element_type=\"column\" data-e-type=\"column\">\n\t\t\t<div class=\"elementor-widget-wrap elementor-element-populated\">\n\t\t\t\t\t\t<div class=\"elementor-element elementor-element-5470054 elementor-widget elementor-widget-image\" data-id=\"5470054\" data-element_type=\"widget\" data-e-type=\"widget\" data-widget_type=\"image.default\">\n\t\t\t\t<div class=\"elementor-widget-container\">\n\t\t\t\t\t\t\t\t\t\t\t\t\t\t\t<img loading=\"lazy\" decoding=\"async\" width=\"1024\" height=\"1024\" src=\"https:\/\/utfpr-ct-static-content.s3.amazonaws.com\/utfpr.curitiba.br\/wp-content\/uploads\/sites\/112\/2021\/10\/Inserir-um-titulo-8-1024x1024.png\" class=\"attachment-large size-large wp-image-1311\" alt=\"Fotografia ilustrativa da planta Dente de Le\u00e3o\" srcset=\"https:\/\/utfpr-ct-static-content.s3.amazonaws.com\/utfpr.curitiba.br\/wp-content\/uploads\/sites\/112\/2021\/10\/Inserir-um-titulo-8-1024x1024.png 1024w, https:\/\/utfpr-ct-static-content.s3.amazonaws.com\/utfpr.curitiba.br\/wp-content\/uploads\/sites\/112\/2021\/10\/Inserir-um-titulo-8-300x300.png 300w, https:\/\/utfpr-ct-static-content.s3.amazonaws.com\/utfpr.curitiba.br\/wp-content\/uploads\/sites\/112\/2021\/10\/Inserir-um-titulo-8-150x150.png 150w, https:\/\/utfpr-ct-static-content.s3.amazonaws.com\/utfpr.curitiba.br\/wp-content\/uploads\/sites\/112\/2021\/10\/Inserir-um-titulo-8-768x768.png 768w, https:\/\/utfpr-ct-static-content.s3.amazonaws.com\/utfpr.curitiba.br\/wp-content\/uploads\/sites\/112\/2021\/10\/Inserir-um-titulo-8.png 1080w\" sizes=\"(max-width: 1024px) 100vw, 1024px\" \/>\t\t\t\t\t\t\t\t\t\t\t\t\t\t\t<\/div>\n\t\t\t\t<\/div>\n\t\t\t\t<div class=\"elementor-element elementor-element-4f2f419 elementor-widget elementor-widget-heading\" data-id=\"4f2f419\" data-element_type=\"widget\" data-e-type=\"widget\" data-widget_type=\"heading.default\">\n\t\t\t\t<div class=\"elementor-widget-container\">\n\t\t\t\t\t<h4 class=\"elementor-heading-title elementor-size-default\">Carolina Sacramento<\/h4>\t\t\t\t<\/div>\n\t\t\t\t<\/div>\n\t\t\t\t<div class=\"elementor-element elementor-element-42f4b2b elementor-widget elementor-widget-text-editor\" data-id=\"42f4b2b\" data-element_type=\"widget\" data-e-type=\"widget\" data-widget_type=\"text-editor.default\">\n\t\t\t\t<div class=\"elementor-widget-container\">\n\t\t\t\t\t\t\t\t\t<p><span style=\"font-weight: 400;\">Apoio na descri\u00e7\u00e3o das imagens<\/span><\/p>\t\t\t\t\t\t\t\t<\/div>\n\t\t\t\t<\/div>\n\t\t\t\t\t<\/div>\n\t\t<\/div>\n\t\t\t\t<div class=\"elementor-column elementor-col-25 elementor-inner-column elementor-element elementor-element-791cb243\" data-id=\"791cb243\" data-element_type=\"column\" data-e-type=\"column\">\n\t\t\t<div class=\"elementor-widget-wrap elementor-element-populated\">\n\t\t\t\t\t\t<div class=\"elementor-element elementor-element-55af208b elementor-widget elementor-widget-image\" data-id=\"55af208b\" data-element_type=\"widget\" data-e-type=\"widget\" data-widget_type=\"image.default\">\n\t\t\t\t<div class=\"elementor-widget-container\">\n\t\t\t\t\t\t\t\t\t\t\t\t\t\t\t<img loading=\"lazy\" decoding=\"async\" width=\"1024\" height=\"1024\" src=\"https:\/\/utfpr-ct-static-content.s3.amazonaws.com\/utfpr.curitiba.br\/wp-content\/uploads\/sites\/112\/2021\/10\/Claudia-Cappelli-Perfil-1024x1024.jpeg\" class=\"attachment-large size-large wp-image-1305\" alt=\"Fotografia de Cl\u00e1udia Cappelli sentada apoiada em uma mesa, com um vaso de flores rosas e amarelas em sua frente e uma ta\u00e7a com uma bebida tom amarelo claro. Ela \u00e9 vista de frente, peito para cima, com os bra\u00e7os apoiados sobre a mesa. Est\u00e1 sorrindo. Tem pele clara e cabelos loiros na altura dos ombros. Ela usa blusa branca comprida, casaco preto, um grande colar com pingentes redondos, uma pulseira e brincos dourados.\" srcset=\"https:\/\/utfpr-ct-static-content.s3.amazonaws.com\/utfpr.curitiba.br\/wp-content\/uploads\/sites\/112\/2021\/10\/Claudia-Cappelli-Perfil-1024x1024.jpeg 1024w, https:\/\/utfpr-ct-static-content.s3.amazonaws.com\/utfpr.curitiba.br\/wp-content\/uploads\/sites\/112\/2021\/10\/Claudia-Cappelli-Perfil-300x300.jpeg 300w, https:\/\/utfpr-ct-static-content.s3.amazonaws.com\/utfpr.curitiba.br\/wp-content\/uploads\/sites\/112\/2021\/10\/Claudia-Cappelli-Perfil-150x150.jpeg 150w, https:\/\/utfpr-ct-static-content.s3.amazonaws.com\/utfpr.curitiba.br\/wp-content\/uploads\/sites\/112\/2021\/10\/Claudia-Cappelli-Perfil-768x768.jpeg 768w, https:\/\/utfpr-ct-static-content.s3.amazonaws.com\/utfpr.curitiba.br\/wp-content\/uploads\/sites\/112\/2021\/10\/Claudia-Cappelli-Perfil-1536x1536.jpeg 1536w, https:\/\/utfpr-ct-static-content.s3.amazonaws.com\/utfpr.curitiba.br\/wp-content\/uploads\/sites\/112\/2021\/10\/Claudia-Cappelli-Perfil-2048x2048.jpeg 2048w\" sizes=\"(max-width: 1024px) 100vw, 1024px\" \/>\t\t\t\t\t\t\t\t\t\t\t\t\t\t\t<\/div>\n\t\t\t\t<\/div>\n\t\t\t\t<div class=\"elementor-element elementor-element-57d93ee8 elementor-widget elementor-widget-heading\" data-id=\"57d93ee8\" data-element_type=\"widget\" data-e-type=\"widget\" data-widget_type=\"heading.default\">\n\t\t\t\t<div class=\"elementor-widget-container\">\n\t\t\t\t\t<h4 class=\"elementor-heading-title elementor-size-default\"><a href=\"http:\/\/lattes.cnpq.br\/4930762936357558\" target=\"_blank\">Claudia Cappelli<\/a><\/h4>\t\t\t\t<\/div>\n\t\t\t\t<\/div>\n\t\t\t\t<div class=\"elementor-element elementor-element-7ba3df41 elementor-widget elementor-widget-text-editor\" data-id=\"7ba3df41\" data-element_type=\"widget\" data-e-type=\"widget\" data-widget_type=\"text-editor.default\">\n\t\t\t\t<div class=\"elementor-widget-container\">\n\t\t\t\t\t\t\t\t\t<p>Compartilhou sua hist\u00f3ria<\/p>\t\t\t\t\t\t\t\t<\/div>\n\t\t\t\t<\/div>\n\t\t\t\t\t<\/div>\n\t\t<\/div>\n\t\t\t\t\t<\/div>\n\t\t<\/section>\n\t\t\t\t<section class=\"elementor-section elementor-inner-section elementor-element elementor-element-1110941 elementor-section-boxed elementor-section-height-default elementor-section-height-default\" data-id=\"1110941\" data-element_type=\"section\" data-e-type=\"section\">\n\t\t\t\t\t\t<div class=\"elementor-container elementor-column-gap-extended\">\n\t\t\t\t\t<div class=\"elementor-column elementor-col-25 elementor-inner-column elementor-element elementor-element-2cf92736\" data-id=\"2cf92736\" data-element_type=\"column\" data-e-type=\"column\">\n\t\t\t<div class=\"elementor-widget-wrap elementor-element-populated\">\n\t\t\t\t\t\t<div class=\"elementor-element elementor-element-12bb55ba elementor-widget elementor-widget-image\" data-id=\"12bb55ba\" data-element_type=\"widget\" data-e-type=\"widget\" data-widget_type=\"image.default\">\n\t\t\t\t<div class=\"elementor-widget-container\">\n\t\t\t\t\t\t\t\t\t\t\t\t\t\t\t<img loading=\"lazy\" decoding=\"async\" width=\"801\" height=\"801\" src=\"https:\/\/utfpr-ct-static-content.s3.amazonaws.com\/utfpr.curitiba.br\/wp-content\/uploads\/sites\/112\/2021\/10\/ClaudiaMelo-Perfil.jpg\" class=\"attachment-large size-large wp-image-1409\" alt=\"Fotografia de Claudia Oliveira Melo em um parque com \u00e1rvores, um banco e raios solares irradiando em alguns pontos da paisagem. Ela \u00e9 vista de frente, do peito para cima e sorri. Tem pele clara, \u00e9 jovem, loira e est\u00e1 com parte dos cabelos presos. Usa camisa branca.\" srcset=\"https:\/\/utfpr-ct-static-content.s3.amazonaws.com\/utfpr.curitiba.br\/wp-content\/uploads\/sites\/112\/2021\/10\/ClaudiaMelo-Perfil.jpg 801w, https:\/\/utfpr-ct-static-content.s3.amazonaws.com\/utfpr.curitiba.br\/wp-content\/uploads\/sites\/112\/2021\/10\/ClaudiaMelo-Perfil-300x300.jpg 300w, https:\/\/utfpr-ct-static-content.s3.amazonaws.com\/utfpr.curitiba.br\/wp-content\/uploads\/sites\/112\/2021\/10\/ClaudiaMelo-Perfil-150x150.jpg 150w, https:\/\/utfpr-ct-static-content.s3.amazonaws.com\/utfpr.curitiba.br\/wp-content\/uploads\/sites\/112\/2021\/10\/ClaudiaMelo-Perfil-768x768.jpg 768w\" sizes=\"(max-width: 801px) 100vw, 801px\" \/>\t\t\t\t\t\t\t\t\t\t\t\t\t\t\t<\/div>\n\t\t\t\t<\/div>\n\t\t\t\t<div class=\"elementor-element elementor-element-65cead73 elementor-widget elementor-widget-heading\" data-id=\"65cead73\" data-element_type=\"widget\" data-e-type=\"widget\" data-widget_type=\"heading.default\">\n\t\t\t\t<div class=\"elementor-widget-container\">\n\t\t\t\t\t<h4 class=\"elementor-heading-title elementor-size-default\"><a href=\"http:\/\/linkedin.com\/in\/claudiamelo\" target=\"_blank\">Claudia de Oliveira Melo<\/a><\/h4>\t\t\t\t<\/div>\n\t\t\t\t<\/div>\n\t\t\t\t<div class=\"elementor-element elementor-element-30d03376 elementor-widget elementor-widget-text-editor\" data-id=\"30d03376\" data-element_type=\"widget\" data-e-type=\"widget\" data-widget_type=\"text-editor.default\">\n\t\t\t\t<div class=\"elementor-widget-container\">\n\t\t\t\t\t\t\t\t\t<p>Compartilhou sua hist\u00f3ria<\/p>\t\t\t\t\t\t\t\t<\/div>\n\t\t\t\t<\/div>\n\t\t\t\t\t<\/div>\n\t\t<\/div>\n\t\t\t\t<div class=\"elementor-column elementor-col-25 elementor-inner-column elementor-element elementor-element-ce6bba8\" data-id=\"ce6bba8\" data-element_type=\"column\" data-e-type=\"column\">\n\t\t\t<div class=\"elementor-widget-wrap elementor-element-populated\">\n\t\t\t\t\t\t<div class=\"elementor-element elementor-element-da61800 elementor-widget elementor-widget-image\" data-id=\"da61800\" data-element_type=\"widget\" data-e-type=\"widget\" data-widget_type=\"image.default\">\n\t\t\t\t<div class=\"elementor-widget-container\">\n\t\t\t\t\t\t\t\t\t\t\t\t\t\t\t<img loading=\"lazy\" decoding=\"async\" width=\"643\" height=\"643\" src=\"https:\/\/utfpr-ct-static-content.s3.amazonaws.com\/utfpr.curitiba.br\/wp-content\/uploads\/sites\/112\/2021\/10\/JulianaMariaOliveiradosSantos-Perfil.jpg\" class=\"attachment-large size-large wp-image-1408\" alt=\"Fotografia de Juliana. Ela \u00e9 vista de frente, do peito para cima. \u00c9 uma mulher de pele parda, cabelos cacheados na altura dos ombros. Est\u00e1 sorrindo. Usa um len\u00e7o preto com desenhos marrons como uma faixa cobrindo a testa e uma camisa azul escura.\" srcset=\"https:\/\/utfpr-ct-static-content.s3.amazonaws.com\/utfpr.curitiba.br\/wp-content\/uploads\/sites\/112\/2021\/10\/JulianaMariaOliveiradosSantos-Perfil.jpg 643w, https:\/\/utfpr-ct-static-content.s3.amazonaws.com\/utfpr.curitiba.br\/wp-content\/uploads\/sites\/112\/2021\/10\/JulianaMariaOliveiradosSantos-Perfil-300x300.jpg 300w, https:\/\/utfpr-ct-static-content.s3.amazonaws.com\/utfpr.curitiba.br\/wp-content\/uploads\/sites\/112\/2021\/10\/JulianaMariaOliveiradosSantos-Perfil-150x150.jpg 150w\" sizes=\"(max-width: 643px) 100vw, 643px\" \/>\t\t\t\t\t\t\t\t\t\t\t\t\t\t\t<\/div>\n\t\t\t\t<\/div>\n\t\t\t\t<div class=\"elementor-element elementor-element-7eec6ed elementor-widget elementor-widget-heading\" data-id=\"7eec6ed\" data-element_type=\"widget\" data-e-type=\"widget\" data-widget_type=\"heading.default\">\n\t\t\t\t<div class=\"elementor-widget-container\">\n\t\t\t\t\t<h4 class=\"elementor-heading-title elementor-size-default\"><a href=\"http:\/\/lattes.cnpq.br\/1942862457809155\" target=\"_blank\">Juliana Maria Oliveira dos Santos<\/a><\/h4>\t\t\t\t<\/div>\n\t\t\t\t<\/div>\n\t\t\t\t<div class=\"elementor-element elementor-element-61594f8 elementor-widget elementor-widget-text-editor\" data-id=\"61594f8\" data-element_type=\"widget\" data-e-type=\"widget\" data-widget_type=\"text-editor.default\">\n\t\t\t\t<div class=\"elementor-widget-container\">\n\t\t\t\t\t\t\t\t\t<p>Compartilhou sua hist\u00f3ria<\/p>\t\t\t\t\t\t\t\t<\/div>\n\t\t\t\t<\/div>\n\t\t\t\t\t<\/div>\n\t\t<\/div>\n\t\t\t\t<div class=\"elementor-column elementor-col-25 elementor-inner-column elementor-element elementor-element-8b0a8d2\" data-id=\"8b0a8d2\" data-element_type=\"column\" data-e-type=\"column\">\n\t\t\t<div class=\"elementor-widget-wrap elementor-element-populated\">\n\t\t\t\t\t\t<div class=\"elementor-element elementor-element-89ae1cc elementor-widget elementor-widget-image\" data-id=\"89ae1cc\" data-element_type=\"widget\" data-e-type=\"widget\" data-widget_type=\"image.default\">\n\t\t\t\t<div class=\"elementor-widget-container\">\n\t\t\t\t\t\t\t\t\t\t\t\t\t\t\t<img loading=\"lazy\" decoding=\"async\" width=\"766\" height=\"767\" src=\"https:\/\/utfpr-ct-static-content.s3.amazonaws.com\/utfpr.curitiba.br\/wp-content\/uploads\/sites\/112\/2021\/10\/1994-Keiko-Veronica-Ono-Fonseca.jpg\" class=\"attachment-large size-large wp-image-1403\" alt=\"Fotografia de Keiko. Ombro para cima. Keiko est\u00e1 sorrindo. \u00c9 uma mulher de pele clara, cabelos pretos e curtos. Usa \u00f3culos, blusa cinza e mochila preta.\" srcset=\"https:\/\/utfpr-ct-static-content.s3.amazonaws.com\/utfpr.curitiba.br\/wp-content\/uploads\/sites\/112\/2021\/10\/1994-Keiko-Veronica-Ono-Fonseca.jpg 766w, https:\/\/utfpr-ct-static-content.s3.amazonaws.com\/utfpr.curitiba.br\/wp-content\/uploads\/sites\/112\/2021\/10\/1994-Keiko-Veronica-Ono-Fonseca-300x300.jpg 300w, https:\/\/utfpr-ct-static-content.s3.amazonaws.com\/utfpr.curitiba.br\/wp-content\/uploads\/sites\/112\/2021\/10\/1994-Keiko-Veronica-Ono-Fonseca-150x150.jpg 150w\" sizes=\"(max-width: 766px) 100vw, 766px\" \/>\t\t\t\t\t\t\t\t\t\t\t\t\t\t\t<\/div>\n\t\t\t\t<\/div>\n\t\t\t\t<div class=\"elementor-element elementor-element-38843c7 elementor-widget elementor-widget-heading\" data-id=\"38843c7\" data-element_type=\"widget\" data-e-type=\"widget\" data-widget_type=\"heading.default\">\n\t\t\t\t<div class=\"elementor-widget-container\">\n\t\t\t\t\t<h4 class=\"elementor-heading-title elementor-size-default\"><a href=\"http:\/\/lattes.cnpq.br\/8827013568855482\" target=\"_blank\">Keiko Ver\u00f4nica Ono Fonseca<\/a><\/h4>\t\t\t\t<\/div>\n\t\t\t\t<\/div>\n\t\t\t\t<div class=\"elementor-element elementor-element-b4b6720 elementor-widget elementor-widget-text-editor\" data-id=\"b4b6720\" data-element_type=\"widget\" data-e-type=\"widget\" data-widget_type=\"text-editor.default\">\n\t\t\t\t<div class=\"elementor-widget-container\">\n\t\t\t\t\t\t\t\t\t<p>Compartilhou sua hist\u00f3ria<\/p>\t\t\t\t\t\t\t\t<\/div>\n\t\t\t\t<\/div>\n\t\t\t\t\t<\/div>\n\t\t<\/div>\n\t\t\t\t<div class=\"elementor-column elementor-col-25 elementor-inner-column elementor-element elementor-element-878bb21\" data-id=\"878bb21\" data-element_type=\"column\" data-e-type=\"column\">\n\t\t\t<div class=\"elementor-widget-wrap elementor-element-populated\">\n\t\t\t\t\t\t<div class=\"elementor-element elementor-element-949db74 elementor-widget elementor-widget-image\" data-id=\"949db74\" data-element_type=\"widget\" data-e-type=\"widget\" data-widget_type=\"image.default\">\n\t\t\t\t<div class=\"elementor-widget-container\">\n\t\t\t\t\t\t\t\t\t\t\t\t\t\t\t<img loading=\"lazy\" decoding=\"async\" width=\"1024\" height=\"1024\" src=\"https:\/\/utfpr-ct-static-content.s3.amazonaws.com\/utfpr.curitiba.br\/wp-content\/uploads\/sites\/112\/2021\/10\/Marcia-Ito-Pefil-1024x1024.jpg\" class=\"attachment-large size-large wp-image-1304\" alt=\"Fotografia de M\u00e1rcia. Ela \u00e9 vista de frente, cintura para cima e com os bra\u00e7os cruzados. \u00c9 uma mulher oriental, de cabelos castanhos e lisos. Est\u00e1 sorrindo. Usa \u00f3culos e pulseira no pulso esquerdo.\" srcset=\"https:\/\/utfpr-ct-static-content.s3.amazonaws.com\/utfpr.curitiba.br\/wp-content\/uploads\/sites\/112\/2021\/10\/Marcia-Ito-Pefil-1024x1024.jpg 1024w, https:\/\/utfpr-ct-static-content.s3.amazonaws.com\/utfpr.curitiba.br\/wp-content\/uploads\/sites\/112\/2021\/10\/Marcia-Ito-Pefil-300x300.jpg 300w, https:\/\/utfpr-ct-static-content.s3.amazonaws.com\/utfpr.curitiba.br\/wp-content\/uploads\/sites\/112\/2021\/10\/Marcia-Ito-Pefil-150x150.jpg 150w, https:\/\/utfpr-ct-static-content.s3.amazonaws.com\/utfpr.curitiba.br\/wp-content\/uploads\/sites\/112\/2021\/10\/Marcia-Ito-Pefil-768x768.jpg 768w, https:\/\/utfpr-ct-static-content.s3.amazonaws.com\/utfpr.curitiba.br\/wp-content\/uploads\/sites\/112\/2021\/10\/Marcia-Ito-Pefil-1536x1536.jpg 1536w, https:\/\/utfpr-ct-static-content.s3.amazonaws.com\/utfpr.curitiba.br\/wp-content\/uploads\/sites\/112\/2021\/10\/Marcia-Ito-Pefil-2048x2048.jpg 2048w\" sizes=\"(max-width: 1024px) 100vw, 1024px\" \/>\t\t\t\t\t\t\t\t\t\t\t\t\t\t\t<\/div>\n\t\t\t\t<\/div>\n\t\t\t\t<div class=\"elementor-element elementor-element-86af932 elementor-widget elementor-widget-heading\" data-id=\"86af932\" data-element_type=\"widget\" data-e-type=\"widget\" data-widget_type=\"heading.default\">\n\t\t\t\t<div class=\"elementor-widget-container\">\n\t\t\t\t\t<h4 class=\"elementor-heading-title elementor-size-default\"><a href=\"http:\/\/lattes.cnpq.br\/4302456847507371\" target=\"_blank\">M\u00e1rcia Ito<\/a><\/h4>\t\t\t\t<\/div>\n\t\t\t\t<\/div>\n\t\t\t\t<div class=\"elementor-element elementor-element-87a5792 elementor-widget elementor-widget-text-editor\" data-id=\"87a5792\" data-element_type=\"widget\" data-e-type=\"widget\" data-widget_type=\"text-editor.default\">\n\t\t\t\t<div class=\"elementor-widget-container\">\n\t\t\t\t\t\t\t\t\t<p>Compartilhou sua hist\u00f3ria<\/p>\t\t\t\t\t\t\t\t<\/div>\n\t\t\t\t<\/div>\n\t\t\t\t\t<\/div>\n\t\t<\/div>\n\t\t\t\t\t<\/div>\n\t\t<\/section>\n\t\t\t\t<section class=\"elementor-section elementor-inner-section elementor-element elementor-element-50973c4 elementor-section-boxed elementor-section-height-default elementor-section-height-default\" data-id=\"50973c4\" data-element_type=\"section\" data-e-type=\"section\">\n\t\t\t\t\t\t<div class=\"elementor-container elementor-column-gap-extended\">\n\t\t\t\t\t<div class=\"elementor-column elementor-col-25 elementor-inner-column elementor-element elementor-element-8c8b671\" data-id=\"8c8b671\" data-element_type=\"column\" data-e-type=\"column\">\n\t\t\t<div class=\"elementor-widget-wrap elementor-element-populated\">\n\t\t\t\t\t\t<div class=\"elementor-element elementor-element-dcfb0fa elementor-widget elementor-widget-image\" data-id=\"dcfb0fa\" data-element_type=\"widget\" data-e-type=\"widget\" data-widget_type=\"image.default\">\n\t\t\t\t<div class=\"elementor-widget-container\">\n\t\t\t\t\t\t\t\t\t\t\t\t\t\t\t<img loading=\"lazy\" decoding=\"async\" width=\"415\" height=\"415\" src=\"https:\/\/utfpr-ct-static-content.s3.amazonaws.com\/utfpr.curitiba.br\/wp-content\/uploads\/sites\/112\/2021\/10\/NattaneLuizadaCosta-Perfil.jpeg\" class=\"attachment-large size-large wp-image-1410\" alt=\"Fotografia de Nattane em ambiente fechado com bal\u00f5es de festa em diversas cores, um deles escrito Parab\u00e9ns Dr Nattane. Os bal\u00f5es est\u00e3o na parede e no encosto de um sof\u00e1 bege. Nattanne est\u00e1 no centro da foto, \u00e9 vista de corpo inteiro, est\u00e1 de frente com corpo levemente virado para a esquerda. Ela est\u00e1 sorrindo. \u00c9 jovem, tem pele clara, cabelos pretos e lisos. Usa \u00f3culos, um macac\u00e3o com estampa florida e sand\u00e1lia preta. Est\u00e1 segurando um buqu\u00ea de flores. \u00c0 direita de Nattane, h\u00e1 uma mesa com doces e bolo.\" srcset=\"https:\/\/utfpr-ct-static-content.s3.amazonaws.com\/utfpr.curitiba.br\/wp-content\/uploads\/sites\/112\/2021\/10\/NattaneLuizadaCosta-Perfil.jpeg 415w, https:\/\/utfpr-ct-static-content.s3.amazonaws.com\/utfpr.curitiba.br\/wp-content\/uploads\/sites\/112\/2021\/10\/NattaneLuizadaCosta-Perfil-300x300.jpeg 300w, https:\/\/utfpr-ct-static-content.s3.amazonaws.com\/utfpr.curitiba.br\/wp-content\/uploads\/sites\/112\/2021\/10\/NattaneLuizadaCosta-Perfil-150x150.jpeg 150w\" sizes=\"(max-width: 415px) 100vw, 415px\" \/>\t\t\t\t\t\t\t\t\t\t\t\t\t\t\t<\/div>\n\t\t\t\t<\/div>\n\t\t\t\t<div class=\"elementor-element elementor-element-4b91963 elementor-widget elementor-widget-heading\" data-id=\"4b91963\" data-element_type=\"widget\" data-e-type=\"widget\" data-widget_type=\"heading.default\">\n\t\t\t\t<div class=\"elementor-widget-container\">\n\t\t\t\t\t<h4 class=\"elementor-heading-title elementor-size-default\"><a href=\"http:\/\/lattes.cnpq.br\/9968129748669015\" target=\"_blank\">Nattane Lu\u00edza da Costa<\/a><\/h4>\t\t\t\t<\/div>\n\t\t\t\t<\/div>\n\t\t\t\t<div class=\"elementor-element elementor-element-44952da elementor-widget elementor-widget-text-editor\" data-id=\"44952da\" data-element_type=\"widget\" data-e-type=\"widget\" data-widget_type=\"text-editor.default\">\n\t\t\t\t<div class=\"elementor-widget-container\">\n\t\t\t\t\t\t\t\t\t<p>Compartilhou sua hist\u00f3ria<\/p>\t\t\t\t\t\t\t\t<\/div>\n\t\t\t\t<\/div>\n\t\t\t\t\t<\/div>\n\t\t<\/div>\n\t\t\t\t<div class=\"elementor-column elementor-col-25 elementor-inner-column elementor-element elementor-element-b73197a\" data-id=\"b73197a\" data-element_type=\"column\" data-e-type=\"column\">\n\t\t\t<div class=\"elementor-widget-wrap elementor-element-populated\">\n\t\t\t\t\t\t<div class=\"elementor-element elementor-element-a2469c8 elementor-widget elementor-widget-image\" data-id=\"a2469c8\" data-element_type=\"widget\" data-e-type=\"widget\" data-widget_type=\"image.default\">\n\t\t\t\t<div class=\"elementor-widget-container\">\n\t\t\t\t\t\t\t\t\t\t\t\t\t\t\t<img loading=\"lazy\" decoding=\"async\" width=\"851\" height=\"852\" src=\"https:\/\/utfpr-ct-static-content.s3.amazonaws.com\/utfpr.curitiba.br\/wp-content\/uploads\/sites\/112\/2021\/10\/Nina-Da-Hora-Perfil.jpeg\" class=\"attachment-large size-large wp-image-1405\" alt=\"Fotografia de Nina da Hora. Ela \u00e9 vista de frente, das pernas para cima, com corpo levemente inclinado para a direita. Est\u00e1 sentada com o bra\u00e7o direito cruzado e o esquerdo com o antebra\u00e7o erguido e dedo indicador levantado e inclinado para a direita. \u00c9 uma mulher negra, est\u00e1 de olhos fechados e esbo\u00e7a um grande sorriso. Ela tem cabelos curtos no estilo black power. Usa brincos com uma argola rosa e enfeites pendurados na ponta e vestido bege estampado com desenhos de mulheres negra.\" srcset=\"https:\/\/utfpr-ct-static-content.s3.amazonaws.com\/utfpr.curitiba.br\/wp-content\/uploads\/sites\/112\/2021\/10\/Nina-Da-Hora-Perfil.jpeg 851w, https:\/\/utfpr-ct-static-content.s3.amazonaws.com\/utfpr.curitiba.br\/wp-content\/uploads\/sites\/112\/2021\/10\/Nina-Da-Hora-Perfil-300x300.jpeg 300w, https:\/\/utfpr-ct-static-content.s3.amazonaws.com\/utfpr.curitiba.br\/wp-content\/uploads\/sites\/112\/2021\/10\/Nina-Da-Hora-Perfil-150x150.jpeg 150w, https:\/\/utfpr-ct-static-content.s3.amazonaws.com\/utfpr.curitiba.br\/wp-content\/uploads\/sites\/112\/2021\/10\/Nina-Da-Hora-Perfil-768x769.jpeg 768w\" sizes=\"(max-width: 851px) 100vw, 851px\" \/>\t\t\t\t\t\t\t\t\t\t\t\t\t\t\t<\/div>\n\t\t\t\t<\/div>\n\t\t\t\t<div class=\"elementor-element elementor-element-6d8b25d elementor-widget elementor-widget-heading\" data-id=\"6d8b25d\" data-element_type=\"widget\" data-e-type=\"widget\" data-widget_type=\"heading.default\">\n\t\t\t\t<div class=\"elementor-widget-container\">\n\t\t\t\t\t<h4 class=\"elementor-heading-title elementor-size-default\"><a href=\"https:\/\/wwws.cnpq.br\/cvlattesweb\/PKG_MENU.menu?f_cod=6B2036187DAD5B4B5B6E81D1B8C36872#\" target=\"_blank\">Nina da Hora<\/a><\/h4>\t\t\t\t<\/div>\n\t\t\t\t<\/div>\n\t\t\t\t<div class=\"elementor-element elementor-element-684ba6a elementor-widget elementor-widget-text-editor\" data-id=\"684ba6a\" data-element_type=\"widget\" data-e-type=\"widget\" data-widget_type=\"text-editor.default\">\n\t\t\t\t<div class=\"elementor-widget-container\">\n\t\t\t\t\t\t\t\t\t<p>Compartilhou sua hist\u00f3ria<\/p>\t\t\t\t\t\t\t\t<\/div>\n\t\t\t\t<\/div>\n\t\t\t\t\t<\/div>\n\t\t<\/div>\n\t\t\t\t<div class=\"elementor-column elementor-col-25 elementor-inner-column elementor-element elementor-element-b3c5f56\" data-id=\"b3c5f56\" data-element_type=\"column\" data-e-type=\"column\">\n\t\t\t<div class=\"elementor-widget-wrap elementor-element-populated\">\n\t\t\t\t\t\t<div class=\"elementor-element elementor-element-7b898f4 elementor-widget elementor-widget-image\" data-id=\"7b898f4\" data-element_type=\"widget\" data-e-type=\"widget\" data-widget_type=\"image.default\">\n\t\t\t\t<div class=\"elementor-widget-container\">\n\t\t\t\t\t\t\t\t\t\t\t\t\t\t\t<img loading=\"lazy\" decoding=\"async\" width=\"1022\" height=\"1024\" src=\"https:\/\/utfpr-ct-static-content.s3.amazonaws.com\/utfpr.curitiba.br\/wp-content\/uploads\/sites\/112\/2021\/10\/PatriciaAraujodeOliveira-Perfil-1022x1024.jpg\" class=\"attachment-large size-large wp-image-1396\" alt=\"Fotografia de Patr\u00edcia, em ambiente interno. Ela \u00e9 vista de frente, do peito para cima, com cabe\u00e7a levemente inclinada para a direita. Tem cabelos castanhos, ondulados e longos. Est\u00e1 sorrindo e usa blusa preta de manga comprida.\" srcset=\"https:\/\/utfpr-ct-static-content.s3.amazonaws.com\/utfpr.curitiba.br\/wp-content\/uploads\/sites\/112\/2021\/10\/PatriciaAraujodeOliveira-Perfil-1022x1024.jpg 1022w, https:\/\/utfpr-ct-static-content.s3.amazonaws.com\/utfpr.curitiba.br\/wp-content\/uploads\/sites\/112\/2021\/10\/PatriciaAraujodeOliveira-Perfil-300x300.jpg 300w, https:\/\/utfpr-ct-static-content.s3.amazonaws.com\/utfpr.curitiba.br\/wp-content\/uploads\/sites\/112\/2021\/10\/PatriciaAraujodeOliveira-Perfil-150x150.jpg 150w, https:\/\/utfpr-ct-static-content.s3.amazonaws.com\/utfpr.curitiba.br\/wp-content\/uploads\/sites\/112\/2021\/10\/PatriciaAraujodeOliveira-Perfil-768x769.jpg 768w, https:\/\/utfpr-ct-static-content.s3.amazonaws.com\/utfpr.curitiba.br\/wp-content\/uploads\/sites\/112\/2021\/10\/PatriciaAraujodeOliveira-Perfil-1533x1536.jpg 1533w, https:\/\/utfpr-ct-static-content.s3.amazonaws.com\/utfpr.curitiba.br\/wp-content\/uploads\/sites\/112\/2021\/10\/PatriciaAraujodeOliveira-Perfil.jpg 1760w\" sizes=\"(max-width: 1022px) 100vw, 1022px\" \/>\t\t\t\t\t\t\t\t\t\t\t\t\t\t\t<\/div>\n\t\t\t\t<\/div>\n\t\t\t\t<div class=\"elementor-element elementor-element-68b5af4 elementor-widget elementor-widget-heading\" data-id=\"68b5af4\" data-element_type=\"widget\" data-e-type=\"widget\" data-widget_type=\"heading.default\">\n\t\t\t\t<div class=\"elementor-widget-container\">\n\t\t\t\t\t<h4 class=\"elementor-heading-title elementor-size-default\"><a href=\"http:\/\/lattes.cnpq.br\/5706606169826790\" target=\"_blank\">Patr\u00edcia Ara\u00fajo de Oliveira<\/a><\/h4>\t\t\t\t<\/div>\n\t\t\t\t<\/div>\n\t\t\t\t<div class=\"elementor-element elementor-element-85653d2 elementor-widget elementor-widget-text-editor\" data-id=\"85653d2\" data-element_type=\"widget\" data-e-type=\"widget\" data-widget_type=\"text-editor.default\">\n\t\t\t\t<div class=\"elementor-widget-container\">\n\t\t\t\t\t\t\t\t\t<p>Compartilhou sua hist\u00f3ria<\/p>\t\t\t\t\t\t\t\t<\/div>\n\t\t\t\t<\/div>\n\t\t\t\t\t<\/div>\n\t\t<\/div>\n\t\t\t\t<div class=\"elementor-column elementor-col-25 elementor-inner-column elementor-element elementor-element-1e520fe\" data-id=\"1e520fe\" data-element_type=\"column\" data-e-type=\"column\">\n\t\t\t<div class=\"elementor-widget-wrap elementor-element-populated\">\n\t\t\t\t\t\t<div class=\"elementor-element elementor-element-c81f94a elementor-widget elementor-widget-image\" data-id=\"c81f94a\" data-element_type=\"widget\" data-e-type=\"widget\" data-widget_type=\"image.default\">\n\t\t\t\t<div class=\"elementor-widget-container\">\n\t\t\t\t\t\t\t\t\t\t\t\t\t\t\t<img loading=\"lazy\" decoding=\"async\" width=\"985\" height=\"984\" src=\"https:\/\/utfpr-ct-static-content.s3.amazonaws.com\/utfpr.curitiba.br\/wp-content\/uploads\/sites\/112\/2021\/10\/SimoneBacellarLealFerreira-Perfil.jpg\" class=\"attachment-large size-large wp-image-1402\" alt=\"Fotografia de Simone em um espa\u00e7o aberto com gramado para pr\u00e1tica de Agility. Ela \u00e9 vista de frente, de corpo inteiro e tronco levemente inclinado para baixo. Est\u00e1 conduzindo uma cachorrinha preta a passar por um obst\u00e1culo. Simone tem pele clara e cabelos pretos. Usa camisa azul com detalhes em vermelho e amarelo, short vermelho e t\u00eanis.\" srcset=\"https:\/\/utfpr-ct-static-content.s3.amazonaws.com\/utfpr.curitiba.br\/wp-content\/uploads\/sites\/112\/2021\/10\/SimoneBacellarLealFerreira-Perfil.jpg 985w, https:\/\/utfpr-ct-static-content.s3.amazonaws.com\/utfpr.curitiba.br\/wp-content\/uploads\/sites\/112\/2021\/10\/SimoneBacellarLealFerreira-Perfil-300x300.jpg 300w, https:\/\/utfpr-ct-static-content.s3.amazonaws.com\/utfpr.curitiba.br\/wp-content\/uploads\/sites\/112\/2021\/10\/SimoneBacellarLealFerreira-Perfil-150x150.jpg 150w, https:\/\/utfpr-ct-static-content.s3.amazonaws.com\/utfpr.curitiba.br\/wp-content\/uploads\/sites\/112\/2021\/10\/SimoneBacellarLealFerreira-Perfil-768x767.jpg 768w\" sizes=\"(max-width: 985px) 100vw, 985px\" \/>\t\t\t\t\t\t\t\t\t\t\t\t\t\t\t<\/div>\n\t\t\t\t<\/div>\n\t\t\t\t<div class=\"elementor-element elementor-element-5ad5971 elementor-widget elementor-widget-heading\" data-id=\"5ad5971\" data-element_type=\"widget\" data-e-type=\"widget\" data-widget_type=\"heading.default\">\n\t\t\t\t<div class=\"elementor-widget-container\">\n\t\t\t\t\t<h4 class=\"elementor-heading-title elementor-size-default\"><a href=\"http:\/\/lattes.cnpq.br\/0926018459123736\" target=\"_blank\">Simone Bacellar Leal Ferreira<\/a><\/h4>\t\t\t\t<\/div>\n\t\t\t\t<\/div>\n\t\t\t\t<div class=\"elementor-element elementor-element-45a987a elementor-widget elementor-widget-text-editor\" data-id=\"45a987a\" data-element_type=\"widget\" data-e-type=\"widget\" data-widget_type=\"text-editor.default\">\n\t\t\t\t<div class=\"elementor-widget-container\">\n\t\t\t\t\t\t\t\t\t<p>Compartilhou sua hist\u00f3ria<\/p>\t\t\t\t\t\t\t\t<\/div>\n\t\t\t\t<\/div>\n\t\t\t\t\t<\/div>\n\t\t<\/div>\n\t\t\t\t\t<\/div>\n\t\t<\/section>\n\t\t\t\t<section class=\"elementor-section elementor-inner-section elementor-element elementor-element-411476b elementor-section-boxed elementor-section-height-default elementor-section-height-default\" data-id=\"411476b\" data-element_type=\"section\" data-e-type=\"section\">\n\t\t\t\t\t\t<div class=\"elementor-container elementor-column-gap-extended\">\n\t\t\t\t\t<div class=\"elementor-column elementor-col-25 elementor-inner-column elementor-element elementor-element-4fe6a88\" data-id=\"4fe6a88\" data-element_type=\"column\" data-e-type=\"column\">\n\t\t\t<div class=\"elementor-widget-wrap\">\n\t\t\t\t\t\t\t<\/div>\n\t\t<\/div>\n\t\t\t\t<div class=\"elementor-column elementor-col-25 elementor-inner-column elementor-element elementor-element-ecd8c3e\" data-id=\"ecd8c3e\" data-element_type=\"column\" data-e-type=\"column\">\n\t\t\t<div class=\"elementor-widget-wrap elementor-element-populated\">\n\t\t\t\t\t\t<div class=\"elementor-element elementor-element-7ae5aba elementor-widget elementor-widget-image\" data-id=\"7ae5aba\" data-element_type=\"widget\" data-e-type=\"widget\" data-widget_type=\"image.default\">\n\t\t\t\t<div class=\"elementor-widget-container\">\n\t\t\t\t\t\t\t\t\t\t\t\t\t\t\t<img loading=\"lazy\" decoding=\"async\" width=\"958\" height=\"960\" src=\"https:\/\/utfpr-ct-static-content.s3.amazonaws.com\/utfpr.curitiba.br\/wp-content\/uploads\/sites\/112\/2021\/10\/Valdenia-Perfil.jpg\" class=\"attachment-large size-large wp-image-1401\" alt=\"Fotografia de Vald\u00eania em uma praia. Ela \u00e9 vista de frente, do peito para cima e sorri. \u00c9 jovem, tem pele parda e cabelos pretos longos. Usa \u00f3culos, mochila marrom e uma camisa regata cor branca.\" srcset=\"https:\/\/utfpr-ct-static-content.s3.amazonaws.com\/utfpr.curitiba.br\/wp-content\/uploads\/sites\/112\/2021\/10\/Valdenia-Perfil.jpg 958w, https:\/\/utfpr-ct-static-content.s3.amazonaws.com\/utfpr.curitiba.br\/wp-content\/uploads\/sites\/112\/2021\/10\/Valdenia-Perfil-300x300.jpg 300w, https:\/\/utfpr-ct-static-content.s3.amazonaws.com\/utfpr.curitiba.br\/wp-content\/uploads\/sites\/112\/2021\/10\/Valdenia-Perfil-150x150.jpg 150w, https:\/\/utfpr-ct-static-content.s3.amazonaws.com\/utfpr.curitiba.br\/wp-content\/uploads\/sites\/112\/2021\/10\/Valdenia-Perfil-768x770.jpg 768w\" sizes=\"(max-width: 958px) 100vw, 958px\" \/>\t\t\t\t\t\t\t\t\t\t\t\t\t\t\t<\/div>\n\t\t\t\t<\/div>\n\t\t\t\t<div class=\"elementor-element elementor-element-4c0a21b elementor-widget elementor-widget-heading\" data-id=\"4c0a21b\" data-element_type=\"widget\" data-e-type=\"widget\" data-widget_type=\"heading.default\">\n\t\t\t\t<div class=\"elementor-widget-container\">\n\t\t\t\t\t<h4 class=\"elementor-heading-title elementor-size-default\"><a href=\"http:\/\/linkedin.com\/in\/valdenia\" target=\"_blank\">Vald\u00eania de Andrade Concei\u00e7\u00e3o<\/a><\/h4>\t\t\t\t<\/div>\n\t\t\t\t<\/div>\n\t\t\t\t<div class=\"elementor-element elementor-element-ab58713 elementor-widget elementor-widget-text-editor\" data-id=\"ab58713\" data-element_type=\"widget\" data-e-type=\"widget\" data-widget_type=\"text-editor.default\">\n\t\t\t\t<div class=\"elementor-widget-container\">\n\t\t\t\t\t\t\t\t\t<p>Compartilhou sua hist\u00f3ria<\/p>\t\t\t\t\t\t\t\t<\/div>\n\t\t\t\t<\/div>\n\t\t\t\t\t<\/div>\n\t\t<\/div>\n\t\t\t\t<div class=\"elementor-column elementor-col-25 elementor-inner-column elementor-element elementor-element-b0d5008\" data-id=\"b0d5008\" data-element_type=\"column\" data-e-type=\"column\">\n\t\t\t<div class=\"elementor-widget-wrap elementor-element-populated\">\n\t\t\t\t\t\t<div class=\"elementor-element elementor-element-a64d14a elementor-widget elementor-widget-image\" data-id=\"a64d14a\" data-element_type=\"widget\" data-e-type=\"widget\" data-widget_type=\"image.default\">\n\t\t\t\t<div class=\"elementor-widget-container\">\n\t\t\t\t\t\t\t\t\t\t\t\t\t\t\t<img loading=\"lazy\" decoding=\"async\" width=\"683\" height=\"683\" src=\"https:\/\/utfpr-ct-static-content.s3.amazonaws.com\/utfpr.curitiba.br\/wp-content\/uploads\/sites\/112\/2021\/10\/Vania-Perfil.png\" class=\"attachment-large size-large wp-image-1404\" alt=\"Fotografia de V\u00e2nia com placas de letras formando diferentes palavras na parede ao fundo. Ela \u00e9 vista da cintura para cima. Est\u00e1 sorrindo. Tem pele clara e cabelo loiro, na altura dos ombros. Usa blusa vermelha e casaco preto.\" srcset=\"https:\/\/utfpr-ct-static-content.s3.amazonaws.com\/utfpr.curitiba.br\/wp-content\/uploads\/sites\/112\/2021\/10\/Vania-Perfil.png 683w, https:\/\/utfpr-ct-static-content.s3.amazonaws.com\/utfpr.curitiba.br\/wp-content\/uploads\/sites\/112\/2021\/10\/Vania-Perfil-300x300.png 300w, https:\/\/utfpr-ct-static-content.s3.amazonaws.com\/utfpr.curitiba.br\/wp-content\/uploads\/sites\/112\/2021\/10\/Vania-Perfil-150x150.png 150w\" sizes=\"(max-width: 683px) 100vw, 683px\" \/>\t\t\t\t\t\t\t\t\t\t\t\t\t\t\t<\/div>\n\t\t\t\t<\/div>\n\t\t\t\t<div class=\"elementor-element elementor-element-f39537c elementor-widget elementor-widget-heading\" data-id=\"f39537c\" data-element_type=\"widget\" data-e-type=\"widget\" data-widget_type=\"heading.default\">\n\t\t\t\t<div class=\"elementor-widget-container\">\n\t\t\t\t\t<h4 class=\"elementor-heading-title elementor-size-default\"><a href=\"http:\/\/linkedin.com\/in\/v%C3%A2nia-thaumaturgo-65626a1\" target=\"_blank\">Vania Thaumaturgo Siqueira Capela<\/a><\/h4>\t\t\t\t<\/div>\n\t\t\t\t<\/div>\n\t\t\t\t<div class=\"elementor-element elementor-element-220e30e elementor-widget elementor-widget-text-editor\" data-id=\"220e30e\" data-element_type=\"widget\" data-e-type=\"widget\" data-widget_type=\"text-editor.default\">\n\t\t\t\t<div class=\"elementor-widget-container\">\n\t\t\t\t\t\t\t\t\t<p>Compartilhou sua hist\u00f3ria<\/p>\t\t\t\t\t\t\t\t<\/div>\n\t\t\t\t<\/div>\n\t\t\t\t\t<\/div>\n\t\t<\/div>\n\t\t\t\t<div class=\"elementor-column elementor-col-25 elementor-inner-column elementor-element elementor-element-3f0a7ea\" data-id=\"3f0a7ea\" data-element_type=\"column\" data-e-type=\"column\">\n\t\t\t<div class=\"elementor-widget-wrap\">\n\t\t\t\t\t\t\t<\/div>\n\t\t<\/div>\n\t\t\t\t\t<\/div>\n\t\t<\/section>\n\t\t\t\t\t<\/div>\n\t\t<\/div>\n\t\t\t\t\t<\/div>\n\t\t<\/section>\n\t\t\t\t<section class=\"elementor-section elementor-top-section elementor-element elementor-element-b82024b elementor-section-content-middle elementor-section-boxed elementor-section-height-default elementor-section-height-default\" data-id=\"b82024b\" data-element_type=\"section\" data-e-type=\"section\" data-settings=\"{&quot;background_background&quot;:&quot;classic&quot;}\">\n\t\t\t\t\t\t<div class=\"elementor-container elementor-column-gap-default\">\n\t\t\t\t\t<div class=\"elementor-column elementor-col-50 elementor-top-column elementor-element elementor-element-b4d487a\" data-id=\"b4d487a\" data-element_type=\"column\" data-e-type=\"column\">\n\t\t\t<div class=\"elementor-widget-wrap elementor-element-populated\">\n\t\t\t\t\t\t<div class=\"elementor-element elementor-element-21e7745 elementor-widget elementor-widget-image\" data-id=\"21e7745\" data-element_type=\"widget\" data-e-type=\"widget\" data-widget_type=\"image.default\">\n\t\t\t\t<div class=\"elementor-widget-container\">\n\t\t\t\t\t\t\t\t\t\t\t\t\t\t\t<img loading=\"lazy\" decoding=\"async\" width=\"768\" height=\"769\" src=\"https:\/\/utfpr-ct-static-content.s3.amazonaws.com\/utfpr.curitiba.br\/wp-content\/uploads\/sites\/112\/2021\/09\/Logo-Nosso-Verde-2-768x769.png\" class=\"attachment-medium_large size-medium_large wp-image-35\" alt=\"Logo do T I Chers.\" srcset=\"https:\/\/utfpr-ct-static-content.s3.amazonaws.com\/utfpr.curitiba.br\/wp-content\/uploads\/sites\/112\/2021\/09\/Logo-Nosso-Verde-2-768x769.png 768w, https:\/\/utfpr-ct-static-content.s3.amazonaws.com\/utfpr.curitiba.br\/wp-content\/uploads\/sites\/112\/2021\/09\/Logo-Nosso-Verde-2-300x300.png 300w, https:\/\/utfpr-ct-static-content.s3.amazonaws.com\/utfpr.curitiba.br\/wp-content\/uploads\/sites\/112\/2021\/09\/Logo-Nosso-Verde-2-150x150.png 150w, https:\/\/utfpr-ct-static-content.s3.amazonaws.com\/utfpr.curitiba.br\/wp-content\/uploads\/sites\/112\/2021\/09\/elementor\/thumbs\/Logo-Nosso-Verde-2-pz604nydgt96zkr2bm853c7ovu7zibjqeelngxc31u.png 5w, https:\/\/utfpr-ct-static-content.s3.amazonaws.com\/utfpr.curitiba.br\/wp-content\/uploads\/sites\/112\/2021\/09\/Logo-Nosso-Verde-2.png 959w\" sizes=\"(max-width: 768px) 100vw, 768px\" \/>\t\t\t\t\t\t\t\t\t\t\t\t\t\t\t<\/div>\n\t\t\t\t<\/div>\n\t\t\t\t\t<\/div>\n\t\t<\/div>\n\t\t\t\t<div class=\"elementor-column elementor-col-50 elementor-top-column elementor-element elementor-element-3baba95\" data-id=\"3baba95\" data-element_type=\"column\" data-e-type=\"column\">\n\t\t\t<div class=\"elementor-widget-wrap elementor-element-populated\">\n\t\t\t\t\t\t<div class=\"elementor-element elementor-element-fe14efc elementor-widget elementor-widget-heading\" data-id=\"fe14efc\" data-element_type=\"widget\" data-e-type=\"widget\" data-widget_type=\"heading.default\">\n\t\t\t\t<div class=\"elementor-widget-container\">\n\t\t\t\t\t<h4 class=\"elementor-heading-title elementor-size-default\">Organizadores<\/h4>\t\t\t\t<\/div>\n\t\t\t\t<\/div>\n\t\t\t\t<div class=\"elementor-element elementor-element-58be8b3 elementor-widget elementor-widget-text-editor\" data-id=\"58be8b3\" data-element_type=\"widget\" data-e-type=\"widget\" data-widget_type=\"text-editor.default\">\n\t\t\t\t<div class=\"elementor-widget-container\">\n\t\t\t\t\t\t\t\t\t<p>Este ebook \u00e9 uma iniciativa do TIChers.<\/p><p>Escrito por Bruna Oenning e S\u00edlvia Am\u00e9lia Bim, com ilustra\u00e7\u00f5es de Lara Santos<\/p>\t\t\t\t\t\t\t\t<\/div>\n\t\t\t\t<\/div>\n\t\t\t\t\t<\/div>\n\t\t<\/div>\n\t\t\t\t\t<\/div>\n\t\t<\/section>\n\t\t\t\t<section class=\"elementor-section elementor-top-section elementor-element elementor-element-1a5e50fc elementor-section-boxed elementor-section-height-default elementor-section-height-default\" data-id=\"1a5e50fc\" data-element_type=\"section\" data-e-type=\"section\" id=\"sponsors\">\n\t\t\t\t\t\t<div class=\"elementor-container elementor-column-gap-default\">\n\t\t\t\t\t<div class=\"elementor-column elementor-col-100 elementor-top-column elementor-element elementor-element-3ad1d71a\" data-id=\"3ad1d71a\" data-element_type=\"column\" data-e-type=\"column\">\n\t\t\t<div class=\"elementor-widget-wrap elementor-element-populated\">\n\t\t\t\t\t\t<div class=\"elementor-element elementor-element-29261484 elementor-widget__width-initial elementor-widget-mobile__width-inherit elementor-widget elementor-widget-heading\" data-id=\"29261484\" data-element_type=\"widget\" data-e-type=\"widget\" data-widget_type=\"heading.default\">\n\t\t\t\t<div class=\"elementor-widget-container\">\n\t\t\t\t\t<h4 class=\"elementor-heading-title elementor-size-default\">Parcerias<\/h4>\t\t\t\t<\/div>\n\t\t\t\t<\/div>\n\t\t\t\t<div class=\"elementor-element elementor-element-6ba7aa53 elementor-widget__width-initial elementor-widget-mobile__width-inherit elementor-widget elementor-widget-text-editor\" data-id=\"6ba7aa53\" data-element_type=\"widget\" data-e-type=\"widget\" data-widget_type=\"text-editor.default\">\n\t\t\t\t<div class=\"elementor-widget-container\">\n\t\t\t\t\t\t\t\t\t<p>Apoio cultural da Universidade Tecnol\u00f3gica Federal do Paran\u00e1 campus Curitiba (UTFPR), Pr\u00f3-reitora de Rela\u00e7\u00f5es Empresariais e Comunit\u00e1rias, Diretoria de Extens\u00e3o, Comiss\u00e3o Central de Cultura e Programa de Bolsas de Incentivo \u00e0 Produ\u00e7\u00e3o Art\u00edstica e Cultural (BIPAC).<\/p>\t\t\t\t\t\t\t\t<\/div>\n\t\t\t\t<\/div>\n\t\t\t\t<section class=\"elementor-section elementor-inner-section elementor-element elementor-element-623794b elementor-section-boxed elementor-section-height-default elementor-section-height-default\" data-id=\"623794b\" data-element_type=\"section\" data-e-type=\"section\">\n\t\t\t\t\t\t<div class=\"elementor-container elementor-column-gap-default\">\n\t\t\t\t\t<div class=\"elementor-column elementor-col-33 elementor-inner-column elementor-element elementor-element-d6e780b\" data-id=\"d6e780b\" data-element_type=\"column\" data-e-type=\"column\">\n\t\t\t<div class=\"elementor-widget-wrap\">\n\t\t\t\t\t\t\t<\/div>\n\t\t<\/div>\n\t\t\t\t<div class=\"elementor-column elementor-col-33 elementor-inner-column elementor-element elementor-element-5981cf0\" data-id=\"5981cf0\" data-element_type=\"column\" data-e-type=\"column\">\n\t\t\t<div class=\"elementor-widget-wrap elementor-element-populated\">\n\t\t\t\t\t\t<div class=\"elementor-element elementor-element-642a1773 gallery-spacing-custom elementor-widget elementor-widget-image-gallery\" data-id=\"642a1773\" data-element_type=\"widget\" data-e-type=\"widget\" data-widget_type=\"image-gallery.default\">\n\t\t\t\t<div class=\"elementor-widget-container\">\n\t\t\t\t\t\t\t<div class=\"elementor-image-gallery\">\n\t\t\t<div id='gallery-1' class='gallery galleryid-1394 gallery-columns-1 gallery-size-medium'><figure class='gallery-item'>\n\t\t\t<div class='gallery-icon landscape'>\n\t\t\t\t<img loading=\"lazy\" decoding=\"async\" width=\"300\" height=\"119\" src=\"https:\/\/utfpr-ct-static-content.s3.amazonaws.com\/utfpr.curitiba.br\/wp-content\/uploads\/sites\/112\/2021\/10\/image-300x119.png\" class=\"attachment-medium size-medium\" alt=\"Logo Universidade Tecnol\u00f3gica Federal do Paran\u00e1.\" aria-describedby=\"gallery-1-1255\" srcset=\"https:\/\/utfpr-ct-static-content.s3.amazonaws.com\/utfpr.curitiba.br\/wp-content\/uploads\/sites\/112\/2021\/10\/image-300x119.png 300w, https:\/\/utfpr-ct-static-content.s3.amazonaws.com\/utfpr.curitiba.br\/wp-content\/uploads\/sites\/112\/2021\/10\/image.png 768w\" sizes=\"(max-width: 300px) 100vw, 300px\" \/>\n\t\t\t<\/div>\n\t\t\t\t<figcaption class='wp-caption-text gallery-caption' id='gallery-1-1255'>\n\t\t\t\tUniversidade Tecnol\u00f3gica Federal do Paran\u00e1\n\t\t\t\t<\/figcaption><\/figure>\n\t\t<\/div>\n\t\t<\/div>\n\t\t\t\t\t\t<\/div>\n\t\t\t\t<\/div>\n\t\t\t\t\t<\/div>\n\t\t<\/div>\n\t\t\t\t<div class=\"elementor-column elementor-col-33 elementor-inner-column elementor-element elementor-element-10a2c74\" data-id=\"10a2c74\" data-element_type=\"column\" data-e-type=\"column\">\n\t\t\t<div class=\"elementor-widget-wrap\">\n\t\t\t\t\t\t\t<\/div>\n\t\t<\/div>\n\t\t\t\t\t<\/div>\n\t\t<\/section>\n\t\t\t\t\t<\/div>\n\t\t<\/div>\n\t\t\t\t\t<\/div>\n\t\t<\/section>\n\t\t\t\t<\/div>\n\t\t","protected":false},"excerpt":{"rendered":"<p>Caminhos na Computa\u00e7\u00e3o &#8211; hist\u00f3rias de mulheres inspiradoras SETEMBRO 2021 Sobre o Ebook A ideia de produzir este ebook \u00e9 contar as hist\u00f3rias de mulheres que atuam na Computa\u00e7\u00e3o, buscando desconstruir os estere\u00f3tipos estabelecidos de forma equivocada e ainda muito presentes no cotidiano dessas profissionais. \u00a0Tamb\u00e9m, mostrar exemplos de inspira\u00e7\u00e3o e diversidade que podem ser [&hellip;]<\/p>\n","protected":false},"author":3,"featured_media":0,"comment_status":"open","ping_status":"open","sticky":false,"template":"","format":"standard","meta":{"site-sidebar-layout":"default","site-content-layout":"default","ast-site-content-layout":"default","site-content-style":"default","site-sidebar-style":"default","ast-global-header-display":"","ast-banner-title-visibility":"","ast-main-header-display":"","ast-hfb-above-header-display":"","ast-hfb-below-header-display":"","ast-hfb-mobile-header-display":"","site-post-title":"","ast-breadcrumbs-content":"","ast-featured-img":"","footer-sml-layout":"","ast-disable-related-posts":"","theme-transparent-header-meta":"default","adv-header-id-meta":"","stick-header-meta":"","header-above-stick-meta":"","header-main-stick-meta":"","header-below-stick-meta":"","astra-migrate-meta-layouts":"default","ast-page-background-enabled":"default","ast-page-background-meta":{"desktop":{"background-color":"","background-image":"","background-repeat":"repeat","background-position":"center center","background-size":"auto","background-attachment":"scroll","background-type":"","background-media":"","overlay-type":"","overlay-color":"","overlay-opacity":"","overlay-gradient":""},"tablet":{"background-color":"","background-image":"","background-repeat":"repeat","background-position":"center center","background-size":"auto","background-attachment":"scroll","background-type":"","background-media":"","overlay-type":"","overlay-color":"","overlay-opacity":"","overlay-gradient":""},"mobile":{"background-color":"","background-image":"","background-repeat":"repeat","background-position":"center center","background-size":"auto","background-attachment":"scroll","background-type":"","background-media":"","overlay-type":"","overlay-color":"","overlay-opacity":"","overlay-gradient":""}},"ast-content-background-meta":{"desktop":{"background-color":"var(--ast-global-color-5)","background-image":"","background-repeat":"repeat","background-position":"center center","background-size":"auto","background-attachment":"scroll","background-type":"","background-media":"","overlay-type":"","overlay-color":"","overlay-opacity":"","overlay-gradient":""},"tablet":{"background-color":"var(--ast-global-color-5)","background-image":"","background-repeat":"repeat","background-position":"center center","background-size":"auto","background-attachment":"scroll","background-type":"","background-media":"","overlay-type":"","overlay-color":"","overlay-opacity":"","overlay-gradient":""},"mobile":{"background-color":"var(--ast-global-color-5)","background-image":"","background-repeat":"repeat","background-position":"center center","background-size":"auto","background-attachment":"scroll","background-type":"","background-media":"","overlay-type":"","overlay-color":"","overlay-opacity":"","overlay-gradient":""}},"footnotes":""},"categories":[11],"tags":[],"class_list":["post-1394","post","type-post","status-publish","format-standard","hentry","category-ebook"],"_links":{"self":[{"href":"https:\/\/utfpr.curitiba.br\/tichers\/wp-json\/wp\/v2\/posts\/1394","targetHints":{"allow":["GET"]}}],"collection":[{"href":"https:\/\/utfpr.curitiba.br\/tichers\/wp-json\/wp\/v2\/posts"}],"about":[{"href":"https:\/\/utfpr.curitiba.br\/tichers\/wp-json\/wp\/v2\/types\/post"}],"author":[{"embeddable":true,"href":"https:\/\/utfpr.curitiba.br\/tichers\/wp-json\/wp\/v2\/users\/3"}],"replies":[{"embeddable":true,"href":"https:\/\/utfpr.curitiba.br\/tichers\/wp-json\/wp\/v2\/comments?post=1394"}],"version-history":[{"count":40,"href":"https:\/\/utfpr.curitiba.br\/tichers\/wp-json\/wp\/v2\/posts\/1394\/revisions"}],"predecessor-version":[{"id":1860,"href":"https:\/\/utfpr.curitiba.br\/tichers\/wp-json\/wp\/v2\/posts\/1394\/revisions\/1860"}],"wp:attachment":[{"href":"https:\/\/utfpr.curitiba.br\/tichers\/wp-json\/wp\/v2\/media?parent=1394"}],"wp:term":[{"taxonomy":"category","embeddable":true,"href":"https:\/\/utfpr.curitiba.br\/tichers\/wp-json\/wp\/v2\/categories?post=1394"},{"taxonomy":"post_tag","embeddable":true,"href":"https:\/\/utfpr.curitiba.br\/tichers\/wp-json\/wp\/v2\/tags?post=1394"}],"curies":[{"name":"wp","href":"https:\/\/api.w.org\/{rel}","templated":true}]}}