{"id":189,"date":"2012-05-25T14:08:56","date_gmt":"2012-05-25T14:08:56","guid":{"rendered":"http:\/\/rle.dainf.ct.utfpr.edu.br\/?p=189"},"modified":"2021-04-14T09:42:35","modified_gmt":"2021-04-14T12:42:35","slug":"cardapio-r-u-maio-2012","status":"publish","type":"post","link":"https:\/\/utfpr.curitiba.br\/rle\/cardapio-r-u-maio-2012\/","title":{"rendered":"Card\u00e1pio R.U. &#8211; Maio 2012"},"content":{"rendered":"<p>Para aqueles que possuem o dom da pregui\u00e7a e preferem n\u00e3o caminhar at\u00e9 o R.U. para ver o card\u00e1pio, inauguramos este post que trar\u00e1, sempre que poss\u00edvel, o card\u00e1pio quinzenal do nosso querido restaurante universit\u00e1rio.<\/p>\n<p>&nbsp;<\/p>\n<p style=\"text-align: center\"><a title=\"Card\u00e1pio RU - Segunda Quinzena de Maio - 2012\" href=\"http:\/\/utfpr-ct-static-content.s3.amazonaws.com\/utfpr.curitiba.br\/wp-content\/uploads\/sites\/141\/2012\/05\/ru_quinzena_02-maio2012.pdf\" target=\"_blank\" rel=\"noopener\">Card\u00e1pio RU &#8211; Segunda Quinzena de Maio &#8211; 2012<\/a><\/p>\n","protected":false},"excerpt":{"rendered":"<p>Para aqueles que possuem o dom da pregui\u00e7a e preferem n\u00e3o caminhar at\u00e9 o R.U. para ver o card\u00e1pio, inauguramos este post que trar\u00e1, sempre que poss\u00edvel, o card\u00e1pio quinzenal do nosso querido restaurante universit\u00e1rio. &nbsp; Card\u00e1pio RU &#8211; Segunda Quinzena de Maio &#8211; 2012<\/p>\n","protected":false},"author":2,"featured_media":0,"comment_status":"closed","ping_status":"open","sticky":false,"template":"","format":"standard","meta":{"footnotes":""},"categories":[1],"tags":[],"class_list":["post-189","post","type-post","status-publish","format-standard","hentry","category-gastronomia"],"_links":{"self":[{"href":"https:\/\/utfpr.curitiba.br\/rle\/wp-json\/wp\/v2\/posts\/189","targetHints":{"allow":["GET"]}}],"collection":[{"href":"https:\/\/utfpr.curitiba.br\/rle\/wp-json\/wp\/v2\/posts"}],"about":[{"href":"https:\/\/utfpr.curitiba.br\/rle\/wp-json\/wp\/v2\/types\/post"}],"author":[{"embeddable":true,"href":"https:\/\/utfpr.curitiba.br\/rle\/wp-json\/wp\/v2\/users\/2"}],"replies":[{"embeddable":true,"href":"https:\/\/utfpr.curitiba.br\/rle\/wp-json\/wp\/v2\/comments?post=189"}],"version-history":[{"count":4,"href":"https:\/\/utfpr.curitiba.br\/rle\/wp-json\/wp\/v2\/posts\/189\/revisions"}],"predecessor-version":[{"id":391,"href":"https:\/\/utfpr.curitiba.br\/rle\/wp-json\/wp\/v2\/posts\/189\/revisions\/391"}],"wp:attachment":[{"href":"https:\/\/utfpr.curitiba.br\/rle\/wp-json\/wp\/v2\/media?parent=189"}],"wp:term":[{"taxonomy":"category","embeddable":true,"href":"https:\/\/utfpr.curitiba.br\/rle\/wp-json\/wp\/v2\/categories?post=189"},{"taxonomy":"post_tag","embeddable":true,"href":"https:\/\/utfpr.curitiba.br\/rle\/wp-json\/wp\/v2\/tags?post=189"}],"curies":[{"name":"wp","href":"https:\/\/api.w.org\/{rel}","templated":true}]}}