{"id":775,"date":"2023-03-30T15:46:54","date_gmt":"2023-03-30T18:46:54","guid":{"rendered":"https:\/\/utfpr.curitiba.br\/projetoestimulo\/?p=775"},"modified":"2025-03-10T11:41:09","modified_gmt":"2025-03-10T14:41:09","slug":"descubra-personalidades-femininas-que-possuem-doencas-raras","status":"publish","type":"post","link":"https:\/\/utfpr.curitiba.br\/projetoestimulo\/?p=775","title":{"rendered":"Descubra personalidades femininas que possuem doen\u00e7as raras"},"content":{"rendered":"\n<p>Por Eduardo Falce<\/p>\n\n\n\n<p><strong>Alexandra Szafir<\/strong> (1966 &#8211; 2016)<\/p>\n\n\n\n<figure class=\"wp-block-image size-full is-resized\"><img fetchpriority=\"high\" decoding=\"async\" src=\"https:\/\/utfpr-ct-static-content.s3.amazonaws.com\/utfpr.curitiba.br\/wp-content\/uploads\/sites\/105\/2023\/03\/image-1.png\" alt=\"\" class=\"wp-image-777\" width=\"410\" height=\"257\" srcset=\"https:\/\/utfpr-ct-static-content.s3.amazonaws.com\/utfpr.curitiba.br\/wp-content\/uploads\/sites\/105\/2023\/03\/image-1.png 611w, https:\/\/utfpr-ct-static-content.s3.amazonaws.com\/utfpr.curitiba.br\/wp-content\/uploads\/sites\/105\/2023\/03\/image-1-300x188.png 300w, https:\/\/utfpr-ct-static-content.s3.amazonaws.com\/utfpr.curitiba.br\/wp-content\/uploads\/sites\/105\/2023\/03\/image-1-520x326.png 520w, https:\/\/utfpr-ct-static-content.s3.amazonaws.com\/utfpr.curitiba.br\/wp-content\/uploads\/sites\/105\/2023\/03\/image-1-360x226.png 360w, https:\/\/utfpr-ct-static-content.s3.amazonaws.com\/utfpr.curitiba.br\/wp-content\/uploads\/sites\/105\/2023\/03\/image-1-250x157.png 250w, https:\/\/utfpr-ct-static-content.s3.amazonaws.com\/utfpr.curitiba.br\/wp-content\/uploads\/sites\/105\/2023\/03\/image-1-100x63.png 100w\" sizes=\"(max-width: 410px) 100vw, 410px\" \/><\/figure>\n\n\n\n<p>A advogada criminalista Alexandra Szafir foi diagnosticada com ELA (Esclerose Lateral Amiotr\u00f3fica) no ano de 2005, mas esse acontecimento n\u00e3o foi suficiente para abalar sua motiva\u00e7\u00e3o e ideais. Apesar de sua condi\u00e7\u00e3o adversa, Alexandra persistiu em sua luta pelos direitos humanos, direito \u00e0 ampla defesa e direito a um julgamento justo at\u00e9 seu falecimento no m\u00eas de novembro de 2016.<\/p>\n\n\n\n<p><strong>Ana Beatriz Nogueira<\/strong> (1967 \u2013 presente)<\/p>\n\n\n\n<figure class=\"wp-block-image size-full is-resized\"><img decoding=\"async\" src=\"https:\/\/utfpr-ct-static-content.s3.amazonaws.com\/utfpr.curitiba.br\/wp-content\/uploads\/sites\/105\/2023\/03\/image.png\" alt=\"\" class=\"wp-image-776\" width=\"408\" height=\"331\" srcset=\"https:\/\/utfpr-ct-static-content.s3.amazonaws.com\/utfpr.curitiba.br\/wp-content\/uploads\/sites\/105\/2023\/03\/image.png 575w, https:\/\/utfpr-ct-static-content.s3.amazonaws.com\/utfpr.curitiba.br\/wp-content\/uploads\/sites\/105\/2023\/03\/image-300x243.png 300w, https:\/\/utfpr-ct-static-content.s3.amazonaws.com\/utfpr.curitiba.br\/wp-content\/uploads\/sites\/105\/2023\/03\/image-520x421.png 520w, https:\/\/utfpr-ct-static-content.s3.amazonaws.com\/utfpr.curitiba.br\/wp-content\/uploads\/sites\/105\/2023\/03\/image-360x292.png 360w, https:\/\/utfpr-ct-static-content.s3.amazonaws.com\/utfpr.curitiba.br\/wp-content\/uploads\/sites\/105\/2023\/03\/image-250x203.png 250w, https:\/\/utfpr-ct-static-content.s3.amazonaws.com\/utfpr.curitiba.br\/wp-content\/uploads\/sites\/105\/2023\/03\/image-100x81.png 100w\" sizes=\"(max-width: 408px) 100vw, 408px\" \/><\/figure>\n\n\n\n<p>Conhecida por seus trabalhos ic\u00f4nicos nas novelas \u201cRei do Gado\u201d, \u201cCaminho das \u00cdndias\u201d e \u201cMalha\u00e7\u00e3o: Vidas Brasileiras\u201d, a renomada atriz Ana Beatriz Nogueira relatou em entrevistas que recebeu com grande preocupa\u00e7\u00e3o seu diagn\u00f3stico de Esclerose M\u00faltipla em 2009. Apesar das dificuldades inerentes \u00e0 doen\u00e7a, os tratamentos garantem at\u00e9 os dias de hoje uma boa qualidade de vida para a referida atriz da Globo. Assim, mesmo sendo portadora de uma doen\u00e7a neurodegenerativa, o esfor\u00e7o e dedica\u00e7\u00e3o de Ana Beatriz permitem que ela continue trabalhando em alto n\u00edvel como uma refer\u00eancia no cen\u00e1rio de artes c\u00eanicas nacional.<\/p>\n\n\n\n<p><strong>\u00c1gatha Oliveira Giacomelli<\/strong><\/p>\n\n\n\n<p>\u00c1gatha Oliveira Giacomelli, p\u00f3s-doutoranda pelo Laborat\u00f3rio de Neuroci\u00eancias do Instituto de Qu\u00edmica da USP, \u00e9 uma pesquisadora bastante referenciada em seu ramo acad\u00eamico e possui v\u00e1rios artigos relativos \u00e0 Neuro degenera\u00e7\u00e3o, especialmente sobre a Doen\u00e7a de Parkinson. Seus estudos foram reconhecidos internacionalmente por neurocientistas e, inclusive, alguns deles foram publicados pela renomada revista cient\u00edfica <em>Nature<\/em>.<\/p>\n","protected":false},"excerpt":{"rendered":"<p>Por Eduardo Falce Alexandra Szafir (1966 &#8211; 2016) A advogada criminalista Alexandra Szafir foi diagnosticada com ELA (Esclerose Lateral Amiotr\u00f3fica) no ano de 2005, mas esse acontecimento n\u00e3o foi suficiente para abalar sua motiva\u00e7\u00e3o e ideais. Apesar de sua condi\u00e7\u00e3o [&hellip;]<\/p>\n","protected":false},"author":182,"featured_media":0,"comment_status":"open","ping_status":"open","sticky":false,"template":"","format":"standard","meta":{"footnotes":""},"categories":[10,19],"tags":[],"class_list":["post-775","post","type-post","status-publish","format-standard","hentry","category-noticias","category-pesquisas","clearfix"],"_links":{"self":[{"href":"https:\/\/utfpr.curitiba.br\/projetoestimulo\/index.php?rest_route=\/wp\/v2\/posts\/775","targetHints":{"allow":["GET"]}}],"collection":[{"href":"https:\/\/utfpr.curitiba.br\/projetoestimulo\/index.php?rest_route=\/wp\/v2\/posts"}],"about":[{"href":"https:\/\/utfpr.curitiba.br\/projetoestimulo\/index.php?rest_route=\/wp\/v2\/types\/post"}],"author":[{"embeddable":true,"href":"https:\/\/utfpr.curitiba.br\/projetoestimulo\/index.php?rest_route=\/wp\/v2\/users\/182"}],"replies":[{"embeddable":true,"href":"https:\/\/utfpr.curitiba.br\/projetoestimulo\/index.php?rest_route=%2Fwp%2Fv2%2Fcomments&post=775"}],"version-history":[{"count":2,"href":"https:\/\/utfpr.curitiba.br\/projetoestimulo\/index.php?rest_route=\/wp\/v2\/posts\/775\/revisions"}],"predecessor-version":[{"id":1557,"href":"https:\/\/utfpr.curitiba.br\/projetoestimulo\/index.php?rest_route=\/wp\/v2\/posts\/775\/revisions\/1557"}],"wp:attachment":[{"href":"https:\/\/utfpr.curitiba.br\/projetoestimulo\/index.php?rest_route=%2Fwp%2Fv2%2Fmedia&parent=775"}],"wp:term":[{"taxonomy":"category","embeddable":true,"href":"https:\/\/utfpr.curitiba.br\/projetoestimulo\/index.php?rest_route=%2Fwp%2Fv2%2Fcategories&post=775"},{"taxonomy":"post_tag","embeddable":true,"href":"https:\/\/utfpr.curitiba.br\/projetoestimulo\/index.php?rest_route=%2Fwp%2Fv2%2Ftags&post=775"}],"curies":[{"name":"wp","href":"https:\/\/api.w.org\/{rel}","templated":true}]}}