{"id":390,"date":"2022-04-24T10:00:00","date_gmt":"2022-04-24T13:00:00","guid":{"rendered":"https:\/\/projetoestimulo.ct.utfpr.edu.br\/?p=390"},"modified":"2022-05-12T14:42:03","modified_gmt":"2022-05-12T17:42:03","slug":"mes-da-tulipa-vermelha","status":"publish","type":"post","link":"https:\/\/utfpr.curitiba.br\/projetoestimulo\/?p=390","title":{"rendered":"M\u00eas da Tulipa Vermelha"},"content":{"rendered":"\n<h2 class=\"wp-block-heading\"><strong>Abril \u00e9 o m\u00eas de conscientiza\u00e7\u00e3o sobre a Doen\u00e7a de Parkinson<\/strong><\/h2>\n\n\n\n<p><strong>11 de abril, Dia Mundial de Conscientiza\u00e7\u00e3o da Doen\u00e7a de Parkinson,<\/strong> foi estabelecido pela Organiza\u00e7\u00e3o Mundial de Sa\u00fade, em 1998. O tema \u00e9 amplamente debatido durante todo o m\u00eas, o chamado \u201c<strong>M\u00eas da Tulipa Vermelha<\/strong>\u201d. A data foi criada com a finalidade de promover a conscientiza\u00e7\u00e3o p\u00fablica, alertar sobre os sintomas e enfatizar que a busca pelo tratamento no tempo adequado pode fazer toda a diferen\u00e7a na qualidade de vida de uma pessoa com Parkinson.<\/p>\n\n\n\n<p>James Parkinson, m\u00e9dico ingl\u00eas que descreveu a doen\u00e7a pela primeira vez em 1817, na \u00e9poca chamada de<strong> \u201cparalisia agitante\u201d.<\/strong> Por\u00e9m, somente 50 anos depois, a doen\u00e7a recebeu o nome de Doen\u00e7a de Parkinson ap\u00f3s novas investiga\u00e7\u00f5es feitas pelo pesquisador Jean-Martin Charcot.&nbsp;<\/p>\n\n\n\n<figure class=\"wp-block-image size-large\"><img fetchpriority=\"high\" decoding=\"async\" width=\"2048\" height=\"1596\" src=\"https:\/\/utfpr-ct-static-content.s3.amazonaws.com\/utfpr.curitiba.br\/wp-content\/uploads\/sites\/105\/2022\/04\/beautiful-bouquet-of-tulips-in-spring-season-2048x1596.jpg\" alt=\"\" class=\"wp-image-404\" srcset=\"https:\/\/utfpr-ct-static-content.s3.amazonaws.com\/utfpr.curitiba.br\/wp-content\/uploads\/sites\/105\/2022\/04\/beautiful-bouquet-of-tulips-in-spring-season-2048x1596.jpg 2048w, https:\/\/utfpr-ct-static-content.s3.amazonaws.com\/utfpr.curitiba.br\/wp-content\/uploads\/sites\/105\/2022\/04\/beautiful-bouquet-of-tulips-in-spring-season-300x234.jpg 300w, https:\/\/utfpr-ct-static-content.s3.amazonaws.com\/utfpr.curitiba.br\/wp-content\/uploads\/sites\/105\/2022\/04\/beautiful-bouquet-of-tulips-in-spring-season-768x598.jpg 768w, https:\/\/utfpr-ct-static-content.s3.amazonaws.com\/utfpr.curitiba.br\/wp-content\/uploads\/sites\/105\/2022\/04\/beautiful-bouquet-of-tulips-in-spring-season-1536x1197.jpg 1536w, https:\/\/utfpr-ct-static-content.s3.amazonaws.com\/utfpr.curitiba.br\/wp-content\/uploads\/sites\/105\/2022\/04\/beautiful-bouquet-of-tulips-in-spring-season-700x545.jpg 700w, https:\/\/utfpr-ct-static-content.s3.amazonaws.com\/utfpr.curitiba.br\/wp-content\/uploads\/sites\/105\/2022\/04\/beautiful-bouquet-of-tulips-in-spring-season-520x405.jpg 520w, https:\/\/utfpr-ct-static-content.s3.amazonaws.com\/utfpr.curitiba.br\/wp-content\/uploads\/sites\/105\/2022\/04\/beautiful-bouquet-of-tulips-in-spring-season-360x280.jpg 360w, https:\/\/utfpr-ct-static-content.s3.amazonaws.com\/utfpr.curitiba.br\/wp-content\/uploads\/sites\/105\/2022\/04\/beautiful-bouquet-of-tulips-in-spring-season-250x195.jpg 250w, https:\/\/utfpr-ct-static-content.s3.amazonaws.com\/utfpr.curitiba.br\/wp-content\/uploads\/sites\/105\/2022\/04\/beautiful-bouquet-of-tulips-in-spring-season-100x78.jpg 100w\" sizes=\"(max-width: 2048px) 100vw, 2048px\" \/><\/figure>\n\n\n\n<p>Descoberta h\u00e1 201 anos, a Doen\u00e7a de Parkinson \u00e9 a <strong>segunda patologia degenerativa, cr\u00f4nica e progressiva do sistema nervoso central mais frequente no mundo,<\/strong> atr\u00e1s apenas da Doen\u00e7a de Alzheimer. Acontece pela degenera\u00e7\u00e3o das c\u00e9lulas situadas numa regi\u00e3o do c\u00e9rebro chamada subst\u00e2ncia negra. Essas c\u00e9lulas produzem uma subst\u00e2ncia chamada dopamina, que conduz as correntes nervosas (neurotransmissores) ao corpo.&nbsp;<\/p>\n\n\n\n<p>A <strong>dopamina ajuda na realiza\u00e7\u00e3o dos movimentos volunt\u00e1rios do corpo de forma autom\u00e1tica<\/strong>, gra\u00e7as \u00e0 presen\u00e7a dessa subst\u00e2ncia em nossos c\u00e9rebros. <strong>Na falta dela, o controle motor do indiv\u00edduo \u00e9 perdido<\/strong>, ocasionando sinais e sintomas caracter\u00edsticos como: lentid\u00e3o de movimentos, tremor, rigidez muscular, altera\u00e7\u00f5es posturais, al\u00e9m de altera\u00e7\u00f5es na fala e na escrita.&nbsp; Al\u00e9m disso, h\u00e1 tamb\u00e9m outros sintomas n\u00e3o motores, como a diminui\u00e7\u00e3o do olfato, dist\u00farbios do sono, altera\u00e7\u00e3o do ritmo intestinal e depress\u00e3o.<\/p>\n\n\n\n<p>Dados da Organiza\u00e7\u00e3o Mundial de Sa\u00fade (OMS) mostram que <strong>aproximadamente 1% da popula\u00e7\u00e3o mundial com idade superior a 60 anos tem a doen\u00e7a<\/strong>. No Brasil, estima-se que cerca de 200 mil pessoas tenham o diagn\u00f3stico e com o aumento da expectativa de vida e o envelhecimento da popula\u00e7\u00e3o, o n\u00famero pode dobrar at\u00e9 2040.&nbsp;<\/p>\n\n\n\n<blockquote class=\"wp-block-quote is-layout-flow wp-block-quote-is-layout-flow\"><p><em>Atualmente n\u00e3o existe cura para Parkinson, entretanto, h\u00e1 v\u00e1rios estudos que oferecem tratamento para auxiliar na qualidade de vida do paciente com DP. Muitos desses tratamentos s\u00e3o oferecidos pelo SUS (Sistema \u00danico de sa\u00fade).&nbsp;<\/em><\/p><\/blockquote>\n\n\n\n<p>O rem\u00e9dio mais utilizado, principalmente no Brasil, \u00e9 o <strong>levodopa<\/strong>, ele foi muito significativo para o in\u00edcio do&nbsp; tratamento, assim como, na cria\u00e7\u00e3o de v\u00e1rios outros medicamentos ao longo dos anos. Dessa forma, <strong>Pramipexol, Seleginina, ansiol\u00edticos, antidepressivos ou antipsic\u00f3ticos tamb\u00e9m s\u00e3o medicamentos prescritos para auxiliar no tratamento<\/strong>. \u00c9 imprescind\u00edvel destacar a import\u00e2ncia da fisioterapia, terapia ocupacional e atividade f\u00edsica para controlar os sintomas do Parkinson.&nbsp;<\/p>\n\n\n\n<p>Portanto, o tratamento da DP envolve v\u00e1rios profissionais, e tem como objetivo reduzir o agravamento da doen\u00e7a e, por conseguinte, atrasar a perda da autonomia. No entanto, muitas vezes h\u00e1 relut\u00e2ncia por parte do paciente para adotar esses tratamentos no seu dia a dia, ocasionando assim a intensifica\u00e7\u00e3o dos sintomas.&nbsp;&nbsp;&nbsp;&nbsp;<\/p>\n\n\n\n<p><strong>Os<\/strong> <strong>medicamentos minimizam os sintomas e auxiliam na qualidade de vida e, muitas vezes, retardam a progress\u00e3o da doen\u00e7a<\/strong>. Contudo, eles n\u00e3o inibem o avan\u00e7o da neurodegenera\u00e7\u00e3o do paciente, principalmente, no que tange pacientes diagnosticados tarde e com o avan\u00e7o da idade. \u00c9 nesse momento que o apoio da fam\u00edlia se torna crucial, no est\u00e1gio em que o paciente come\u00e7a a perder sua autonomia e, geralmente, a assist\u00eancia parte de algum familiar.<\/p>\n\n\n\n<p><strong>O \u00e2mbito familiar deve proporcionar ao indiv\u00edduo com DP seguran\u00e7a, bem-estar e apoio ao passo que a doen\u00e7a vai se intensificando<\/strong>. Mas \u00e9 necess\u00e1rio ter um olhar para o familiar respons\u00e1vel, tendo em vista que seu cotidiano tamb\u00e9m ser\u00e1 alterado. Dessa forma, \u00e9 importante assegurar os cuidados para os familiares que est\u00e3o diariamente auxiliando o indiv\u00edduo com DP.&nbsp;<\/p>\n\n\n\n<blockquote class=\"wp-block-quote is-layout-flow wp-block-quote-is-layout-flow\"><p><em>Desse modo, 11 de abril se torna uma data para conscientizar, incentivar a pesquisa sobre a doen\u00e7a e, sobretudo, lembrar da import\u00e2ncia da rede de apoio para o indiv\u00edduo com a doen\u00e7a de Parkinson e seus familiares.\u00a0<\/em>\u00a0\u00a0<\/p><\/blockquote>\n\n\n\n<h2 class=\"wp-block-heading\">Refer\u00eancias de pesquisa:<\/h2>\n\n\n\n<pre class=\"wp-block-verse\"><em>REIS, R. D.; DIAS, E. N.; BATISTA, M. A.; MESQUITA FILHO, M.; SILVA, J. V. da. DOEN\u00c7A DE PARKINSON: SENTIMENTOS ATRIBU\u00cdDOS AO CONV\u00cdVIO \u00c0 LUZ DO CUIDADOR FAMILIAR. <strong>Estudos Interdisciplinares sobre o Envelhecimento<\/strong>, [S. l.], v. 24, n. 3, 2019. DOI: 10.22456\/2316-2171.91795. Dispon\u00edvel em: https:\/\/seer.ufrgs.br\/index.php\/RevEnvelhecer\/article\/view\/91795. Acesso em: 19 abr. 2022.<br>NAVARRO-PETERNELLA, F. M.; MARCON, S. S. A conviv\u00eancia com a doen\u00e7a de Parkinson na perspectiva do parkinsoniano e seus familiares<strong>. Revista Ga\u00facha de Enfermagem<\/strong> [online]. 2010, v. 31, n. 3., pp. 415-422. Dispon\u00edvel em: &lt;<a href=\"https:\/\/doi.org\/10.1590\/S1983-14472010000300002\">https:\/\/doi.org\/10.1590\/S1983-14472010000300002<\/a>>. Acesso em: 19 abr. 2022\u00a0SILVA, T. P. da; CARVALHO, C. R. A. de. Doen\u00e7a de Parkinson: o tratamento terap\u00eautico ocupacional na perspectiva dos profissionais e dos idosos. <strong>Cadernos Brasileiros de Terapia Ocupacional [online].<\/strong> 2019, v. 27, n. 2, pp. 331-344. Dispon\u00edvel em: &lt;https:\/\/doi.org\/10.4322\/2526-8910.ctoAO1229>.. Acesso em: 20 abr. 2022<\/em><\/pre>\n","protected":false},"excerpt":{"rendered":"<p>Abril \u00e9 o m\u00eas de conscientiza\u00e7\u00e3o sobre a Doen\u00e7a de Parkinson 11 de abril, Dia Mundial de Conscientiza\u00e7\u00e3o da Doen\u00e7a de Parkinson, foi estabelecido pela Organiza\u00e7\u00e3o Mundial de Sa\u00fade, em 1998. O tema \u00e9 amplamente debatido durante todo o m\u00eas, [&hellip;]<\/p>\n","protected":false},"author":8,"featured_media":0,"comment_status":"open","ping_status":"open","sticky":false,"template":"","format":"standard","meta":{"footnotes":""},"categories":[5,10],"tags":[9,7],"class_list":["post-390","post","type-post","status-publish","format-standard","hentry","category-doenca-de-parkinson","category-noticias","tag-doenca-de-parkinson","tag-noticias","clearfix"],"_links":{"self":[{"href":"https:\/\/utfpr.curitiba.br\/projetoestimulo\/index.php?rest_route=\/wp\/v2\/posts\/390","targetHints":{"allow":["GET"]}}],"collection":[{"href":"https:\/\/utfpr.curitiba.br\/projetoestimulo\/index.php?rest_route=\/wp\/v2\/posts"}],"about":[{"href":"https:\/\/utfpr.curitiba.br\/projetoestimulo\/index.php?rest_route=\/wp\/v2\/types\/post"}],"author":[{"embeddable":true,"href":"https:\/\/utfpr.curitiba.br\/projetoestimulo\/index.php?rest_route=\/wp\/v2\/users\/8"}],"replies":[{"embeddable":true,"href":"https:\/\/utfpr.curitiba.br\/projetoestimulo\/index.php?rest_route=%2Fwp%2Fv2%2Fcomments&post=390"}],"version-history":[{"count":4,"href":"https:\/\/utfpr.curitiba.br\/projetoestimulo\/index.php?rest_route=\/wp\/v2\/posts\/390\/revisions"}],"predecessor-version":[{"id":461,"href":"https:\/\/utfpr.curitiba.br\/projetoestimulo\/index.php?rest_route=\/wp\/v2\/posts\/390\/revisions\/461"}],"wp:attachment":[{"href":"https:\/\/utfpr.curitiba.br\/projetoestimulo\/index.php?rest_route=%2Fwp%2Fv2%2Fmedia&parent=390"}],"wp:term":[{"taxonomy":"category","embeddable":true,"href":"https:\/\/utfpr.curitiba.br\/projetoestimulo\/index.php?rest_route=%2Fwp%2Fv2%2Fcategories&post=390"},{"taxonomy":"post_tag","embeddable":true,"href":"https:\/\/utfpr.curitiba.br\/projetoestimulo\/index.php?rest_route=%2Fwp%2Fv2%2Ftags&post=390"}],"curies":[{"name":"wp","href":"https:\/\/api.w.org\/{rel}","templated":true}]}}