{"id":1178,"date":"2023-08-29T14:43:32","date_gmt":"2023-08-29T17:43:32","guid":{"rendered":"https:\/\/utfpr.curitiba.br\/projetoestimulo\/?p=1178"},"modified":"2025-03-10T11:39:28","modified_gmt":"2025-03-10T14:39:28","slug":"cartilha-sobre-doenca-de-parkinson","status":"publish","type":"post","link":"https:\/\/utfpr.curitiba.br\/projetoestimulo\/?p=1178","title":{"rendered":"Cartilha sobre Doen\u00e7a de Parkinson"},"content":{"rendered":"\n<p>O Projeto Est\u00edmulo tem como objetivo desmistificar a Doen\u00e7a do Parkinson (DP) e melhorar a qualidade de vida dos pacientes.<\/p>\n\n\n\n<p>Elaborou esta cartilha para esclarecer mais sobre a doen\u00e7a e tamb\u00e9m ajudar divulgando op\u00e7\u00f5es de integra\u00e7\u00e3o e dicas para que se viva melhor.<\/p>\n\n\n\n<p>Veja a cartilha abaixo:<\/p>\n\n\n\n<div data-wp-interactive=\"core\/file\" class=\"wp-block-file\"><object data-wp-bind--hidden=\"!state.hasPdfPreview\" hidden class=\"wp-block-file__embed\" data=\"https:\/\/utfpr-ct-static-content.s3.amazonaws.com\/utfpr.curitiba.br\/wp-content\/uploads\/sites\/105\/2023\/08\/Cartilha-Projeto-Estimulo.pdf\" type=\"application\/pdf\" style=\"width:100%;height:600px\" aria-label=\"Incorporado de Cartilha-Projeto-Estimulo.\"><\/object><a id=\"wp-block-file--media-22e53363-6455-4e9e-9f77-0f22970958cf\" href=\"https:\/\/utfpr-ct-static-content.s3.amazonaws.com\/utfpr.curitiba.br\/wp-content\/uploads\/sites\/105\/2023\/08\/Cartilha-Projeto-Estimulo.pdf\">Cartilha-Projeto-Estimulo<\/a><a href=\"https:\/\/utfpr-ct-static-content.s3.amazonaws.com\/utfpr.curitiba.br\/wp-content\/uploads\/sites\/105\/2023\/08\/Cartilha-Projeto-Estimulo.pdf\" class=\"wp-block-file__button wp-element-button\" download aria-describedby=\"wp-block-file--media-22e53363-6455-4e9e-9f77-0f22970958cf\">Baixar<\/a><\/div>\n","protected":false},"excerpt":{"rendered":"<p>O Projeto Est\u00edmulo tem como objetivo desmistificar a Doen\u00e7a do Parkinson (DP) e melhorar a qualidade de vida dos pacientes. Elaborou esta cartilha para esclarecer mais sobre a doen\u00e7a e tamb\u00e9m ajudar divulgando op\u00e7\u00f5es de integra\u00e7\u00e3o e dicas para que [&hellip;]<\/p>\n","protected":false},"author":182,"featured_media":0,"comment_status":"open","ping_status":"open","sticky":false,"template":"","format":"standard","meta":{"footnotes":""},"categories":[5],"tags":[9,15],"class_list":["post-1178","post","type-post","status-publish","format-standard","hentry","category-doenca-de-parkinson","tag-doenca-de-parkinson","tag-parkinson","clearfix"],"_links":{"self":[{"href":"https:\/\/utfpr.curitiba.br\/projetoestimulo\/index.php?rest_route=\/wp\/v2\/posts\/1178","targetHints":{"allow":["GET"]}}],"collection":[{"href":"https:\/\/utfpr.curitiba.br\/projetoestimulo\/index.php?rest_route=\/wp\/v2\/posts"}],"about":[{"href":"https:\/\/utfpr.curitiba.br\/projetoestimulo\/index.php?rest_route=\/wp\/v2\/types\/post"}],"author":[{"embeddable":true,"href":"https:\/\/utfpr.curitiba.br\/projetoestimulo\/index.php?rest_route=\/wp\/v2\/users\/182"}],"replies":[{"embeddable":true,"href":"https:\/\/utfpr.curitiba.br\/projetoestimulo\/index.php?rest_route=%2Fwp%2Fv2%2Fcomments&post=1178"}],"version-history":[{"count":1,"href":"https:\/\/utfpr.curitiba.br\/projetoestimulo\/index.php?rest_route=\/wp\/v2\/posts\/1178\/revisions"}],"predecessor-version":[{"id":1180,"href":"https:\/\/utfpr.curitiba.br\/projetoestimulo\/index.php?rest_route=\/wp\/v2\/posts\/1178\/revisions\/1180"}],"wp:attachment":[{"href":"https:\/\/utfpr.curitiba.br\/projetoestimulo\/index.php?rest_route=%2Fwp%2Fv2%2Fmedia&parent=1178"}],"wp:term":[{"taxonomy":"category","embeddable":true,"href":"https:\/\/utfpr.curitiba.br\/projetoestimulo\/index.php?rest_route=%2Fwp%2Fv2%2Fcategories&post=1178"},{"taxonomy":"post_tag","embeddable":true,"href":"https:\/\/utfpr.curitiba.br\/projetoestimulo\/index.php?rest_route=%2Fwp%2Fv2%2Ftags&post=1178"}],"curies":[{"name":"wp","href":"https:\/\/api.w.org\/{rel}","templated":true}]}}