{"id":821,"date":"2026-04-02T12:07:05","date_gmt":"2026-04-02T15:07:05","guid":{"rendered":"https:\/\/utfpr.curitiba.br\/prh21\/?p=821"},"modified":"2026-04-30T17:20:51","modified_gmt":"2026-04-30T20:20:51","slug":"oportunidade","status":"publish","type":"post","link":"https:\/\/utfpr.curitiba.br\/prh21\/2026\/04\/02\/oportunidade\/","title":{"rendered":"Oportunidade"},"content":{"rendered":"\t\t<div data-elementor-type=\"wp-post\" data-elementor-id=\"821\" class=\"elementor elementor-821\">\n\t\t\t\t\t\t<section class=\"elementor-section elementor-top-section elementor-element elementor-element-63d00b3 elementor-section-boxed elementor-section-height-default elementor-section-height-default\" data-id=\"63d00b3\" data-element_type=\"section\" data-e-type=\"section\">\n\t\t\t\t\t\t<div class=\"elementor-container elementor-column-gap-default\">\n\t\t\t\t\t<div class=\"elementor-column elementor-col-100 elementor-top-column elementor-element elementor-element-bb00e2c\" data-id=\"bb00e2c\" data-element_type=\"column\" data-e-type=\"column\">\n\t\t\t<div class=\"elementor-widget-wrap elementor-element-populated\">\n\t\t\t\t\t\t<div class=\"elementor-element elementor-element-448a4f5 elementor-widget elementor-widget-text-editor\" data-id=\"448a4f5\" data-element_type=\"widget\" data-e-type=\"widget\" data-widget_type=\"text-editor.default\">\n\t\t\t\t<div class=\"elementor-widget-container\">\n\t\t\t\t\t\t\t\t\t<h5><b>Confira!<br \/>Resultado final das bolsas PRH 21 P\u00f3s-doutorado e gradua\u00e7\u00e3o<\/b><\/h5><h5><b>Acesse a p\u00e1gina\u00a0<\/b><a href=\"https:\/\/utfpr.curitiba.br\/prh21\/editais\/\">EDITAIS<\/a>\u00a0<\/h5>\t\t\t\t\t\t\t\t<\/div>\n\t\t\t\t<\/div>\n\t\t\t\t\t<\/div>\n\t\t<\/div>\n\t\t\t\t\t<\/div>\n\t\t<\/section>\n\t\t\t\t<\/div>\n\t\t","protected":false},"excerpt":{"rendered":"<p>Chamada com ANP abre oportunidade para interc\u00e2mbio internacional<\/p>\n<p>Chamada com ANP abre oportunidade para interc\u00e2mbio internacional<br \/>\nFoto: biblioteca da La Trobe University (AUS); cr\u00e9dito: Andrew Tan\/Pixabay<br \/>\nObjetivo \u00e9 complementar a forma\u00e7\u00e3o de bolsistas do Programa de Forma\u00e7\u00e3o de Recursos Humanos da ANP por meio da realiza\u00e7\u00e3o de atividades de pesquisa em institui\u00e7\u00e3o estrangeira de excel\u00eancia<\/p>\n","protected":false},"author":317,"featured_media":0,"comment_status":"closed","ping_status":"open","sticky":false,"template":"","format":"standard","meta":{"footnotes":""},"categories":[5],"tags":[8,6,7,9],"class_list":["post-821","post","type-post","status-publish","format-standard","hentry","category-bolsas","tag-anp","tag-bolsa","tag-fapesp","tag-intercambio-internacional"],"_links":{"self":[{"href":"https:\/\/utfpr.curitiba.br\/prh21\/wp-json\/wp\/v2\/posts\/821","targetHints":{"allow":["GET"]}}],"collection":[{"href":"https:\/\/utfpr.curitiba.br\/prh21\/wp-json\/wp\/v2\/posts"}],"about":[{"href":"https:\/\/utfpr.curitiba.br\/prh21\/wp-json\/wp\/v2\/types\/post"}],"author":[{"embeddable":true,"href":"https:\/\/utfpr.curitiba.br\/prh21\/wp-json\/wp\/v2\/users\/317"}],"replies":[{"embeddable":true,"href":"https:\/\/utfpr.curitiba.br\/prh21\/wp-json\/wp\/v2\/comments?post=821"}],"version-history":[{"count":11,"href":"https:\/\/utfpr.curitiba.br\/prh21\/wp-json\/wp\/v2\/posts\/821\/revisions"}],"predecessor-version":[{"id":857,"href":"https:\/\/utfpr.curitiba.br\/prh21\/wp-json\/wp\/v2\/posts\/821\/revisions\/857"}],"wp:attachment":[{"href":"https:\/\/utfpr.curitiba.br\/prh21\/wp-json\/wp\/v2\/media?parent=821"}],"wp:term":[{"taxonomy":"category","embeddable":true,"href":"https:\/\/utfpr.curitiba.br\/prh21\/wp-json\/wp\/v2\/categories?post=821"},{"taxonomy":"post_tag","embeddable":true,"href":"https:\/\/utfpr.curitiba.br\/prh21\/wp-json\/wp\/v2\/tags?post=821"}],"curies":[{"name":"wp","href":"https:\/\/api.w.org\/{rel}","templated":true}]}}