{"id":2087,"date":"2026-09-04T15:13:01","date_gmt":"2026-09-04T18:13:01","guid":{"rendered":"https:\/\/utfpr.curitiba.br\/peteco\/?p=2087"},"modified":"2026-09-04T15:14:15","modified_gmt":"2026-09-04T18:14:15","slug":"sulpet-2026-porto-alegre","status":"publish","type":"post","link":"https:\/\/utfpr.curitiba.br\/peteco\/2026\/09\/04\/sulpet-2026-porto-alegre\/","title":{"rendered":"SULPET 2026 (Porto Alegre)"},"content":{"rendered":"\n<p class=\"wp-block-paragraph\">O grupo PETECO participou em Porto Alegre do encontro dos grupos PET do Regi\u00e3o SUL, realizado entre os dias 14 e 17 de julho na tem\u00e1tica Mudan\u00e7as Clim\u00e1ticas: formar para resistir, transformar e reconstruir. No evento, o programa apresentou dois trabalhos:<br>* relacionado a sa\u00fade mental dos estudantes<br>* datacenters<\/p>\n\n\n\n<p class=\"wp-block-paragraph\">Ambos provocaram discuss\u00f5es interessantes e, juntamente com as outras atividades, fortaleceram o compromisso do grupo com a forma\u00e7\u00e3o das pessoas que o integram. <\/p>\n\n\n\n<figure class=\"wp-block-gallery has-nested-images columns-default is-cropped wp-block-gallery-1 is-layout-flex wp-block-gallery-is-layout-flex\">\n<figure class=\"wp-block-image size-large\"><a href=\"https:\/\/utfpr-ct-static-content.s3.amazonaws.com\/utfpr.curitiba.br\/wp-content\/uploads\/sites\/139\/2026\/09\/WhatsApp-Image-2026-08-03-at-16.16.17.jpeg\"><img fetchpriority=\"high\" decoding=\"async\" width=\"1024\" height=\"768\" data-id=\"2089\" src=\"https:\/\/utfpr-ct-static-content.s3.amazonaws.com\/utfpr.curitiba.br\/wp-content\/uploads\/sites\/139\/2026\/09\/WhatsApp-Image-2026-08-03-at-16.16.17-1024x768.jpeg\" alt=\"\" class=\"wp-image-2089\" srcset=\"https:\/\/utfpr-ct-static-content.s3.amazonaws.com\/utfpr.curitiba.br\/wp-content\/uploads\/sites\/139\/2026\/09\/WhatsApp-Image-2026-08-03-at-16.16.17-1024x768.jpeg 1024w, https:\/\/utfpr-ct-static-content.s3.amazonaws.com\/utfpr.curitiba.br\/wp-content\/uploads\/sites\/139\/2026\/09\/WhatsApp-Image-2026-08-03-at-16.16.17-300x225.jpeg 300w, https:\/\/utfpr-ct-static-content.s3.amazonaws.com\/utfpr.curitiba.br\/wp-content\/uploads\/sites\/139\/2026\/09\/WhatsApp-Image-2026-08-03-at-16.16.17-768x576.jpeg 768w, https:\/\/utfpr-ct-static-content.s3.amazonaws.com\/utfpr.curitiba.br\/wp-content\/uploads\/sites\/139\/2026\/09\/WhatsApp-Image-2026-08-03-at-16.16.17.jpeg 1280w\" sizes=\"(max-width: 1024px) 100vw, 1024px\" \/><\/a><\/figure>\n<\/figure>\n\n\n\n<p class=\"wp-block-paragraph\">da esquerda para a direita: Vin\u00edcius, Giovanni, Jo\u00e3o G., Jo\u00e3o C., Jo\u00e3o B., Raphael, Gustavo, Tacla e Felipe S. (Local: UFRGS, P.A., RS)<\/p>\n","protected":false},"excerpt":{"rendered":"<p>O grupo PETECO participou em Porto Alegre do encontro dos grupos PET do Regi\u00e3o SUL, realizado entre os dias 14 e 17 de julho na tem\u00e1tica Mudan\u00e7as Clim\u00e1ticas: formar para resistir, transformar e reconstruir. No evento, o programa apresentou dois trabalhos:* relacionado a sa\u00fade mental dos estudantes* datacenters Ambos provocaram discuss\u00f5es interessantes e, juntamente com [&hellip;]<\/p>\n","protected":false},"author":29,"featured_media":0,"comment_status":"closed","ping_status":"closed","sticky":false,"template":"","format":"standard","meta":{"footnotes":""},"categories":[1],"tags":[73,72],"class_list":["post-2087","post","type-post","status-publish","format-standard","hentry","category-uncategorized","tag-evento","tag-sulpet"],"_links":{"self":[{"href":"https:\/\/utfpr.curitiba.br\/peteco\/wp-json\/wp\/v2\/posts\/2087","targetHints":{"allow":["GET"]}}],"collection":[{"href":"https:\/\/utfpr.curitiba.br\/peteco\/wp-json\/wp\/v2\/posts"}],"about":[{"href":"https:\/\/utfpr.curitiba.br\/peteco\/wp-json\/wp\/v2\/types\/post"}],"author":[{"embeddable":true,"href":"https:\/\/utfpr.curitiba.br\/peteco\/wp-json\/wp\/v2\/users\/29"}],"replies":[{"embeddable":true,"href":"https:\/\/utfpr.curitiba.br\/peteco\/wp-json\/wp\/v2\/comments?post=2087"}],"version-history":[{"count":1,"href":"https:\/\/utfpr.curitiba.br\/peteco\/wp-json\/wp\/v2\/posts\/2087\/revisions"}],"predecessor-version":[{"id":2090,"href":"https:\/\/utfpr.curitiba.br\/peteco\/wp-json\/wp\/v2\/posts\/2087\/revisions\/2090"}],"wp:attachment":[{"href":"https:\/\/utfpr.curitiba.br\/peteco\/wp-json\/wp\/v2\/media?parent=2087"}],"wp:term":[{"taxonomy":"category","embeddable":true,"href":"https:\/\/utfpr.curitiba.br\/peteco\/wp-json\/wp\/v2\/categories?post=2087"},{"taxonomy":"post_tag","embeddable":true,"href":"https:\/\/utfpr.curitiba.br\/peteco\/wp-json\/wp\/v2\/tags?post=2087"}],"curies":[{"name":"wp","href":"https:\/\/api.w.org\/{rel}","templated":true}]}}