{"id":1318,"date":"2023-05-23T17:56:13","date_gmt":"2023-05-23T20:56:13","guid":{"rendered":"https:\/\/utfpr.curitiba.br\/nucleoimagemcriativa\/?p=1318"},"modified":"2023-05-23T17:56:15","modified_gmt":"2023-05-23T20:56:15","slug":"sustentabilidade-na-construcao-civil","status":"publish","type":"post","link":"https:\/\/utfpr.curitiba.br\/nucleoimagemcriativa\/2023\/05\/23\/sustentabilidade-na-construcao-civil\/","title":{"rendered":"Sustentabilidade na constru\u00e7\u00e3o civil"},"content":{"rendered":"\n<p>Quando me deparei com o e-mail falando sobre o projeto, logo pensei na oportunidade em contar mais sobre a sustentabilidade na constru\u00e7\u00e3o civil, estando a frente dos posts e textos da empresa em que trabalho, chamada WS Frame, me gerou conhecimento sobre um assunto extremamente importante e pouco abordado.<\/p>\n\n\n\n<p>De acordo com a Ag\u00eancia CBIC (C\u00e2mara Brasileira da Ind\u00fastria da Constru\u00e7\u00e3o), a constru\u00e7\u00e3o civil \u00e9 uma das principais atividades econ\u00f4micas do mundo e desempenha um papel fundamental no desenvolvimento da sociedade. No entanto, essa ind\u00fastria \u00e9 respons\u00e1vel por uma grande quantidade de emiss\u00f5es de carbono e pela degrada\u00e7\u00e3o ambiental, o que torna essencial a ado\u00e7\u00e3o de pr\u00e1ticas sustent\u00e1veis para minimizar esses impactos.<\/p>\n\n\n\n<p>Ser\u00e1 que as pessoas j\u00e1 pararam para pensar que a constru\u00e7\u00e3o de uma casa, pr\u00e9dio ou qualquer outra estrutura pode gerar muitos impactos negativos no meio ambiente? Pois \u00e9, mas a boa not\u00edcia \u00e9 que existem v\u00e1rias pr\u00e1ticas sustent\u00e1veis que podem minimizar essas consequ\u00eancias. Uma delas \u00e9 o uso de materiais ecoeficientes, que s\u00e3o produzidos com menos impacto ambiental e possuem caracter\u00edsticas como a durabilidade e a resist\u00eancia. Outra pr\u00e1tica importante \u00e9 a redu\u00e7\u00e3o do consumo de energia, que pode ser alcan\u00e7ada com a utiliza\u00e7\u00e3o de fontes renov\u00e1veis e sistemas de efici\u00eancia energ\u00e9tica nas edifica\u00e7\u00f5es e ainda tem a incorpora\u00e7\u00e3o de tecnologias limpas, como sistemas de capta\u00e7\u00e3o de \u00e1gua da chuva.<\/p>\n\n\n\n<p>Aqui em casa, minha fam\u00edlia est\u00e1 investindo cada vez mais nessa pr\u00e1tica sustent\u00e1vel, temos uma cisterna de \u00e1gua que consiste em um reservat\u00f3rio que faz a capta\u00e7\u00e3o e<br>armazenamento da \u00e1gua da chuva e tamb\u00e9m placas fotovoltaicas utilizadas para realizar a convers\u00e3o da luz do sol em energia el\u00e9trica por meio da capta\u00e7\u00e3o dos raios solares. Sabendo que nem todos podem ter acesso a esse tipo de informa\u00e7\u00e3o ou condi\u00e7\u00e3o para poder instalar tais equipamentos, mas podemos relembrar pr\u00e1ticas que podem ser aplicadas do dia-a-dia, como por exemplo:<\/p>\n\n\n\n<p>\u25cf Reduzir o consumo de energia; desligar os aparelhos quando n\u00e3o estiverem em uso, usar l\u00e2mpadas LED e aproveitar a luz natural.<br>\u25cf Economizar \u00e1gua; fechar a torneira enquanto escova os dentes, tomar banhos curtos e usar \u00e1gua da chuva para regar as plantas.<br>\u25cf Reciclar; separar o lixo recicl\u00e1vel do n\u00e3o-recicl\u00e1vel e tamb\u00e9m se certificar de que os materiais sejam descartados corretamente.<br>\u25cf Reutilizar; usar sacolas reutiliz\u00e1veis em vez de sacolas pl\u00e1sticas, usar garrafa de \u00e1gua reutiliz\u00e1vel e evitar o uso de produtos descart\u00e1veis.<br>\u25cf Comprar localmente; dando prefer\u00eancia a produtos locais, t\u00eam menor impacto ambiental e apoia a economia local..<br>\u25cf Compartilhar; compartilhando caronas ou usando o transporte p\u00fablico reduz as emiss\u00f5es de gases de efeito estufa.<\/p>\n\n\n\n<p>Al\u00e9m dessas pr\u00e1ticas, a constru\u00e7\u00e3o sustent\u00e1vel tamb\u00e9m envolve a promo\u00e7\u00e3o da justi\u00e7a social e a inclus\u00e3o de todas as pessoas nas decis\u00f5es e a\u00e7\u00f5es relacionadas \u00e0 constru\u00e7\u00e3o. Isso inclui a promo\u00e7\u00e3o de pr\u00e1ticas de constru\u00e7\u00e3o sustent\u00e1vel em comunidades de baixa renda e a garantia do acesso universal \u00e0s edifica\u00e7\u00f5es, incluindo pessoas com defici\u00eancia.<\/p>\n\n\n\n<p>Em suma, a sustentabilidade na constru\u00e7\u00e3o civil \u00e9 uma quest\u00e3o fundamental para a prote\u00e7\u00e3o do meio ambiente e o bem-estar das pessoas. A ado\u00e7\u00e3o de pr\u00e1ticas sustent\u00e1veis na constru\u00e7\u00e3o \u00e9 essencial para minimizar os impactos negativos dessa atividade e promover um futuro mais justo e equilibrado para todos.<\/p>\n\n\n\n<p><strong>Autora<\/strong>: Lais Janowski Spisila<\/p>\n","protected":false},"excerpt":{"rendered":"<p>Quando me deparei com o e-mail falando sobre o projeto, logo pensei na oportunidade em contar mais sobre a sustentabilidade na constru\u00e7\u00e3o civil, estando a frente dos posts e textos da empresa em que trabalho, chamada WS Frame, me gerou conhecimento sobre um assunto extremamente importante e pouco abordado. De acordo com a Ag\u00eancia CBIC [&hellip;]<\/p>\n","protected":false},"author":154,"featured_media":0,"comment_status":"open","ping_status":"open","sticky":false,"template":"","format":"standard","meta":{"site-sidebar-layout":"default","site-content-layout":"","ast-site-content-layout":"default","site-content-style":"default","site-sidebar-style":"default","ast-global-header-display":"","ast-banner-title-visibility":"","ast-main-header-display":"","ast-hfb-above-header-display":"","ast-hfb-below-header-display":"","ast-hfb-mobile-header-display":"","site-post-title":"","ast-breadcrumbs-content":"","ast-featured-img":"","footer-sml-layout":"","ast-disable-related-posts":"","theme-transparent-header-meta":"","adv-header-id-meta":"","stick-header-meta":"","header-above-stick-meta":"","header-main-stick-meta":"","header-below-stick-meta":"","astra-migrate-meta-layouts":"default","ast-page-background-enabled":"default","ast-page-background-meta":{"desktop":{"background-color":"var(--ast-global-color-4)","background-image":"","background-repeat":"repeat","background-position":"center center","background-size":"auto","background-attachment":"scroll","background-type":"","background-media":"","overlay-type":"","overlay-color":"","overlay-opacity":"","overlay-gradient":""},"tablet":{"background-color":"","background-image":"","background-repeat":"repeat","background-position":"center center","background-size":"auto","background-attachment":"scroll","background-type":"","background-media":"","overlay-type":"","overlay-color":"","overlay-opacity":"","overlay-gradient":""},"mobile":{"background-color":"","background-image":"","background-repeat":"repeat","background-position":"center center","background-size":"auto","background-attachment":"scroll","background-type":"","background-media":"","overlay-type":"","overlay-color":"","overlay-opacity":"","overlay-gradient":""}},"ast-content-background-meta":{"desktop":{"background-color":"var(--ast-global-color-5)","background-image":"","background-repeat":"repeat","background-position":"center center","background-size":"auto","background-attachment":"scroll","background-type":"","background-media":"","overlay-type":"","overlay-color":"","overlay-opacity":"","overlay-gradient":""},"tablet":{"background-color":"var(--ast-global-color-5)","background-image":"","background-repeat":"repeat","background-position":"center center","background-size":"auto","background-attachment":"scroll","background-type":"","background-media":"","overlay-type":"","overlay-color":"","overlay-opacity":"","overlay-gradient":""},"mobile":{"background-color":"var(--ast-global-color-5)","background-image":"","background-repeat":"repeat","background-position":"center center","background-size":"auto","background-attachment":"scroll","background-type":"","background-media":"","overlay-type":"","overlay-color":"","overlay-opacity":"","overlay-gradient":""}},"footnotes":""},"categories":[15],"tags":[],"class_list":["post-1318","post","type-post","status-publish","format-standard","hentry","category-redacao"],"_links":{"self":[{"href":"https:\/\/utfpr.curitiba.br\/nucleoimagemcriativa\/wp-json\/wp\/v2\/posts\/1318","targetHints":{"allow":["GET"]}}],"collection":[{"href":"https:\/\/utfpr.curitiba.br\/nucleoimagemcriativa\/wp-json\/wp\/v2\/posts"}],"about":[{"href":"https:\/\/utfpr.curitiba.br\/nucleoimagemcriativa\/wp-json\/wp\/v2\/types\/post"}],"author":[{"embeddable":true,"href":"https:\/\/utfpr.curitiba.br\/nucleoimagemcriativa\/wp-json\/wp\/v2\/users\/154"}],"replies":[{"embeddable":true,"href":"https:\/\/utfpr.curitiba.br\/nucleoimagemcriativa\/wp-json\/wp\/v2\/comments?post=1318"}],"version-history":[{"count":1,"href":"https:\/\/utfpr.curitiba.br\/nucleoimagemcriativa\/wp-json\/wp\/v2\/posts\/1318\/revisions"}],"predecessor-version":[{"id":1320,"href":"https:\/\/utfpr.curitiba.br\/nucleoimagemcriativa\/wp-json\/wp\/v2\/posts\/1318\/revisions\/1320"}],"wp:attachment":[{"href":"https:\/\/utfpr.curitiba.br\/nucleoimagemcriativa\/wp-json\/wp\/v2\/media?parent=1318"}],"wp:term":[{"taxonomy":"category","embeddable":true,"href":"https:\/\/utfpr.curitiba.br\/nucleoimagemcriativa\/wp-json\/wp\/v2\/categories?post=1318"},{"taxonomy":"post_tag","embeddable":true,"href":"https:\/\/utfpr.curitiba.br\/nucleoimagemcriativa\/wp-json\/wp\/v2\/tags?post=1318"}],"curies":[{"name":"wp","href":"https:\/\/api.w.org\/{rel}","templated":true}]}}