{"id":1308,"date":"2023-05-23T17:42:22","date_gmt":"2023-05-23T20:42:22","guid":{"rendered":"https:\/\/utfpr.curitiba.br\/nucleoimagemcriativa\/?p=1308"},"modified":"2023-05-23T17:42:24","modified_gmt":"2023-05-23T20:42:24","slug":"sustentabilidade-linguistica","status":"publish","type":"post","link":"https:\/\/utfpr.curitiba.br\/nucleoimagemcriativa\/2023\/05\/23\/sustentabilidade-linguistica\/","title":{"rendered":"Sustentabilidade Lingu\u00edstica"},"content":{"rendered":"\n<p><strong>Diversidade de G\u00eanero I<\/strong> <\/p>\n\n\n\n<p>aluno por estudante<\/p>\n\n\n\n<p>professor por docente <\/p>\n\n\n\n<p>se omitimos o artigo <\/p>\n\n\n\n<p>contemplamos toda gente <\/p>\n\n\n\n<p>*********************************<\/p>\n\n\n\n<p><strong>Diversidade de G\u00eanero II<\/strong> <\/p>\n\n\n\n<p>na linguagem inclusiva <\/p>\n\n\n\n<p>procuramos solu\u00e7\u00e3o: <\/p>\n\n\n\n<p>como respeitar as regras<\/p>\n\n\n\n<p>e promover a inclus\u00e3o?<\/p>\n\n\n\n<p>s\u00f3 flexionar os g\u00eaneros&nbsp;<\/p>\n\n\n\n<p>n\u00e3o resolve a quest\u00e3o<\/p>\n\n\n\n<p>al\u00e9m do tal bin\u00e1rio<\/p>\n\n\n\n<p>h\u00e1 g\u00eaneros de mont\u00e3o<\/p>\n\n\n\n<p>reconhe\u00e7a a diversidade<\/p>\n\n\n\n<p>sem discrimina\u00e7\u00e3o<\/p>\n\n\n\n<p>*********************************<\/p>\n\n\n\n<p><strong>Diversidade de G\u00eanero III<\/strong><\/p>\n\n\n\n<p>em busca de inclus\u00e3o&nbsp;<\/p>\n\n\n\n<p>E \u00e9 diversidade<\/p>\n\n\n\n<p>mas s\u00f3 entende a proposta<\/p>\n\n\n\n<p>quem pode estudar de verdade<\/p>\n\n\n\n<p>a maioria brasileira<\/p>\n\n\n\n<p>n\u00e3o teve oportunidade<\/p>\n\n\n\n<p>de receber educa\u00e7\u00e3o<\/p>\n\n\n\n<p>aquela, de qualidade<\/p>\n\n\n\n<p>o analfabetismo funcional<\/p>\n\n\n\n<p>\u00e9 uma dura realidade<\/p>\n\n\n\n<p>*********************************<\/p>\n\n\n\n<p><strong>Anticapacitista I<\/strong><\/p>\n\n\n\n<p>a l\u00edngua portuguesa \u00e9 rica<\/p>\n\n\n\n<p>n\u00e3o deve ser capacitista<\/p>\n\n\n\n<p>se procura um adjetivo<\/p>\n\n\n\n<p>ele com certeza n\u00e3o \u00e9 autista<\/p>\n\n\n\n<p>*********************************<\/p>\n\n\n\n<p><strong>Anticapacitista II<\/strong><\/p>\n\n\n\n<p>ser cega n\u00e3o \u00e9 ser an\u00f4nima<\/p>\n\n\n\n<p>que estranha revis\u00e3o<\/p>\n\n\n\n<p>se o que desejas \u00e9 \u00e9tica<\/p>\n\n\n\n<p>use o nome correto, ent\u00e3o<\/p>\n\n\n\n<p>*********************************<\/p>\n\n\n\n<p><strong>Anticapacitista III<\/strong><\/p>\n\n\n\n<p>se fazer de surda<\/p>\n\n\n\n<p>parece ser uma boa solu\u00e7\u00e3o<\/p>\n\n\n\n<p>mas ignorar, n\u00e3o \u00e9 surda<\/p>\n\n\n\n<p>muitas vezes \u00e9 prote\u00e7\u00e3o<\/p>\n\n\n\n<p>ent\u00e3o use a palavra certa<\/p>\n\n\n\n<p>capacitismo n\u00e3o \u00e9 bom n\u00e3o<\/p>\n\n\n\n<p>*********************************<\/p>\n\n\n\n<p>Autora: S\u00edlvia Am\u00e9lia Bim<\/p>\n\n\n\n<p>Descri\u00e7\u00e3o: No documento Sustentabilidade Lingu\u00edstica est\u00e3o poemas que versam sobre Diversidade de G\u00eanero e Anticapacitismo. A proposta \u00e9 contemplar os ODS 5: Igualdade de G\u00eanero e ODS 10: Redu\u00e7\u00e3o das Desigualdades atrav\u00e9s da conscientiza\u00e7\u00e3o sobre os vieses que a L\u00edngua Portuguesa carrega.<\/p>\n","protected":false},"excerpt":{"rendered":"<p>Diversidade de G\u00eanero I aluno por estudante professor por docente se omitimos o artigo contemplamos toda gente ********************************* Diversidade de G\u00eanero II na linguagem inclusiva procuramos solu\u00e7\u00e3o: como respeitar as regras e promover a inclus\u00e3o? s\u00f3 flexionar os g\u00eaneros&nbsp; n\u00e3o resolve a quest\u00e3o al\u00e9m do tal bin\u00e1rio h\u00e1 g\u00eaneros de mont\u00e3o reconhe\u00e7a a diversidade sem [&hellip;]<\/p>\n","protected":false},"author":154,"featured_media":0,"comment_status":"open","ping_status":"open","sticky":false,"template":"","format":"standard","meta":{"site-sidebar-layout":"default","site-content-layout":"","ast-site-content-layout":"default","site-content-style":"default","site-sidebar-style":"default","ast-global-header-display":"","ast-banner-title-visibility":"","ast-main-header-display":"","ast-hfb-above-header-display":"","ast-hfb-below-header-display":"","ast-hfb-mobile-header-display":"","site-post-title":"","ast-breadcrumbs-content":"","ast-featured-img":"","footer-sml-layout":"","ast-disable-related-posts":"","theme-transparent-header-meta":"","adv-header-id-meta":"","stick-header-meta":"","header-above-stick-meta":"","header-main-stick-meta":"","header-below-stick-meta":"","astra-migrate-meta-layouts":"default","ast-page-background-enabled":"default","ast-page-background-meta":{"desktop":{"background-color":"var(--ast-global-color-4)","background-image":"","background-repeat":"repeat","background-position":"center center","background-size":"auto","background-attachment":"scroll","background-type":"","background-media":"","overlay-type":"","overlay-color":"","overlay-opacity":"","overlay-gradient":""},"tablet":{"background-color":"","background-image":"","background-repeat":"repeat","background-position":"center center","background-size":"auto","background-attachment":"scroll","background-type":"","background-media":"","overlay-type":"","overlay-color":"","overlay-opacity":"","overlay-gradient":""},"mobile":{"background-color":"","background-image":"","background-repeat":"repeat","background-position":"center center","background-size":"auto","background-attachment":"scroll","background-type":"","background-media":"","overlay-type":"","overlay-color":"","overlay-opacity":"","overlay-gradient":""}},"ast-content-background-meta":{"desktop":{"background-color":"var(--ast-global-color-5)","background-image":"","background-repeat":"repeat","background-position":"center center","background-size":"auto","background-attachment":"scroll","background-type":"","background-media":"","overlay-type":"","overlay-color":"","overlay-opacity":"","overlay-gradient":""},"tablet":{"background-color":"var(--ast-global-color-5)","background-image":"","background-repeat":"repeat","background-position":"center center","background-size":"auto","background-attachment":"scroll","background-type":"","background-media":"","overlay-type":"","overlay-color":"","overlay-opacity":"","overlay-gradient":""},"mobile":{"background-color":"var(--ast-global-color-5)","background-image":"","background-repeat":"repeat","background-position":"center center","background-size":"auto","background-attachment":"scroll","background-type":"","background-media":"","overlay-type":"","overlay-color":"","overlay-opacity":"","overlay-gradient":""}},"footnotes":""},"categories":[14],"tags":[],"class_list":["post-1308","post","type-post","status-publish","format-standard","hentry","category-poesia"],"_links":{"self":[{"href":"https:\/\/utfpr.curitiba.br\/nucleoimagemcriativa\/wp-json\/wp\/v2\/posts\/1308","targetHints":{"allow":["GET"]}}],"collection":[{"href":"https:\/\/utfpr.curitiba.br\/nucleoimagemcriativa\/wp-json\/wp\/v2\/posts"}],"about":[{"href":"https:\/\/utfpr.curitiba.br\/nucleoimagemcriativa\/wp-json\/wp\/v2\/types\/post"}],"author":[{"embeddable":true,"href":"https:\/\/utfpr.curitiba.br\/nucleoimagemcriativa\/wp-json\/wp\/v2\/users\/154"}],"replies":[{"embeddable":true,"href":"https:\/\/utfpr.curitiba.br\/nucleoimagemcriativa\/wp-json\/wp\/v2\/comments?post=1308"}],"version-history":[{"count":1,"href":"https:\/\/utfpr.curitiba.br\/nucleoimagemcriativa\/wp-json\/wp\/v2\/posts\/1308\/revisions"}],"predecessor-version":[{"id":1310,"href":"https:\/\/utfpr.curitiba.br\/nucleoimagemcriativa\/wp-json\/wp\/v2\/posts\/1308\/revisions\/1310"}],"wp:attachment":[{"href":"https:\/\/utfpr.curitiba.br\/nucleoimagemcriativa\/wp-json\/wp\/v2\/media?parent=1308"}],"wp:term":[{"taxonomy":"category","embeddable":true,"href":"https:\/\/utfpr.curitiba.br\/nucleoimagemcriativa\/wp-json\/wp\/v2\/categories?post=1308"},{"taxonomy":"post_tag","embeddable":true,"href":"https:\/\/utfpr.curitiba.br\/nucleoimagemcriativa\/wp-json\/wp\/v2\/tags?post=1308"}],"curies":[{"name":"wp","href":"https:\/\/api.w.org\/{rel}","templated":true}]}}