{"id":8726,"date":"2023-07-18T09:13:05","date_gmt":"2023-07-18T12:13:05","guid":{"rendered":"https:\/\/utfpr.curitiba.br\/nucleodesignanimacao\/?p=8726"},"modified":"2023-09-19T17:22:28","modified_gmt":"2023-09-19T20:22:28","slug":"eu-o-declaro-meu-inimigo-marcos-buccini-e-tiago-delacio-2","status":"publish","type":"post","link":"https:\/\/utfpr.curitiba.br\/nucleodesignanimacao\/?p=8726","title":{"rendered":"Eu o declaro meu inimigo &#8211; Marcos Buccini e Tiago Del\u00e1cio"},"content":{"rendered":"\t\t<div data-elementor-type=\"wp-post\" data-elementor-id=\"8726\" class=\"elementor elementor-8726\">\n\t\t\t\t\t\t<section class=\"elementor-section elementor-top-section elementor-element elementor-element-279d2628 elementor-section-boxed elementor-section-height-default elementor-section-height-default\" data-id=\"279d2628\" data-element_type=\"section\" data-e-type=\"section\">\n\t\t\t\t\t\t<div class=\"elementor-container elementor-column-gap-default\">\n\t\t\t\t\t<div class=\"elementor-column elementor-col-100 elementor-top-column elementor-element elementor-element-71c69730\" data-id=\"71c69730\" data-element_type=\"column\" data-e-type=\"column\">\n\t\t\t<div class=\"elementor-widget-wrap\">\n\t\t\t\t\t\t\t<\/div>\n\t\t<\/div>\n\t\t\t\t\t<\/div>\n\t\t<\/section>\n\t\t\t\t<section class=\"elementor-section elementor-top-section elementor-element elementor-element-8acd634 elementor-section-height-min-height elementor-section-boxed elementor-section-height-default elementor-section-items-middle\" data-id=\"8acd634\" data-element_type=\"section\" data-e-type=\"section\" data-settings=\"{&quot;background_background&quot;:&quot;video&quot;,&quot;shape_divider_bottom&quot;:&quot;curve&quot;,&quot;shape_divider_bottom_negative&quot;:&quot;yes&quot;}\">\n\t\t\t\t\t<div class=\"elementor-shape elementor-shape-bottom\" aria-hidden=\"true\" data-negative=\"true\">\n\t\t\t<svg xmlns=\"http:\/\/www.w3.org\/2000\/svg\" viewBox=\"0 0 1000 100\" preserveAspectRatio=\"none\">\n\t<path class=\"elementor-shape-fill\" d=\"M500,97C126.7,96.3,0.8,19.8,0,0v100l1000,0V1C1000,19.4,873.3,97.8,500,97z\"\/>\n<\/svg>\t\t<\/div>\n\t\t\t\t\t<div class=\"elementor-container elementor-column-gap-default\">\n\t\t\t\t\t<div class=\"elementor-column elementor-col-100 elementor-top-column elementor-element elementor-element-24f9d919\" data-id=\"24f9d919\" data-element_type=\"column\" data-e-type=\"column\">\n\t\t\t<div class=\"elementor-widget-wrap elementor-element-populated\">\n\t\t\t\t\t\t<div class=\"elementor-element elementor-element-35d9d7c elementor-widget elementor-widget-image\" data-id=\"35d9d7c\" data-element_type=\"widget\" data-e-type=\"widget\" data-widget_type=\"image.default\">\n\t\t\t\t<div class=\"elementor-widget-container\">\n\t\t\t\t\t\t\t\t\t\t\t\t\t\t\t<img fetchpriority=\"high\" decoding=\"async\" width=\"768\" height=\"693\" src=\"https:\/\/utfpr-ct-static-content.s3.amazonaws.com\/utfpr.curitiba.br\/wp-content\/uploads\/sites\/99\/2023\/04\/Logo-ABRALA-principalquadrada_Prancheta-1-768x693.png\" class=\"attachment-medium_large size-medium_large wp-image-3346\" alt=\"\" srcset=\"https:\/\/utfpr-ct-static-content.s3.amazonaws.com\/utfpr.curitiba.br\/wp-content\/uploads\/sites\/99\/2023\/04\/Logo-ABRALA-principalquadrada_Prancheta-1-768x693.png 768w, https:\/\/utfpr-ct-static-content.s3.amazonaws.com\/utfpr.curitiba.br\/wp-content\/uploads\/sites\/99\/2023\/04\/Logo-ABRALA-principalquadrada_Prancheta-1-300x271.png 300w, https:\/\/utfpr-ct-static-content.s3.amazonaws.com\/utfpr.curitiba.br\/wp-content\/uploads\/sites\/99\/2023\/04\/Logo-ABRALA-principalquadrada_Prancheta-1-1024x924.png 1024w\" sizes=\"(max-width: 768px) 100vw, 768px\" \/>\t\t\t\t\t\t\t\t\t\t\t\t\t\t\t<\/div>\n\t\t\t\t<\/div>\n\t\t\t\t\t<\/div>\n\t\t<\/div>\n\t\t\t\t\t<\/div>\n\t\t<\/section>\n\t\t\t\t<section class=\"elementor-section elementor-top-section elementor-element elementor-element-41f37438 elementor-section-boxed elementor-section-height-default elementor-section-height-default\" data-id=\"41f37438\" data-element_type=\"section\" data-e-type=\"section\">\n\t\t\t\t\t\t<div class=\"elementor-container elementor-column-gap-default\">\n\t\t\t\t\t<div class=\"elementor-column elementor-col-100 elementor-top-column elementor-element elementor-element-677a71ea\" data-id=\"677a71ea\" data-element_type=\"column\" data-e-type=\"column\" data-settings=\"{&quot;background_background&quot;:&quot;classic&quot;}\">\n\t\t\t<div class=\"elementor-widget-wrap elementor-element-populated\">\n\t\t\t\t\t<div class=\"elementor-background-overlay\"><\/div>\n\t\t\t\t\t\t<div class=\"elementor-element elementor-element-6f4056aa elementor-widget elementor-widget-spacer\" data-id=\"6f4056aa\" data-element_type=\"widget\" data-e-type=\"widget\" data-widget_type=\"spacer.default\">\n\t\t\t\t<div class=\"elementor-widget-container\">\n\t\t\t\t\t\t\t<div class=\"elementor-spacer\">\n\t\t\t<div class=\"elementor-spacer-inner\"><\/div>\n\t\t<\/div>\n\t\t\t\t\t\t<\/div>\n\t\t\t\t<\/div>\n\t\t\t\t<section class=\"elementor-section elementor-inner-section elementor-element elementor-element-67dfa5ed elementor-section-boxed elementor-section-height-default elementor-section-height-default\" data-id=\"67dfa5ed\" data-element_type=\"section\" data-e-type=\"section\">\n\t\t\t\t\t\t<div class=\"elementor-container elementor-column-gap-default\">\n\t\t\t\t\t<div class=\"elementor-column elementor-col-100 elementor-inner-column elementor-element elementor-element-70999b69\" data-id=\"70999b69\" data-element_type=\"column\" data-e-type=\"column\">\n\t\t\t<div class=\"elementor-widget-wrap elementor-element-populated\">\n\t\t\t\t\t\t<div class=\"elementor-element elementor-element-34465ac5 elementor-widget elementor-widget-heading\" data-id=\"34465ac5\" data-element_type=\"widget\" data-e-type=\"widget\" data-widget_type=\"heading.default\">\n\t\t\t\t<div class=\"elementor-widget-container\">\n\t\t\t\t\t<h1 class=\"elementor-heading-title elementor-size-default\">Eu o declaro meu inimigo - Marcos Buccini e Tiago Del\u00e1cio<\/h1>\t\t\t\t<\/div>\n\t\t\t\t<\/div>\n\t\t\t\t\t<\/div>\n\t\t<\/div>\n\t\t\t\t\t<\/div>\n\t\t<\/section>\n\t\t\t\t<section class=\"elementor-section elementor-inner-section elementor-element elementor-element-55e706c9 elementor-section-boxed elementor-section-height-default elementor-section-height-default\" data-id=\"55e706c9\" data-element_type=\"section\" data-e-type=\"section\">\n\t\t\t\t\t\t<div class=\"elementor-container elementor-column-gap-default\">\n\t\t\t\t\t<div class=\"elementor-column elementor-col-100 elementor-inner-column elementor-element elementor-element-5fe63d74\" data-id=\"5fe63d74\" data-element_type=\"column\" data-e-type=\"column\">\n\t\t\t<div class=\"elementor-widget-wrap elementor-element-populated\">\n\t\t\t\t\t\t<div class=\"elementor-element elementor-element-4d46e921 elementor-widget elementor-widget-image\" data-id=\"4d46e921\" data-element_type=\"widget\" data-e-type=\"widget\" data-widget_type=\"image.default\">\n\t\t\t\t<div class=\"elementor-widget-container\">\n\t\t\t\t\t\t\t\t\t\t\t\t\t\t\t<img decoding=\"async\" width=\"800\" height=\"338\" src=\"https:\/\/utfpr-ct-static-content.s3.amazonaws.com\/utfpr.curitiba.br\/wp-content\/uploads\/sites\/99\/2023\/05\/Eu-o-declaro-meu-inimigo-Marcos-Buccini-e-Tiago-Delacio-1024x433.png\" class=\"attachment-large size-large wp-image-5929\" alt=\"\" srcset=\"https:\/\/utfpr-ct-static-content.s3.amazonaws.com\/utfpr.curitiba.br\/wp-content\/uploads\/sites\/99\/2023\/05\/Eu-o-declaro-meu-inimigo-Marcos-Buccini-e-Tiago-Delacio-1024x433.png 1024w, https:\/\/utfpr-ct-static-content.s3.amazonaws.com\/utfpr.curitiba.br\/wp-content\/uploads\/sites\/99\/2023\/05\/Eu-o-declaro-meu-inimigo-Marcos-Buccini-e-Tiago-Delacio-300x127.png 300w, https:\/\/utfpr-ct-static-content.s3.amazonaws.com\/utfpr.curitiba.br\/wp-content\/uploads\/sites\/99\/2023\/05\/Eu-o-declaro-meu-inimigo-Marcos-Buccini-e-Tiago-Delacio-768x325.png 768w, https:\/\/utfpr-ct-static-content.s3.amazonaws.com\/utfpr.curitiba.br\/wp-content\/uploads\/sites\/99\/2023\/05\/Eu-o-declaro-meu-inimigo-Marcos-Buccini-e-Tiago-Delacio.png 1357w\" sizes=\"(max-width: 800px) 100vw, 800px\" \/>\t\t\t\t\t\t\t\t\t\t\t\t\t\t\t<\/div>\n\t\t\t\t<\/div>\n\t\t\t\t\t<\/div>\n\t\t<\/div>\n\t\t\t\t\t<\/div>\n\t\t<\/section>\n\t\t\t\t<section class=\"elementor-section elementor-inner-section elementor-element elementor-element-7d773a87 elementor-section-boxed elementor-section-height-default elementor-section-height-default\" data-id=\"7d773a87\" data-element_type=\"section\" data-e-type=\"section\">\n\t\t\t\t\t\t<div class=\"elementor-container elementor-column-gap-default\">\n\t\t\t\t\t<div class=\"elementor-column elementor-col-100 elementor-inner-column elementor-element elementor-element-70f9dcc2\" data-id=\"70f9dcc2\" data-element_type=\"column\" data-e-type=\"column\">\n\t\t\t<div class=\"elementor-widget-wrap\">\n\t\t\t\t\t\t\t<\/div>\n\t\t<\/div>\n\t\t\t\t\t<\/div>\n\t\t<\/section>\n\t\t\t\t<section class=\"elementor-section elementor-inner-section elementor-element elementor-element-4a9fdb0c elementor-section-boxed elementor-section-height-default elementor-section-height-default\" data-id=\"4a9fdb0c\" data-element_type=\"section\" data-e-type=\"section\">\n\t\t\t\t\t\t<div class=\"elementor-container elementor-column-gap-default\">\n\t\t\t\t\t<div class=\"elementor-column elementor-col-100 elementor-inner-column elementor-element elementor-element-766dcfc4\" data-id=\"766dcfc4\" data-element_type=\"column\" data-e-type=\"column\">\n\t\t\t<div class=\"elementor-widget-wrap elementor-element-populated\">\n\t\t\t\t\t\t<div class=\"elementor-element elementor-element-60e8cc80 elementor-position-left elementor-vertical-align-top elementor-widget elementor-widget-image-box\" data-id=\"60e8cc80\" data-element_type=\"widget\" data-e-type=\"widget\" data-widget_type=\"image-box.default\">\n\t\t\t\t<div class=\"elementor-widget-container\">\n\t\t\t\t\t<div class=\"elementor-image-box-wrapper\"><figure class=\"elementor-image-box-img\"><img decoding=\"async\" width=\"150\" height=\"150\" src=\"https:\/\/utfpr-ct-static-content.s3.amazonaws.com\/utfpr.curitiba.br\/wp-content\/uploads\/sites\/99\/2023\/04\/ABRALA-ICONS-19-150x150.png\" class=\"attachment-thumbnail size-thumbnail wp-image-3378\" alt=\"\" \/><\/figure><div class=\"elementor-image-box-content\"><h2 class=\"elementor-image-box-title\"><br>Synopsis<\/h2><\/div><\/div>\t\t\t\t<\/div>\n\t\t\t\t<\/div>\n\t\t\t\t<div class=\"elementor-element elementor-element-6a1b4b6b elementor-widget elementor-widget-text-editor\" data-id=\"6a1b4b6b\" data-element_type=\"widget\" data-e-type=\"widget\" data-widget_type=\"text-editor.default\">\n\t\t\t\t<div class=\"elementor-widget-container\">\n\t\t\t\t\t\t\t\t\t<p><span data-sheets-value=\"{&quot;1&quot;:2,&quot;2&quot;:&quot;\u201cEu O Declaro Meu Inimigo\u201d estar\u00e1 em O Fim Que Nunca Acaba, pr\u00f3ximo disco da banda. O clipe foi realizado colaborativamente por 127 ilustradores, artistas pl\u00e1sticos, designers, animadores, artistas gr\u00e1ficos. De todo o Brasil.&quot;}\" data-sheets-userformat=\"{&quot;2&quot;:13057,&quot;3&quot;:{&quot;1&quot;:0},&quot;11&quot;:4,&quot;12&quot;:0,&quot;15&quot;:&quot;Roboto, Arial, sans-serif&quot;,&quot;16&quot;:8}\">\u201cEu O Declaro Meu Inimigo\u201d <span class=\"jCAhz ChMk0b\"><span class=\"ryNqvb\">will be on O Fim Que Nunca End, the band&#8217;s next album.<\/span><\/span> <span class=\"jCAhz ChMk0b\"><span class=\"ryNqvb\">The clip was produced collaboratively by 127 illustrators, visual artists, designers, animators, graphic artists.<\/span><\/span> <span class=\"jCAhz ChMk0b\"><span class=\"ryNqvb\">From all over Brazil.<\/span><\/span><\/span><\/p>\t\t\t\t\t\t\t\t<\/div>\n\t\t\t\t<\/div>\n\t\t\t\t<div class=\"elementor-element elementor-element-54fddf64 elementor-position-left elementor-vertical-align-top elementor-widget elementor-widget-image-box\" data-id=\"54fddf64\" data-element_type=\"widget\" data-e-type=\"widget\" data-widget_type=\"image-box.default\">\n\t\t\t\t<div class=\"elementor-widget-container\">\n\t\t\t\t\t<div class=\"elementor-image-box-wrapper\"><figure class=\"elementor-image-box-img\"><img loading=\"lazy\" decoding=\"async\" width=\"150\" height=\"150\" src=\"https:\/\/utfpr-ct-static-content.s3.amazonaws.com\/utfpr.curitiba.br\/wp-content\/uploads\/sites\/99\/2023\/04\/ficha-tecnica-1-150x150.png\" class=\"attachment-thumbnail size-thumbnail wp-image-3839\" alt=\"\" srcset=\"https:\/\/utfpr-ct-static-content.s3.amazonaws.com\/utfpr.curitiba.br\/wp-content\/uploads\/sites\/99\/2023\/04\/ficha-tecnica-1-150x150.png 150w, https:\/\/utfpr-ct-static-content.s3.amazonaws.com\/utfpr.curitiba.br\/wp-content\/uploads\/sites\/99\/2023\/04\/ficha-tecnica-1-300x298.png 300w, https:\/\/utfpr-ct-static-content.s3.amazonaws.com\/utfpr.curitiba.br\/wp-content\/uploads\/sites\/99\/2023\/04\/ficha-tecnica-1-1024x1017.png 1024w, https:\/\/utfpr-ct-static-content.s3.amazonaws.com\/utfpr.curitiba.br\/wp-content\/uploads\/sites\/99\/2023\/04\/ficha-tecnica-1-768x763.png 768w, https:\/\/utfpr-ct-static-content.s3.amazonaws.com\/utfpr.curitiba.br\/wp-content\/uploads\/sites\/99\/2023\/04\/ficha-tecnica-1-1536x1526.png 1536w, https:\/\/utfpr-ct-static-content.s3.amazonaws.com\/utfpr.curitiba.br\/wp-content\/uploads\/sites\/99\/2023\/04\/ficha-tecnica-1.png 1760w\" sizes=\"(max-width: 150px) 100vw, 150px\" \/><\/figure><div class=\"elementor-image-box-content\"><h2 class=\"elementor-image-box-title\"><br>Datasheet<\/h2><\/div><\/div>\t\t\t\t<\/div>\n\t\t\t\t<\/div>\n\t\t\t\t<div class=\"elementor-element elementor-element-75515218 elementor-widget elementor-widget-text-editor\" data-id=\"75515218\" data-element_type=\"widget\" data-e-type=\"widget\" data-widget_type=\"text-editor.default\">\n\t\t\t\t<div class=\"elementor-widget-container\">\n\t\t\t\t\t\t\t\t\t<p><strong>Name: <\/strong>Eu o declaro meu inimigo<br \/><strong>Local:\u00a0<\/strong>Brazil<br \/><strong>Year of production:<\/strong> 2018<br \/><strong>Direction:<\/strong> <span data-sheets-value=\"{&quot;1&quot;:2,&quot;2&quot;:&quot;Marcos Buccini e Tiago Del\u00e1cio&quot;}\" data-sheets-userformat=\"{&quot;2&quot;:14783,&quot;3&quot;:{&quot;1&quot;:0},&quot;4&quot;:{&quot;1&quot;:2,&quot;2&quot;:13689059},&quot;5&quot;:{&quot;1&quot;:[{&quot;1&quot;:2,&quot;2&quot;:0,&quot;5&quot;:{&quot;1&quot;:2,&quot;2&quot;:0}},{&quot;1&quot;:0,&quot;2&quot;:0,&quot;3&quot;:3},{&quot;1&quot;:1,&quot;2&quot;:0,&quot;4&quot;:1}]},&quot;6&quot;:{&quot;1&quot;:[{&quot;1&quot;:2,&quot;2&quot;:0,&quot;5&quot;:{&quot;1&quot;:2,&quot;2&quot;:0}},{&quot;1&quot;:0,&quot;2&quot;:0,&quot;3&quot;:3},{&quot;1&quot;:1,&quot;2&quot;:0,&quot;4&quot;:1}]},&quot;7&quot;:{&quot;1&quot;:[{&quot;1&quot;:2,&quot;2&quot;:0,&quot;5&quot;:{&quot;1&quot;:2,&quot;2&quot;:0}},{&quot;1&quot;:0,&quot;2&quot;:0,&quot;3&quot;:3},{&quot;1&quot;:1,&quot;2&quot;:0,&quot;4&quot;:1}]},&quot;8&quot;:{&quot;1&quot;:[{&quot;1&quot;:2,&quot;2&quot;:0,&quot;5&quot;:{&quot;1&quot;:2,&quot;2&quot;:0}},{&quot;1&quot;:0,&quot;2&quot;:0,&quot;3&quot;:3},{&quot;1&quot;:1,&quot;2&quot;:0,&quot;4&quot;:1}]},&quot;10&quot;:0,&quot;11&quot;:4,&quot;14&quot;:{&quot;1&quot;:2,&quot;2&quot;:0},&quot;15&quot;:&quot;Raleway&quot;,&quot;16&quot;:8}\">Marcos Buccini e Tiago Del\u00e1cio<\/span><br \/><strong>Production\/Coproduction: \u2013<br \/>Format:<\/strong>\u00a0\u2013\u00a0<br \/><strong>Length: <\/strong>2&#8217;18&#8221;<br \/><strong>Technique:\u00a0<\/strong>\u2013<br \/><strong>Gender: \u2013<\/strong><\/p>\t\t\t\t\t\t\t\t<\/div>\n\t\t\t\t<\/div>\n\t\t\t\t<div class=\"elementor-element elementor-element-4b2480 elementor-position-left elementor-vertical-align-top elementor-widget elementor-widget-image-box\" data-id=\"4b2480\" data-element_type=\"widget\" data-e-type=\"widget\" data-widget_type=\"image-box.default\">\n\t\t\t\t<div class=\"elementor-widget-container\">\n\t\t\t\t\t<div class=\"elementor-image-box-wrapper\"><figure class=\"elementor-image-box-img\"><img loading=\"lazy\" decoding=\"async\" width=\"150\" height=\"150\" src=\"https:\/\/utfpr-ct-static-content.s3.amazonaws.com\/utfpr.curitiba.br\/wp-content\/uploads\/sites\/99\/2023\/04\/ABRALA-ICONS-17-150x150.png\" class=\"attachment-thumbnail size-thumbnail wp-image-3376\" alt=\"\" \/><\/figure><div class=\"elementor-image-box-content\"><h2 class=\"elementor-image-box-title\"><br>Exhibition<\/h2><\/div><\/div>\t\t\t\t<\/div>\n\t\t\t\t<\/div>\n\t\t\t\t<div class=\"elementor-element elementor-element-5f12ce08 elementor-widget elementor-widget-text-editor\" data-id=\"5f12ce08\" data-element_type=\"widget\" data-e-type=\"widget\" data-widget_type=\"text-editor.default\">\n\t\t\t\t<div class=\"elementor-widget-container\">\n\t\t\t\t\t\t\t\t\t<p><strong>Festival:<\/strong>\u00a0Pernambuco International Animation Festival (ANIMAGE)<br \/><strong>Year<\/strong>: 2021<br \/><strong>Country of the festival:<\/strong>\u00a0Brazil<br \/><strong>Scope of the festival:<\/strong>\u00a0International<\/p>\t\t\t\t\t\t\t\t<\/div>\n\t\t\t\t<\/div>\n\t\t\t\t\t<\/div>\n\t\t<\/div>\n\t\t\t\t\t<\/div>\n\t\t<\/section>\n\t\t\t\t<div class=\"elementor-element elementor-element-2e230d83 elementor-position-left elementor-vertical-align-top elementor-widget elementor-widget-image-box\" data-id=\"2e230d83\" data-element_type=\"widget\" data-e-type=\"widget\" data-widget_type=\"image-box.default\">\n\t\t\t\t<div class=\"elementor-widget-container\">\n\t\t\t\t\t<div class=\"elementor-image-box-wrapper\"><figure class=\"elementor-image-box-img\"><img loading=\"lazy\" decoding=\"async\" width=\"150\" height=\"150\" src=\"https:\/\/utfpr-ct-static-content.s3.amazonaws.com\/utfpr.curitiba.br\/wp-content\/uploads\/sites\/99\/2023\/04\/ABRALA-ICONS-20-150x150.png\" class=\"attachment-thumbnail size-thumbnail wp-image-3379\" alt=\"\" \/><\/figure><div class=\"elementor-image-box-content\"><h2 class=\"elementor-image-box-title\"><br>Competitor Category<\/h2><\/div><\/div>\t\t\t\t<\/div>\n\t\t\t\t<\/div>\n\t\t\t\t<div class=\"elementor-element elementor-element-57195da8 elementor-widget elementor-widget-text-editor\" data-id=\"57195da8\" data-element_type=\"widget\" data-e-type=\"widget\" data-widget_type=\"text-editor.default\">\n\t\t\t\t<div class=\"elementor-widget-container\">\n\t\t\t\t\t\t\t\t\t<p><b>Competitor Category: <\/b>Shows Pernambuco animating for the world<b><br \/><\/b><strong>Award: \u2013<br \/>Other festivals in which it participates: \u2013<\/strong><\/p>\t\t\t\t\t\t\t\t<\/div>\n\t\t\t\t<\/div>\n\t\t\t\t<div class=\"elementor-element elementor-element-73219a elementor-position-left elementor-vertical-align-top elementor-widget elementor-widget-image-box\" data-id=\"73219a\" data-element_type=\"widget\" data-e-type=\"widget\" data-widget_type=\"image-box.default\">\n\t\t\t\t<div class=\"elementor-widget-container\">\n\t\t\t\t\t<div class=\"elementor-image-box-wrapper\"><figure class=\"elementor-image-box-img\"><img loading=\"lazy\" decoding=\"async\" width=\"150\" height=\"150\" src=\"https:\/\/utfpr-ct-static-content.s3.amazonaws.com\/utfpr.curitiba.br\/wp-content\/uploads\/sites\/99\/2023\/04\/ABRALA-ICONS-12-150x150.png\" class=\"attachment-thumbnail size-thumbnail wp-image-3371\" alt=\"\" \/><\/figure><div class=\"elementor-image-box-content\"><h2 class=\"elementor-image-box-title\"><br>Available online<\/h2><\/div><\/div>\t\t\t\t<\/div>\n\t\t\t\t<\/div>\n\t\t\t\t<div class=\"elementor-element elementor-element-48578761 elementor-align-center elementor-widget elementor-widget-button\" data-id=\"48578761\" data-element_type=\"widget\" data-e-type=\"widget\" data-widget_type=\"button.default\">\n\t\t\t\t<div class=\"elementor-widget-container\">\n\t\t\t\t\t\t\t\t\t<div class=\"elementor-button-wrapper\">\n\t\t\t\t\t<a class=\"elementor-button elementor-button-link elementor-size-md\" href=\"https:\/\/www.youtube.com\/watch?v=oD8jhCTHHl4&#038;ab_channel=DevotosOficial\">\n\t\t\t\t\t\t<span class=\"elementor-button-content-wrapper\">\n\t\t\t\t\t\t\t\t\t<span class=\"elementor-button-text\">Watch here<\/span>\n\t\t\t\t\t<\/span>\n\t\t\t\t\t<\/a>\n\t\t\t\t<\/div>\n\t\t\t\t\t\t\t\t<\/div>\n\t\t\t\t<\/div>\n\t\t\t\t\t<\/div>\n\t\t<\/div>\n\t\t\t\t\t<\/div>\n\t\t<\/section>\n\t\t\t\t<section class=\"elementor-section elementor-top-section elementor-element elementor-element-5fab8029 elementor-section-boxed elementor-section-height-default elementor-section-height-default\" data-id=\"5fab8029\" data-element_type=\"section\" data-e-type=\"section\">\n\t\t\t\t\t\t<div class=\"elementor-container elementor-column-gap-default\">\n\t\t\t\t\t<div class=\"elementor-column elementor-col-100 elementor-top-column elementor-element elementor-element-428a2f4\" data-id=\"428a2f4\" data-element_type=\"column\" data-e-type=\"column\">\n\t\t\t<div class=\"elementor-widget-wrap elementor-element-populated\">\n\t\t\t\t\t\t<div class=\"elementor-element elementor-element-76b95bd2 elementor-widget elementor-widget-spacer\" data-id=\"76b95bd2\" data-element_type=\"widget\" data-e-type=\"widget\" data-widget_type=\"spacer.default\">\n\t\t\t\t<div class=\"elementor-widget-container\">\n\t\t\t\t\t\t\t<div class=\"elementor-spacer\">\n\t\t\t<div class=\"elementor-spacer-inner\"><\/div>\n\t\t<\/div>\n\t\t\t\t\t\t<\/div>\n\t\t\t\t<\/div>\n\t\t\t\t\t<\/div>\n\t\t<\/div>\n\t\t\t\t\t<\/div>\n\t\t<\/section>\n\t\t\t\t<section class=\"elementor-section elementor-top-section elementor-element elementor-element-5e6cb71 elementor-section-content-middle elementor-section-boxed elementor-section-height-default elementor-section-height-default\" data-id=\"5e6cb71\" data-element_type=\"section\" data-e-type=\"section\" data-settings=\"{&quot;background_background&quot;:&quot;video&quot;}\">\n\t\t\t\t\t\t<div class=\"elementor-container elementor-column-gap-default\">\n\t\t\t\t\t<div class=\"elementor-column elementor-col-33 elementor-top-column elementor-element elementor-element-1bc281a\" data-id=\"1bc281a\" data-element_type=\"column\" data-e-type=\"column\">\n\t\t\t<div class=\"elementor-widget-wrap elementor-element-populated\">\n\t\t\t\t\t\t<div class=\"elementor-element elementor-element-c278d90 elementor-widget elementor-widget-image\" data-id=\"c278d90\" data-element_type=\"widget\" data-e-type=\"widget\" data-widget_type=\"image.default\">\n\t\t\t\t<div class=\"elementor-widget-container\">\n\t\t\t\t\t\t\t\t\t\t\t\t\t\t\t<img loading=\"lazy\" decoding=\"async\" width=\"800\" height=\"473\" src=\"https:\/\/utfpr-ct-static-content.s3.amazonaws.com\/utfpr.curitiba.br\/wp-content\/uploads\/sites\/99\/2020\/11\/cropped-logo-nucleo-branco-1024x606.png\" class=\"attachment-large size-large wp-image-3079\" alt=\"\" srcset=\"https:\/\/utfpr-ct-static-content.s3.amazonaws.com\/utfpr.curitiba.br\/wp-content\/uploads\/sites\/99\/2020\/11\/cropped-logo-nucleo-branco-1024x606.png 1024w, https:\/\/utfpr-ct-static-content.s3.amazonaws.com\/utfpr.curitiba.br\/wp-content\/uploads\/sites\/99\/2020\/11\/cropped-logo-nucleo-branco-300x177.png 300w, https:\/\/utfpr-ct-static-content.s3.amazonaws.com\/utfpr.curitiba.br\/wp-content\/uploads\/sites\/99\/2020\/11\/cropped-logo-nucleo-branco-768x454.png 768w, https:\/\/utfpr-ct-static-content.s3.amazonaws.com\/utfpr.curitiba.br\/wp-content\/uploads\/sites\/99\/2020\/11\/cropped-logo-nucleo-branco.png 1087w\" sizes=\"(max-width: 800px) 100vw, 800px\" \/>\t\t\t\t\t\t\t\t\t\t\t\t\t\t\t<\/div>\n\t\t\t\t<\/div>\n\t\t\t\t\t<\/div>\n\t\t<\/div>\n\t\t\t\t<div class=\"elementor-column elementor-col-33 elementor-top-column elementor-element elementor-element-13b8499\" data-id=\"13b8499\" data-element_type=\"column\" data-e-type=\"column\">\n\t\t\t<div class=\"elementor-widget-wrap elementor-element-populated\">\n\t\t\t\t\t\t<div class=\"elementor-element elementor-element-cd969e3 elementor-widget elementor-widget-image\" data-id=\"cd969e3\" data-element_type=\"widget\" data-e-type=\"widget\" data-widget_type=\"image.default\">\n\t\t\t\t<div class=\"elementor-widget-container\">\n\t\t\t\t\t\t\t\t\t\t\t\t\t\t\t<img loading=\"lazy\" decoding=\"async\" width=\"230\" height=\"230\" src=\"https:\/\/utfpr-ct-static-content.s3.amazonaws.com\/utfpr.curitiba.br\/wp-content\/uploads\/sites\/99\/2023\/04\/dadinlogo.png\" class=\"attachment-medium size-medium wp-image-3532\" alt=\"\" srcset=\"https:\/\/utfpr-ct-static-content.s3.amazonaws.com\/utfpr.curitiba.br\/wp-content\/uploads\/sites\/99\/2023\/04\/dadinlogo.png 230w, https:\/\/utfpr-ct-static-content.s3.amazonaws.com\/utfpr.curitiba.br\/wp-content\/uploads\/sites\/99\/2023\/04\/dadinlogo-150x150.png 150w\" sizes=\"(max-width: 230px) 100vw, 230px\" \/>\t\t\t\t\t\t\t\t\t\t\t\t\t\t\t<\/div>\n\t\t\t\t<\/div>\n\t\t\t\t\t<\/div>\n\t\t<\/div>\n\t\t\t\t<div class=\"elementor-column elementor-col-33 elementor-top-column elementor-element elementor-element-a32bd2f\" data-id=\"a32bd2f\" data-element_type=\"column\" data-e-type=\"column\">\n\t\t\t<div class=\"elementor-widget-wrap elementor-element-populated\">\n\t\t\t\t\t\t<div class=\"elementor-element elementor-element-1bd5e0e elementor-widget elementor-widget-image\" data-id=\"1bd5e0e\" data-element_type=\"widget\" data-e-type=\"widget\" data-widget_type=\"image.default\">\n\t\t\t\t<div class=\"elementor-widget-container\">\n\t\t\t\t\t\t\t\t\t\t\t\t\t\t\t<img loading=\"lazy\" decoding=\"async\" width=\"800\" height=\"297\" src=\"https:\/\/utfpr-ct-static-content.s3.amazonaws.com\/utfpr.curitiba.br\/wp-content\/uploads\/sites\/99\/2023\/04\/utfpr1.png\" class=\"attachment-large size-large wp-image-3531\" alt=\"\" srcset=\"https:\/\/utfpr-ct-static-content.s3.amazonaws.com\/utfpr.curitiba.br\/wp-content\/uploads\/sites\/99\/2023\/04\/utfpr1.png 877w, https:\/\/utfpr-ct-static-content.s3.amazonaws.com\/utfpr.curitiba.br\/wp-content\/uploads\/sites\/99\/2023\/04\/utfpr1-300x112.png 300w, https:\/\/utfpr-ct-static-content.s3.amazonaws.com\/utfpr.curitiba.br\/wp-content\/uploads\/sites\/99\/2023\/04\/utfpr1-768x285.png 768w\" sizes=\"(max-width: 800px) 100vw, 800px\" \/>\t\t\t\t\t\t\t\t\t\t\t\t\t\t\t<\/div>\n\t\t\t\t<\/div>\n\t\t\t\t\t<\/div>\n\t\t<\/div>\n\t\t\t\t\t<\/div>\n\t\t<\/section>\n\t\t\t\t<\/div>\n\t\t","protected":false},"excerpt":{"rendered":"<p>In\u00edcio A iniciativa Quem somos Festivais ANIMAGE \u2013 Festival Internacional de Anima\u00e7\u00e3o de Pernambuco ANIMA\u00cd \u2013 Encontro Baiano de Anima\u00e7\u00e3o e Games Anima Cear\u00e1 ANIMATIBA \u2013 Festival Internacional de Anima\u00e7\u00e3o de Curitiba Anim!Arte Baixada Animada \u2013 Mostra Ibero-Americana de Cinema de Anima\u00e7\u00e3o Dia Internacional da Anima\u00e7\u00e3o de Goi\u00e2nia ExperimentAnima FIAB \u2013 Festival Internacional de Anima\u00e7\u00e3o [&hellip;]<\/p>\n","protected":false},"author":174,"featured_media":5929,"comment_status":"closed","ping_status":"closed","sticky":false,"template":"elementor_canvas","format":"standard","meta":{"footnotes":""},"categories":[1372,3584,3628,3142,3440],"tags":[],"ano_festival":[1416],"ano_producao":[],"tecnica":[],"genero":[],"disponivel_online":[1833],"festival":[3786],"categoria_concorrente":[1908],"local":[3848],"available_online":[],"class_list":["post-8726","post","type-post","status-publish","format-standard","has-post-thumbnail","hentry","category-abrala-en","category-animage-pernambuco-international-animation-festival","category-brazil-en","category-marcos-buccini","category-tiago-delacio","ano_festival-2021-en","disponivel_online-yes","festival-animage-pernambuco-international-animation-festival","categoria_concorrente-shows-pernambuco-animating-for-the-world","local-brazil-en"],"_links":{"self":[{"href":"https:\/\/utfpr.curitiba.br\/nucleodesignanimacao\/index.php?rest_route=\/wp\/v2\/posts\/8726","targetHints":{"allow":["GET"]}}],"collection":[{"href":"https:\/\/utfpr.curitiba.br\/nucleodesignanimacao\/index.php?rest_route=\/wp\/v2\/posts"}],"about":[{"href":"https:\/\/utfpr.curitiba.br\/nucleodesignanimacao\/index.php?rest_route=\/wp\/v2\/types\/post"}],"author":[{"embeddable":true,"href":"https:\/\/utfpr.curitiba.br\/nucleodesignanimacao\/index.php?rest_route=\/wp\/v2\/users\/174"}],"replies":[{"embeddable":true,"href":"https:\/\/utfpr.curitiba.br\/nucleodesignanimacao\/index.php?rest_route=%2Fwp%2Fv2%2Fcomments&post=8726"}],"version-history":[{"count":7,"href":"https:\/\/utfpr.curitiba.br\/nucleodesignanimacao\/index.php?rest_route=\/wp\/v2\/posts\/8726\/revisions"}],"predecessor-version":[{"id":12069,"href":"https:\/\/utfpr.curitiba.br\/nucleodesignanimacao\/index.php?rest_route=\/wp\/v2\/posts\/8726\/revisions\/12069"}],"wp:featuredmedia":[{"embeddable":true,"href":"https:\/\/utfpr.curitiba.br\/nucleodesignanimacao\/index.php?rest_route=\/wp\/v2\/media\/5929"}],"wp:attachment":[{"href":"https:\/\/utfpr.curitiba.br\/nucleodesignanimacao\/index.php?rest_route=%2Fwp%2Fv2%2Fmedia&parent=8726"}],"wp:term":[{"taxonomy":"category","embeddable":true,"href":"https:\/\/utfpr.curitiba.br\/nucleodesignanimacao\/index.php?rest_route=%2Fwp%2Fv2%2Fcategories&post=8726"},{"taxonomy":"post_tag","embeddable":true,"href":"https:\/\/utfpr.curitiba.br\/nucleodesignanimacao\/index.php?rest_route=%2Fwp%2Fv2%2Ftags&post=8726"},{"taxonomy":"ano_festival","embeddable":true,"href":"https:\/\/utfpr.curitiba.br\/nucleodesignanimacao\/index.php?rest_route=%2Fwp%2Fv2%2Fano_festival&post=8726"},{"taxonomy":"ano_producao","embeddable":true,"href":"https:\/\/utfpr.curitiba.br\/nucleodesignanimacao\/index.php?rest_route=%2Fwp%2Fv2%2Fano_producao&post=8726"},{"taxonomy":"tecnica","embeddable":true,"href":"https:\/\/utfpr.curitiba.br\/nucleodesignanimacao\/index.php?rest_route=%2Fwp%2Fv2%2Ftecnica&post=8726"},{"taxonomy":"genero","embeddable":true,"href":"https:\/\/utfpr.curitiba.br\/nucleodesignanimacao\/index.php?rest_route=%2Fwp%2Fv2%2Fgenero&post=8726"},{"taxonomy":"disponivel_online","embeddable":true,"href":"https:\/\/utfpr.curitiba.br\/nucleodesignanimacao\/index.php?rest_route=%2Fwp%2Fv2%2Fdisponivel_online&post=8726"},{"taxonomy":"festival","embeddable":true,"href":"https:\/\/utfpr.curitiba.br\/nucleodesignanimacao\/index.php?rest_route=%2Fwp%2Fv2%2Ffestival&post=8726"},{"taxonomy":"categoria_concorrente","embeddable":true,"href":"https:\/\/utfpr.curitiba.br\/nucleodesignanimacao\/index.php?rest_route=%2Fwp%2Fv2%2Fcategoria_concorrente&post=8726"},{"taxonomy":"local","embeddable":true,"href":"https:\/\/utfpr.curitiba.br\/nucleodesignanimacao\/index.php?rest_route=%2Fwp%2Fv2%2Flocal&post=8726"},{"taxonomy":"available_online","embeddable":true,"href":"https:\/\/utfpr.curitiba.br\/nucleodesignanimacao\/index.php?rest_route=%2Fwp%2Fv2%2Favailable_online&post=8726"}],"curies":[{"name":"wp","href":"https:\/\/api.w.org\/{rel}","templated":true}]}}