{"id":8046,"date":"2023-07-10T16:57:30","date_gmt":"2023-07-10T19:57:30","guid":{"rendered":"https:\/\/utfpr.curitiba.br\/nucleodesignanimacao\/?p=8046"},"modified":"2023-09-11T13:16:47","modified_gmt":"2023-09-11T16:16:47","slug":"vento-viajante-analucia-godoi-e-alunos-2","status":"publish","type":"post","link":"https:\/\/utfpr.curitiba.br\/nucleodesignanimacao\/?p=8046","title":{"rendered":"Vento Viajante &#8211; Anal\u00facia Godoi e alunos"},"content":{"rendered":"\t\t<div data-elementor-type=\"wp-post\" data-elementor-id=\"8046\" class=\"elementor elementor-8046\">\n\t\t\t\t\t\t<section class=\"elementor-section elementor-top-section elementor-element elementor-element-a9eca6f elementor-section-boxed elementor-section-height-default elementor-section-height-default\" data-id=\"a9eca6f\" data-element_type=\"section\" data-e-type=\"section\">\n\t\t\t\t\t\t<div class=\"elementor-container elementor-column-gap-default\">\n\t\t\t\t\t<div class=\"elementor-column elementor-col-100 elementor-top-column elementor-element elementor-element-7a2fa92e\" data-id=\"7a2fa92e\" data-element_type=\"column\" data-e-type=\"column\">\n\t\t\t<div class=\"elementor-widget-wrap\">\n\t\t\t\t\t\t\t<\/div>\n\t\t<\/div>\n\t\t\t\t\t<\/div>\n\t\t<\/section>\n\t\t\t\t<section class=\"elementor-section elementor-top-section elementor-element elementor-element-781a91bd elementor-section-height-min-height elementor-section-boxed elementor-section-height-default elementor-section-items-middle\" data-id=\"781a91bd\" data-element_type=\"section\" data-e-type=\"section\" data-settings=\"{&quot;background_background&quot;:&quot;video&quot;,&quot;shape_divider_bottom&quot;:&quot;curve&quot;,&quot;shape_divider_bottom_negative&quot;:&quot;yes&quot;}\">\n\t\t\t\t\t<div class=\"elementor-shape elementor-shape-bottom\" aria-hidden=\"true\" data-negative=\"true\">\n\t\t\t<svg xmlns=\"http:\/\/www.w3.org\/2000\/svg\" viewBox=\"0 0 1000 100\" preserveAspectRatio=\"none\">\n\t<path class=\"elementor-shape-fill\" d=\"M500,97C126.7,96.3,0.8,19.8,0,0v100l1000,0V1C1000,19.4,873.3,97.8,500,97z\"\/>\n<\/svg>\t\t<\/div>\n\t\t\t\t\t<div class=\"elementor-container elementor-column-gap-default\">\n\t\t\t\t\t<div class=\"elementor-column elementor-col-100 elementor-top-column elementor-element elementor-element-4ca27562\" data-id=\"4ca27562\" data-element_type=\"column\" data-e-type=\"column\">\n\t\t\t<div class=\"elementor-widget-wrap elementor-element-populated\">\n\t\t\t\t\t\t<div class=\"elementor-element elementor-element-49a8c30c elementor-widget elementor-widget-image\" data-id=\"49a8c30c\" data-element_type=\"widget\" data-e-type=\"widget\" data-widget_type=\"image.default\">\n\t\t\t\t<div class=\"elementor-widget-container\">\n\t\t\t\t\t\t\t\t\t\t\t\t\t\t\t<img fetchpriority=\"high\" decoding=\"async\" width=\"768\" height=\"693\" src=\"https:\/\/utfpr-ct-static-content.s3.amazonaws.com\/utfpr.curitiba.br\/wp-content\/uploads\/sites\/99\/2023\/04\/Logo-ABRALA-principalquadrada_Prancheta-1-768x693.png\" class=\"attachment-medium_large size-medium_large wp-image-3346\" alt=\"\" srcset=\"https:\/\/utfpr-ct-static-content.s3.amazonaws.com\/utfpr.curitiba.br\/wp-content\/uploads\/sites\/99\/2023\/04\/Logo-ABRALA-principalquadrada_Prancheta-1-768x693.png 768w, https:\/\/utfpr-ct-static-content.s3.amazonaws.com\/utfpr.curitiba.br\/wp-content\/uploads\/sites\/99\/2023\/04\/Logo-ABRALA-principalquadrada_Prancheta-1-300x271.png 300w, https:\/\/utfpr-ct-static-content.s3.amazonaws.com\/utfpr.curitiba.br\/wp-content\/uploads\/sites\/99\/2023\/04\/Logo-ABRALA-principalquadrada_Prancheta-1-1024x924.png 1024w\" sizes=\"(max-width: 768px) 100vw, 768px\" \/>\t\t\t\t\t\t\t\t\t\t\t\t\t\t\t<\/div>\n\t\t\t\t<\/div>\n\t\t\t\t\t<\/div>\n\t\t<\/div>\n\t\t\t\t\t<\/div>\n\t\t<\/section>\n\t\t\t\t<section class=\"elementor-section elementor-top-section elementor-element elementor-element-24de405f elementor-section-boxed elementor-section-height-default elementor-section-height-default\" data-id=\"24de405f\" data-element_type=\"section\" data-e-type=\"section\">\n\t\t\t\t\t\t<div class=\"elementor-container elementor-column-gap-default\">\n\t\t\t\t\t<div class=\"elementor-column elementor-col-100 elementor-top-column elementor-element elementor-element-1c901cf9\" data-id=\"1c901cf9\" data-element_type=\"column\" data-e-type=\"column\" data-settings=\"{&quot;background_background&quot;:&quot;classic&quot;}\">\n\t\t\t<div class=\"elementor-widget-wrap elementor-element-populated\">\n\t\t\t\t\t<div class=\"elementor-background-overlay\"><\/div>\n\t\t\t\t\t\t<div class=\"elementor-element elementor-element-4341a323 elementor-widget elementor-widget-spacer\" data-id=\"4341a323\" data-element_type=\"widget\" data-e-type=\"widget\" data-widget_type=\"spacer.default\">\n\t\t\t\t<div class=\"elementor-widget-container\">\n\t\t\t\t\t\t\t<div class=\"elementor-spacer\">\n\t\t\t<div class=\"elementor-spacer-inner\"><\/div>\n\t\t<\/div>\n\t\t\t\t\t\t<\/div>\n\t\t\t\t<\/div>\n\t\t\t\t<section class=\"elementor-section elementor-inner-section elementor-element elementor-element-2ee88cb7 elementor-section-boxed elementor-section-height-default elementor-section-height-default\" data-id=\"2ee88cb7\" data-element_type=\"section\" data-e-type=\"section\">\n\t\t\t\t\t\t<div class=\"elementor-container elementor-column-gap-default\">\n\t\t\t\t\t<div class=\"elementor-column elementor-col-100 elementor-inner-column elementor-element elementor-element-56d9c8b1\" data-id=\"56d9c8b1\" data-element_type=\"column\" data-e-type=\"column\">\n\t\t\t<div class=\"elementor-widget-wrap elementor-element-populated\">\n\t\t\t\t\t\t<div class=\"elementor-element elementor-element-52c83237 elementor-widget elementor-widget-heading\" data-id=\"52c83237\" data-element_type=\"widget\" data-e-type=\"widget\" data-widget_type=\"heading.default\">\n\t\t\t\t<div class=\"elementor-widget-container\">\n\t\t\t\t\t<h1 class=\"elementor-heading-title elementor-size-default\">Vento Viajante - Anal\u00facia Godoi e os alunos<\/h1>\t\t\t\t<\/div>\n\t\t\t\t<\/div>\n\t\t\t\t\t<\/div>\n\t\t<\/div>\n\t\t\t\t\t<\/div>\n\t\t<\/section>\n\t\t\t\t<section class=\"elementor-section elementor-inner-section elementor-element elementor-element-64f7da83 elementor-section-boxed elementor-section-height-default elementor-section-height-default\" data-id=\"64f7da83\" data-element_type=\"section\" data-e-type=\"section\">\n\t\t\t\t\t\t<div class=\"elementor-container elementor-column-gap-default\">\n\t\t\t\t\t<div class=\"elementor-column elementor-col-100 elementor-inner-column elementor-element elementor-element-77f2e0e6\" data-id=\"77f2e0e6\" data-element_type=\"column\" data-e-type=\"column\">\n\t\t\t<div class=\"elementor-widget-wrap elementor-element-populated\">\n\t\t\t\t\t\t<div class=\"elementor-element elementor-element-244b5af2 elementor-widget elementor-widget-image\" data-id=\"244b5af2\" data-element_type=\"widget\" data-e-type=\"widget\" data-widget_type=\"image.default\">\n\t\t\t\t<div class=\"elementor-widget-container\">\n\t\t\t\t\t\t\t\t\t\t\t\t\t\t\t<img decoding=\"async\" width=\"800\" height=\"367\" src=\"https:\/\/utfpr-ct-static-content.s3.amazonaws.com\/utfpr.curitiba.br\/wp-content\/uploads\/sites\/99\/2023\/05\/Vento-Viajante-Analucia-Godoi-e-Os-alunos-1024x470.png\" class=\"attachment-large size-large wp-image-4924\" alt=\"\" srcset=\"https:\/\/utfpr-ct-static-content.s3.amazonaws.com\/utfpr.curitiba.br\/wp-content\/uploads\/sites\/99\/2023\/05\/Vento-Viajante-Analucia-Godoi-e-Os-alunos-1024x470.png 1024w, https:\/\/utfpr-ct-static-content.s3.amazonaws.com\/utfpr.curitiba.br\/wp-content\/uploads\/sites\/99\/2023\/05\/Vento-Viajante-Analucia-Godoi-e-Os-alunos-300x138.png 300w, https:\/\/utfpr-ct-static-content.s3.amazonaws.com\/utfpr.curitiba.br\/wp-content\/uploads\/sites\/99\/2023\/05\/Vento-Viajante-Analucia-Godoi-e-Os-alunos-768x352.png 768w, https:\/\/utfpr-ct-static-content.s3.amazonaws.com\/utfpr.curitiba.br\/wp-content\/uploads\/sites\/99\/2023\/05\/Vento-Viajante-Analucia-Godoi-e-Os-alunos-1536x705.png 1536w, https:\/\/utfpr-ct-static-content.s3.amazonaws.com\/utfpr.curitiba.br\/wp-content\/uploads\/sites\/99\/2023\/05\/Vento-Viajante-Analucia-Godoi-e-Os-alunos-1170x536.png 1170w, https:\/\/utfpr-ct-static-content.s3.amazonaws.com\/utfpr.curitiba.br\/wp-content\/uploads\/sites\/99\/2023\/05\/Vento-Viajante-Analucia-Godoi-e-Os-alunos.png 1920w\" sizes=\"(max-width: 800px) 100vw, 800px\" \/>\t\t\t\t\t\t\t\t\t\t\t\t\t\t\t<\/div>\n\t\t\t\t<\/div>\n\t\t\t\t\t<\/div>\n\t\t<\/div>\n\t\t\t\t\t<\/div>\n\t\t<\/section>\n\t\t\t\t<section class=\"elementor-section elementor-inner-section elementor-element elementor-element-2d4eee5e elementor-section-boxed elementor-section-height-default elementor-section-height-default\" data-id=\"2d4eee5e\" data-element_type=\"section\" data-e-type=\"section\">\n\t\t\t\t\t\t<div class=\"elementor-container elementor-column-gap-default\">\n\t\t\t\t\t<div class=\"elementor-column elementor-col-100 elementor-inner-column elementor-element elementor-element-6c45293c\" data-id=\"6c45293c\" data-element_type=\"column\" data-e-type=\"column\">\n\t\t\t<div class=\"elementor-widget-wrap\">\n\t\t\t\t\t\t\t<\/div>\n\t\t<\/div>\n\t\t\t\t\t<\/div>\n\t\t<\/section>\n\t\t\t\t<section class=\"elementor-section elementor-inner-section elementor-element elementor-element-48376ed3 elementor-section-boxed elementor-section-height-default elementor-section-height-default\" data-id=\"48376ed3\" data-element_type=\"section\" data-e-type=\"section\">\n\t\t\t\t\t\t<div class=\"elementor-container elementor-column-gap-default\">\n\t\t\t\t\t<div class=\"elementor-column elementor-col-100 elementor-inner-column elementor-element elementor-element-47991645\" data-id=\"47991645\" data-element_type=\"column\" data-e-type=\"column\">\n\t\t\t<div class=\"elementor-widget-wrap elementor-element-populated\">\n\t\t\t\t\t\t<div class=\"elementor-element elementor-element-577d1b3c elementor-position-left elementor-vertical-align-middle elementor-widget elementor-widget-image-box\" data-id=\"577d1b3c\" data-element_type=\"widget\" data-e-type=\"widget\" data-widget_type=\"image-box.default\">\n\t\t\t\t<div class=\"elementor-widget-container\">\n\t\t\t\t\t<div class=\"elementor-image-box-wrapper\"><figure class=\"elementor-image-box-img\"><img decoding=\"async\" width=\"150\" height=\"150\" src=\"https:\/\/utfpr-ct-static-content.s3.amazonaws.com\/utfpr.curitiba.br\/wp-content\/uploads\/sites\/99\/2023\/04\/ABRALA-ICONS-19-150x150.png\" class=\"attachment-thumbnail size-thumbnail wp-image-3378\" alt=\"\" \/><\/figure><div class=\"elementor-image-box-content\"><h2 class=\"elementor-image-box-title\">Synopsis<\/h2><\/div><\/div>\t\t\t\t<\/div>\n\t\t\t\t<\/div>\n\t\t\t\t<div class=\"elementor-element elementor-element-1bb52220 elementor-widget elementor-widget-text-editor\" data-id=\"1bb52220\" data-element_type=\"widget\" data-e-type=\"widget\" data-widget_type=\"text-editor.default\">\n\t\t\t\t<div class=\"elementor-widget-container\">\n\t\t\t\t\t\t\t\t\t<p>One day the Wind decided to travel to the Northeast. Along the way he made many discoveries, made friends and was missed.<\/p>\t\t\t\t\t\t\t\t<\/div>\n\t\t\t\t<\/div>\n\t\t\t\t<div class=\"elementor-element elementor-element-5d1862ee elementor-position-left elementor-vertical-align-middle elementor-widget elementor-widget-image-box\" data-id=\"5d1862ee\" data-element_type=\"widget\" data-e-type=\"widget\" data-widget_type=\"image-box.default\">\n\t\t\t\t<div class=\"elementor-widget-container\">\n\t\t\t\t\t<div class=\"elementor-image-box-wrapper\"><figure class=\"elementor-image-box-img\"><img loading=\"lazy\" decoding=\"async\" width=\"150\" height=\"150\" src=\"https:\/\/utfpr-ct-static-content.s3.amazonaws.com\/utfpr.curitiba.br\/wp-content\/uploads\/sites\/99\/2023\/04\/ficha-tecnica-1-150x150.png\" class=\"attachment-thumbnail size-thumbnail wp-image-3839\" alt=\"\" srcset=\"https:\/\/utfpr-ct-static-content.s3.amazonaws.com\/utfpr.curitiba.br\/wp-content\/uploads\/sites\/99\/2023\/04\/ficha-tecnica-1-150x150.png 150w, https:\/\/utfpr-ct-static-content.s3.amazonaws.com\/utfpr.curitiba.br\/wp-content\/uploads\/sites\/99\/2023\/04\/ficha-tecnica-1-300x298.png 300w, https:\/\/utfpr-ct-static-content.s3.amazonaws.com\/utfpr.curitiba.br\/wp-content\/uploads\/sites\/99\/2023\/04\/ficha-tecnica-1-1024x1017.png 1024w, https:\/\/utfpr-ct-static-content.s3.amazonaws.com\/utfpr.curitiba.br\/wp-content\/uploads\/sites\/99\/2023\/04\/ficha-tecnica-1-768x763.png 768w, https:\/\/utfpr-ct-static-content.s3.amazonaws.com\/utfpr.curitiba.br\/wp-content\/uploads\/sites\/99\/2023\/04\/ficha-tecnica-1-1536x1526.png 1536w, https:\/\/utfpr-ct-static-content.s3.amazonaws.com\/utfpr.curitiba.br\/wp-content\/uploads\/sites\/99\/2023\/04\/ficha-tecnica-1.png 1760w\" sizes=\"(max-width: 150px) 100vw, 150px\" \/><\/figure><div class=\"elementor-image-box-content\"><h2 class=\"elementor-image-box-title\">Datasheet<\/h2><\/div><\/div>\t\t\t\t<\/div>\n\t\t\t\t<\/div>\n\t\t\t\t<div class=\"elementor-element elementor-element-78b61ddf elementor-widget elementor-widget-text-editor\" data-id=\"78b61ddf\" data-element_type=\"widget\" data-e-type=\"widget\" data-widget_type=\"text-editor.default\">\n\t\t\t\t<div class=\"elementor-widget-container\">\n\t\t\t\t\t\t\t\t\t<p><strong>Name: <\/strong>Vento Viajante\u00a0<br \/><strong>Local: <\/strong>Brazil &#8211; Vit\u00f3ria (CE)<br \/><strong>Year of production:<\/strong> 2020<br \/><strong>Direction:<\/strong> Anal\u00facia Godoi e os alunos<br \/><strong>Production\/Coproduction:<\/strong>Beatriz Lindenberg<strong><br \/>Format:<\/strong> &#8211;\u00a0<br \/><strong>Length:<\/strong> 6&#8217;10&#8221;<br \/><strong>Technique: <\/strong>&#8211;<br \/><strong>Gender: &#8211;<\/strong><\/p>\t\t\t\t\t\t\t\t<\/div>\n\t\t\t\t<\/div>\n\t\t\t\t<div class=\"elementor-element elementor-element-4cc878bd elementor-position-left elementor-vertical-align-middle elementor-widget elementor-widget-image-box\" data-id=\"4cc878bd\" data-element_type=\"widget\" data-e-type=\"widget\" data-widget_type=\"image-box.default\">\n\t\t\t\t<div class=\"elementor-widget-container\">\n\t\t\t\t\t<div class=\"elementor-image-box-wrapper\"><figure class=\"elementor-image-box-img\"><img loading=\"lazy\" decoding=\"async\" width=\"150\" height=\"150\" src=\"https:\/\/utfpr-ct-static-content.s3.amazonaws.com\/utfpr.curitiba.br\/wp-content\/uploads\/sites\/99\/2023\/04\/ABRALA-ICONS-17-150x150.png\" class=\"attachment-thumbnail size-thumbnail wp-image-3376\" alt=\"\" \/><\/figure><div class=\"elementor-image-box-content\"><h2 class=\"elementor-image-box-title\">Exhibition<\/h2><\/div><\/div>\t\t\t\t<\/div>\n\t\t\t\t<\/div>\n\t\t\t\t<div class=\"elementor-element elementor-element-7375e30a elementor-widget elementor-widget-text-editor\" data-id=\"7375e30a\" data-element_type=\"widget\" data-e-type=\"widget\" data-widget_type=\"text-editor.default\">\n\t\t\t\t<div class=\"elementor-widget-container\">\n\t\t\t\t\t\t\t\t\t<p><strong>Festival:<\/strong>\u00a0Anima Cear\u00e1<br \/><strong>Year<\/strong>: 2020<br \/><strong>Country of the festival:<\/strong>\u00a0Brazil<br \/><strong>Scope of the festival:<\/strong>\u00a0National<\/p>\t\t\t\t\t\t\t\t<\/div>\n\t\t\t\t<\/div>\n\t\t\t\t\t<\/div>\n\t\t<\/div>\n\t\t\t\t\t<\/div>\n\t\t<\/section>\n\t\t\t\t<div class=\"elementor-element elementor-element-699f613 elementor-position-left elementor-vertical-align-middle elementor-widget elementor-widget-image-box\" data-id=\"699f613\" data-element_type=\"widget\" data-e-type=\"widget\" data-widget_type=\"image-box.default\">\n\t\t\t\t<div class=\"elementor-widget-container\">\n\t\t\t\t\t<div class=\"elementor-image-box-wrapper\"><figure class=\"elementor-image-box-img\"><img loading=\"lazy\" decoding=\"async\" width=\"150\" height=\"150\" src=\"https:\/\/utfpr-ct-static-content.s3.amazonaws.com\/utfpr.curitiba.br\/wp-content\/uploads\/sites\/99\/2023\/04\/ABRALA-ICONS-20-150x150.png\" class=\"attachment-thumbnail size-thumbnail wp-image-3379\" alt=\"\" \/><\/figure><div class=\"elementor-image-box-content\"><h2 class=\"elementor-image-box-title\">Competitor Category<\/h2><\/div><\/div>\t\t\t\t<\/div>\n\t\t\t\t<\/div>\n\t\t\t\t<div class=\"elementor-element elementor-element-78e12952 elementor-widget elementor-widget-text-editor\" data-id=\"78e12952\" data-element_type=\"widget\" data-e-type=\"widget\" data-widget_type=\"text-editor.default\">\n\t\t\t\t<div class=\"elementor-widget-container\">\n\t\t\t\t\t\t\t\t\t<p><strong>Competitor Category:-<\/strong><br \/><strong>Award: \u2013<\/strong><br \/><strong>Other festivals in which it participates: <\/strong>SACI &#8211; SACI Festival &#8211; Animation and Cinema Week\/ MUMIA\u00a0<strong><br \/><\/strong><\/p>\t\t\t\t\t\t\t\t<\/div>\n\t\t\t\t<\/div>\n\t\t\t\t<div class=\"elementor-element elementor-element-30fc553e elementor-position-left elementor-vertical-align-middle elementor-widget elementor-widget-image-box\" data-id=\"30fc553e\" data-element_type=\"widget\" data-e-type=\"widget\" data-widget_type=\"image-box.default\">\n\t\t\t\t<div class=\"elementor-widget-container\">\n\t\t\t\t\t<div class=\"elementor-image-box-wrapper\"><figure class=\"elementor-image-box-img\"><img loading=\"lazy\" decoding=\"async\" width=\"150\" height=\"150\" src=\"https:\/\/utfpr-ct-static-content.s3.amazonaws.com\/utfpr.curitiba.br\/wp-content\/uploads\/sites\/99\/2023\/04\/ABRALA-ICONS-12-150x150.png\" class=\"attachment-thumbnail size-thumbnail wp-image-3371\" alt=\"\" \/><\/figure><div class=\"elementor-image-box-content\"><h2 class=\"elementor-image-box-title\">Available online<\/h2><\/div><\/div>\t\t\t\t<\/div>\n\t\t\t\t<\/div>\n\t\t\t\t<div class=\"elementor-element elementor-element-2bbfd11e elementor-align-center elementor-widget elementor-widget-button\" data-id=\"2bbfd11e\" data-element_type=\"widget\" data-e-type=\"widget\" data-widget_type=\"button.default\">\n\t\t\t\t<div class=\"elementor-widget-container\">\n\t\t\t\t\t\t\t\t\t<div class=\"elementor-button-wrapper\">\n\t\t\t\t\t<a class=\"elementor-button elementor-button-link elementor-size-md\" href=\"https:\/\/www.youtube.com\/watch?v=4nDggCwgAPg&#038;ab_channel=Alian%C3%A7aEnergia\">\n\t\t\t\t\t\t<span class=\"elementor-button-content-wrapper\">\n\t\t\t\t\t\t\t\t\t<span class=\"elementor-button-text\">Watch here<\/span>\n\t\t\t\t\t<\/span>\n\t\t\t\t\t<\/a>\n\t\t\t\t<\/div>\n\t\t\t\t\t\t\t\t<\/div>\n\t\t\t\t<\/div>\n\t\t\t\t\t<\/div>\n\t\t<\/div>\n\t\t\t\t\t<\/div>\n\t\t<\/section>\n\t\t\t\t<section class=\"elementor-section elementor-top-section elementor-element elementor-element-40cd5752 elementor-section-boxed elementor-section-height-default elementor-section-height-default\" data-id=\"40cd5752\" data-element_type=\"section\" data-e-type=\"section\">\n\t\t\t\t\t\t<div class=\"elementor-container elementor-column-gap-default\">\n\t\t\t\t\t<div class=\"elementor-column elementor-col-100 elementor-top-column elementor-element elementor-element-7ea0fd7b\" data-id=\"7ea0fd7b\" data-element_type=\"column\" data-e-type=\"column\">\n\t\t\t<div class=\"elementor-widget-wrap elementor-element-populated\">\n\t\t\t\t\t\t<div class=\"elementor-element elementor-element-3a1c2fd6 elementor-widget elementor-widget-spacer\" data-id=\"3a1c2fd6\" data-element_type=\"widget\" data-e-type=\"widget\" data-widget_type=\"spacer.default\">\n\t\t\t\t<div class=\"elementor-widget-container\">\n\t\t\t\t\t\t\t<div class=\"elementor-spacer\">\n\t\t\t<div class=\"elementor-spacer-inner\"><\/div>\n\t\t<\/div>\n\t\t\t\t\t\t<\/div>\n\t\t\t\t<\/div>\n\t\t\t\t\t<\/div>\n\t\t<\/div>\n\t\t\t\t\t<\/div>\n\t\t<\/section>\n\t\t\t\t<section class=\"elementor-section elementor-top-section elementor-element elementor-element-23103258 elementor-section-content-middle elementor-section-boxed elementor-section-height-default elementor-section-height-default\" data-id=\"23103258\" data-element_type=\"section\" data-e-type=\"section\" data-settings=\"{&quot;background_background&quot;:&quot;video&quot;}\">\n\t\t\t\t\t\t<div class=\"elementor-container elementor-column-gap-default\">\n\t\t\t\t\t<div class=\"elementor-column elementor-col-33 elementor-top-column elementor-element elementor-element-48894d6a\" data-id=\"48894d6a\" data-element_type=\"column\" data-e-type=\"column\">\n\t\t\t<div class=\"elementor-widget-wrap elementor-element-populated\">\n\t\t\t\t\t\t<div class=\"elementor-element elementor-element-5d98ab85 elementor-widget elementor-widget-image\" data-id=\"5d98ab85\" data-element_type=\"widget\" data-e-type=\"widget\" data-widget_type=\"image.default\">\n\t\t\t\t<div class=\"elementor-widget-container\">\n\t\t\t\t\t\t\t\t\t\t\t\t\t\t\t<img loading=\"lazy\" decoding=\"async\" width=\"800\" height=\"473\" src=\"https:\/\/utfpr-ct-static-content.s3.amazonaws.com\/utfpr.curitiba.br\/wp-content\/uploads\/sites\/99\/2020\/11\/cropped-logo-nucleo-branco-1024x606.png\" class=\"attachment-large size-large wp-image-3079\" alt=\"\" srcset=\"https:\/\/utfpr-ct-static-content.s3.amazonaws.com\/utfpr.curitiba.br\/wp-content\/uploads\/sites\/99\/2020\/11\/cropped-logo-nucleo-branco-1024x606.png 1024w, https:\/\/utfpr-ct-static-content.s3.amazonaws.com\/utfpr.curitiba.br\/wp-content\/uploads\/sites\/99\/2020\/11\/cropped-logo-nucleo-branco-300x177.png 300w, https:\/\/utfpr-ct-static-content.s3.amazonaws.com\/utfpr.curitiba.br\/wp-content\/uploads\/sites\/99\/2020\/11\/cropped-logo-nucleo-branco-768x454.png 768w, https:\/\/utfpr-ct-static-content.s3.amazonaws.com\/utfpr.curitiba.br\/wp-content\/uploads\/sites\/99\/2020\/11\/cropped-logo-nucleo-branco.png 1087w\" sizes=\"(max-width: 800px) 100vw, 800px\" \/>\t\t\t\t\t\t\t\t\t\t\t\t\t\t\t<\/div>\n\t\t\t\t<\/div>\n\t\t\t\t\t<\/div>\n\t\t<\/div>\n\t\t\t\t<div class=\"elementor-column elementor-col-33 elementor-top-column elementor-element elementor-element-621b8813\" data-id=\"621b8813\" data-element_type=\"column\" data-e-type=\"column\">\n\t\t\t<div class=\"elementor-widget-wrap elementor-element-populated\">\n\t\t\t\t\t\t<div class=\"elementor-element elementor-element-3fe6feab elementor-widget elementor-widget-image\" data-id=\"3fe6feab\" data-element_type=\"widget\" data-e-type=\"widget\" data-widget_type=\"image.default\">\n\t\t\t\t<div class=\"elementor-widget-container\">\n\t\t\t\t\t\t\t\t\t\t\t\t\t\t\t<img loading=\"lazy\" decoding=\"async\" width=\"230\" height=\"230\" src=\"https:\/\/utfpr-ct-static-content.s3.amazonaws.com\/utfpr.curitiba.br\/wp-content\/uploads\/sites\/99\/2023\/04\/dadinlogo.png\" class=\"attachment-medium size-medium wp-image-3532\" alt=\"\" srcset=\"https:\/\/utfpr-ct-static-content.s3.amazonaws.com\/utfpr.curitiba.br\/wp-content\/uploads\/sites\/99\/2023\/04\/dadinlogo.png 230w, https:\/\/utfpr-ct-static-content.s3.amazonaws.com\/utfpr.curitiba.br\/wp-content\/uploads\/sites\/99\/2023\/04\/dadinlogo-150x150.png 150w\" sizes=\"(max-width: 230px) 100vw, 230px\" \/>\t\t\t\t\t\t\t\t\t\t\t\t\t\t\t<\/div>\n\t\t\t\t<\/div>\n\t\t\t\t\t<\/div>\n\t\t<\/div>\n\t\t\t\t<div class=\"elementor-column elementor-col-33 elementor-top-column elementor-element elementor-element-2a697ad0\" data-id=\"2a697ad0\" data-element_type=\"column\" data-e-type=\"column\">\n\t\t\t<div class=\"elementor-widget-wrap elementor-element-populated\">\n\t\t\t\t\t\t<div class=\"elementor-element elementor-element-47737e46 elementor-widget elementor-widget-image\" data-id=\"47737e46\" data-element_type=\"widget\" data-e-type=\"widget\" data-widget_type=\"image.default\">\n\t\t\t\t<div class=\"elementor-widget-container\">\n\t\t\t\t\t\t\t\t\t\t\t\t\t\t\t<img loading=\"lazy\" decoding=\"async\" width=\"800\" height=\"297\" src=\"https:\/\/utfpr-ct-static-content.s3.amazonaws.com\/utfpr.curitiba.br\/wp-content\/uploads\/sites\/99\/2023\/04\/utfpr1.png\" class=\"attachment-large size-large wp-image-3531\" alt=\"\" srcset=\"https:\/\/utfpr-ct-static-content.s3.amazonaws.com\/utfpr.curitiba.br\/wp-content\/uploads\/sites\/99\/2023\/04\/utfpr1.png 877w, https:\/\/utfpr-ct-static-content.s3.amazonaws.com\/utfpr.curitiba.br\/wp-content\/uploads\/sites\/99\/2023\/04\/utfpr1-300x112.png 300w, https:\/\/utfpr-ct-static-content.s3.amazonaws.com\/utfpr.curitiba.br\/wp-content\/uploads\/sites\/99\/2023\/04\/utfpr1-768x285.png 768w\" sizes=\"(max-width: 800px) 100vw, 800px\" \/>\t\t\t\t\t\t\t\t\t\t\t\t\t\t\t<\/div>\n\t\t\t\t<\/div>\n\t\t\t\t\t<\/div>\n\t\t<\/div>\n\t\t\t\t\t<\/div>\n\t\t<\/section>\n\t\t\t\t<\/div>\n\t\t","protected":false},"excerpt":{"rendered":"<p>In\u00edcio A iniciativa Quem somos Festivais ANIMAGE \u2013 Festival Internacional de Anima\u00e7\u00e3o de Pernambuco ANIMA\u00cd \u2013 Encontro Baiano de Anima\u00e7\u00e3o e Games Anima Cear\u00e1 ANIMATIBA \u2013 Festival Internacional de Anima\u00e7\u00e3o de Curitiba Anim!Arte Baixada Animada \u2013 Mostra Ibero-Americana de Cinema de Anima\u00e7\u00e3o Dia Internacional da Anima\u00e7\u00e3o de Goi\u00e2nia ExperimentAnima FIAB \u2013 Festival Internacional de Anima\u00e7\u00e3o [&hellip;]<\/p>\n","protected":false},"author":174,"featured_media":4924,"comment_status":"closed","ping_status":"closed","sticky":false,"template":"elementor_canvas","format":"standard","meta":{"footnotes":""},"categories":[1372,2082,3580,3652,3628,3919,3622,3606,4027],"tags":[],"ano_festival":[1412],"ano_producao":[1827],"tecnica":[],"genero":[],"disponivel_online":[1833],"festival":[3782,3810,3826],"categoria_concorrente":[],"local":[3848,3921,4025],"available_online":[],"class_list":["post-8046","post","type-post","status-publish","format-standard","has-post-thumbnail","hentry","category-abrala-en","category-analucia-godoi-e-alunos-en","category-anima-ceara-en","category-beatriz-lindenberg-en","category-brazil-en","category-espirito-santo","category-mumia-udigrudi-world-animation-exhibition-en","category-saci-animation-and-childrens-film-week-en","category-vitoria-en","ano_festival-2020-en","ano_producao-2020-en","disponivel_online-yes","festival-anima-ceara","festival-festival-saci-animation-and-childrens-film-week","festival-mumia-udigrudi-world-animation-exhibition","local-brazil-en","local-espirito-santo-en","local-vitoria-en"],"_links":{"self":[{"href":"https:\/\/utfpr.curitiba.br\/nucleodesignanimacao\/index.php?rest_route=\/wp\/v2\/posts\/8046","targetHints":{"allow":["GET"]}}],"collection":[{"href":"https:\/\/utfpr.curitiba.br\/nucleodesignanimacao\/index.php?rest_route=\/wp\/v2\/posts"}],"about":[{"href":"https:\/\/utfpr.curitiba.br\/nucleodesignanimacao\/index.php?rest_route=\/wp\/v2\/types\/post"}],"author":[{"embeddable":true,"href":"https:\/\/utfpr.curitiba.br\/nucleodesignanimacao\/index.php?rest_route=\/wp\/v2\/users\/174"}],"replies":[{"embeddable":true,"href":"https:\/\/utfpr.curitiba.br\/nucleodesignanimacao\/index.php?rest_route=%2Fwp%2Fv2%2Fcomments&post=8046"}],"version-history":[{"count":7,"href":"https:\/\/utfpr.curitiba.br\/nucleodesignanimacao\/index.php?rest_route=\/wp\/v2\/posts\/8046\/revisions"}],"predecessor-version":[{"id":10580,"href":"https:\/\/utfpr.curitiba.br\/nucleodesignanimacao\/index.php?rest_route=\/wp\/v2\/posts\/8046\/revisions\/10580"}],"wp:featuredmedia":[{"embeddable":true,"href":"https:\/\/utfpr.curitiba.br\/nucleodesignanimacao\/index.php?rest_route=\/wp\/v2\/media\/4924"}],"wp:attachment":[{"href":"https:\/\/utfpr.curitiba.br\/nucleodesignanimacao\/index.php?rest_route=%2Fwp%2Fv2%2Fmedia&parent=8046"}],"wp:term":[{"taxonomy":"category","embeddable":true,"href":"https:\/\/utfpr.curitiba.br\/nucleodesignanimacao\/index.php?rest_route=%2Fwp%2Fv2%2Fcategories&post=8046"},{"taxonomy":"post_tag","embeddable":true,"href":"https:\/\/utfpr.curitiba.br\/nucleodesignanimacao\/index.php?rest_route=%2Fwp%2Fv2%2Ftags&post=8046"},{"taxonomy":"ano_festival","embeddable":true,"href":"https:\/\/utfpr.curitiba.br\/nucleodesignanimacao\/index.php?rest_route=%2Fwp%2Fv2%2Fano_festival&post=8046"},{"taxonomy":"ano_producao","embeddable":true,"href":"https:\/\/utfpr.curitiba.br\/nucleodesignanimacao\/index.php?rest_route=%2Fwp%2Fv2%2Fano_producao&post=8046"},{"taxonomy":"tecnica","embeddable":true,"href":"https:\/\/utfpr.curitiba.br\/nucleodesignanimacao\/index.php?rest_route=%2Fwp%2Fv2%2Ftecnica&post=8046"},{"taxonomy":"genero","embeddable":true,"href":"https:\/\/utfpr.curitiba.br\/nucleodesignanimacao\/index.php?rest_route=%2Fwp%2Fv2%2Fgenero&post=8046"},{"taxonomy":"disponivel_online","embeddable":true,"href":"https:\/\/utfpr.curitiba.br\/nucleodesignanimacao\/index.php?rest_route=%2Fwp%2Fv2%2Fdisponivel_online&post=8046"},{"taxonomy":"festival","embeddable":true,"href":"https:\/\/utfpr.curitiba.br\/nucleodesignanimacao\/index.php?rest_route=%2Fwp%2Fv2%2Ffestival&post=8046"},{"taxonomy":"categoria_concorrente","embeddable":true,"href":"https:\/\/utfpr.curitiba.br\/nucleodesignanimacao\/index.php?rest_route=%2Fwp%2Fv2%2Fcategoria_concorrente&post=8046"},{"taxonomy":"local","embeddable":true,"href":"https:\/\/utfpr.curitiba.br\/nucleodesignanimacao\/index.php?rest_route=%2Fwp%2Fv2%2Flocal&post=8046"},{"taxonomy":"available_online","embeddable":true,"href":"https:\/\/utfpr.curitiba.br\/nucleodesignanimacao\/index.php?rest_route=%2Fwp%2Fv2%2Favailable_online&post=8046"}],"curies":[{"name":"wp","href":"https:\/\/api.w.org\/{rel}","templated":true}]}}