{"id":4807,"date":"2023-05-19T14:36:22","date_gmt":"2023-05-19T17:36:22","guid":{"rendered":"https:\/\/utfpr.curitiba.br\/nucleodesignanimacao\/?p=4807"},"modified":"2023-09-04T10:48:50","modified_gmt":"2023-09-04T13:48:50","slug":"almofada-de-penas-joseph-specker-nys","status":"publish","type":"post","link":"https:\/\/utfpr.curitiba.br\/nucleodesignanimacao\/?p=4807","title":{"rendered":"Almofada de Penas &#8211; Joseph Specker Nys"},"content":{"rendered":"\t\t<div data-elementor-type=\"wp-post\" data-elementor-id=\"4807\" class=\"elementor elementor-4807\">\n\t\t\t\t\t\t<section class=\"elementor-section elementor-top-section elementor-element elementor-element-1fee467f elementor-section-boxed elementor-section-height-default elementor-section-height-default\" data-id=\"1fee467f\" data-element_type=\"section\" data-e-type=\"section\">\n\t\t\t\t\t\t<div class=\"elementor-container elementor-column-gap-default\">\n\t\t\t\t\t<div class=\"elementor-column elementor-col-100 elementor-top-column elementor-element elementor-element-7fadca6f\" data-id=\"7fadca6f\" data-element_type=\"column\" data-e-type=\"column\">\n\t\t\t<div class=\"elementor-widget-wrap\">\n\t\t\t\t\t\t\t<\/div>\n\t\t<\/div>\n\t\t\t\t\t<\/div>\n\t\t<\/section>\n\t\t\t\t<section class=\"elementor-section elementor-top-section elementor-element elementor-element-1138bcd3 elementor-section-height-min-height elementor-section-boxed elementor-section-height-default elementor-section-items-middle\" data-id=\"1138bcd3\" data-element_type=\"section\" data-e-type=\"section\" data-settings=\"{&quot;background_background&quot;:&quot;video&quot;,&quot;shape_divider_bottom&quot;:&quot;curve&quot;,&quot;shape_divider_bottom_negative&quot;:&quot;yes&quot;}\">\n\t\t\t\t\t<div class=\"elementor-shape elementor-shape-bottom\" aria-hidden=\"true\" data-negative=\"true\">\n\t\t\t<svg xmlns=\"http:\/\/www.w3.org\/2000\/svg\" viewBox=\"0 0 1000 100\" preserveAspectRatio=\"none\">\n\t<path class=\"elementor-shape-fill\" d=\"M500,97C126.7,96.3,0.8,19.8,0,0v100l1000,0V1C1000,19.4,873.3,97.8,500,97z\"\/>\n<\/svg>\t\t<\/div>\n\t\t\t\t\t<div class=\"elementor-container elementor-column-gap-default\">\n\t\t\t\t\t<div class=\"elementor-column elementor-col-100 elementor-top-column elementor-element elementor-element-347b8458\" data-id=\"347b8458\" data-element_type=\"column\" data-e-type=\"column\">\n\t\t\t<div class=\"elementor-widget-wrap elementor-element-populated\">\n\t\t\t\t\t\t<div class=\"elementor-element elementor-element-51da718e elementor-widget elementor-widget-image\" data-id=\"51da718e\" data-element_type=\"widget\" data-e-type=\"widget\" data-widget_type=\"image.default\">\n\t\t\t\t<div class=\"elementor-widget-container\">\n\t\t\t\t\t\t\t\t\t\t\t\t\t\t\t<img fetchpriority=\"high\" decoding=\"async\" width=\"768\" height=\"693\" src=\"https:\/\/utfpr-ct-static-content.s3.amazonaws.com\/utfpr.curitiba.br\/wp-content\/uploads\/sites\/99\/2023\/04\/Logo-ABRALA-principalquadrada_Prancheta-1-768x693.png\" class=\"attachment-medium_large size-medium_large wp-image-3346\" alt=\"\" srcset=\"https:\/\/utfpr-ct-static-content.s3.amazonaws.com\/utfpr.curitiba.br\/wp-content\/uploads\/sites\/99\/2023\/04\/Logo-ABRALA-principalquadrada_Prancheta-1-768x693.png 768w, https:\/\/utfpr-ct-static-content.s3.amazonaws.com\/utfpr.curitiba.br\/wp-content\/uploads\/sites\/99\/2023\/04\/Logo-ABRALA-principalquadrada_Prancheta-1-300x271.png 300w, https:\/\/utfpr-ct-static-content.s3.amazonaws.com\/utfpr.curitiba.br\/wp-content\/uploads\/sites\/99\/2023\/04\/Logo-ABRALA-principalquadrada_Prancheta-1-1024x924.png 1024w\" sizes=\"(max-width: 768px) 100vw, 768px\" \/>\t\t\t\t\t\t\t\t\t\t\t\t\t\t\t<\/div>\n\t\t\t\t<\/div>\n\t\t\t\t\t<\/div>\n\t\t<\/div>\n\t\t\t\t\t<\/div>\n\t\t<\/section>\n\t\t\t\t<section class=\"elementor-section elementor-top-section elementor-element elementor-element-7a37bcdc elementor-section-boxed elementor-section-height-default elementor-section-height-default\" data-id=\"7a37bcdc\" data-element_type=\"section\" data-e-type=\"section\">\n\t\t\t\t\t\t<div class=\"elementor-container elementor-column-gap-default\">\n\t\t\t\t\t<div class=\"elementor-column elementor-col-100 elementor-top-column elementor-element elementor-element-301db601\" data-id=\"301db601\" data-element_type=\"column\" data-e-type=\"column\" data-settings=\"{&quot;background_background&quot;:&quot;classic&quot;}\">\n\t\t\t<div class=\"elementor-widget-wrap elementor-element-populated\">\n\t\t\t\t\t<div class=\"elementor-background-overlay\"><\/div>\n\t\t\t\t\t\t<div class=\"elementor-element elementor-element-148a403a elementor-widget elementor-widget-spacer\" data-id=\"148a403a\" data-element_type=\"widget\" data-e-type=\"widget\" data-widget_type=\"spacer.default\">\n\t\t\t\t<div class=\"elementor-widget-container\">\n\t\t\t\t\t\t\t<div class=\"elementor-spacer\">\n\t\t\t<div class=\"elementor-spacer-inner\"><\/div>\n\t\t<\/div>\n\t\t\t\t\t\t<\/div>\n\t\t\t\t<\/div>\n\t\t\t\t<section class=\"elementor-section elementor-inner-section elementor-element elementor-element-5bf7905 elementor-section-boxed elementor-section-height-default elementor-section-height-default\" data-id=\"5bf7905\" data-element_type=\"section\" data-e-type=\"section\">\n\t\t\t\t\t\t<div class=\"elementor-container elementor-column-gap-default\">\n\t\t\t\t\t<div class=\"elementor-column elementor-col-100 elementor-inner-column elementor-element elementor-element-5182a83c\" data-id=\"5182a83c\" data-element_type=\"column\" data-e-type=\"column\">\n\t\t\t<div class=\"elementor-widget-wrap elementor-element-populated\">\n\t\t\t\t\t\t<div class=\"elementor-element elementor-element-1d904a10 elementor-widget elementor-widget-heading\" data-id=\"1d904a10\" data-element_type=\"widget\" data-e-type=\"widget\" data-widget_type=\"heading.default\">\n\t\t\t\t<div class=\"elementor-widget-container\">\n\t\t\t\t\t<h1 class=\"elementor-heading-title elementor-size-default\">Almofada de Penas - Joseph Specker Nys<\/h1>\t\t\t\t<\/div>\n\t\t\t\t<\/div>\n\t\t\t\t\t<\/div>\n\t\t<\/div>\n\t\t\t\t\t<\/div>\n\t\t<\/section>\n\t\t\t\t<section class=\"elementor-section elementor-inner-section elementor-element elementor-element-29e902a2 elementor-section-boxed elementor-section-height-default elementor-section-height-default\" data-id=\"29e902a2\" data-element_type=\"section\" data-e-type=\"section\">\n\t\t\t\t\t\t<div class=\"elementor-container elementor-column-gap-default\">\n\t\t\t\t\t<div class=\"elementor-column elementor-col-100 elementor-inner-column elementor-element elementor-element-7da899e7\" data-id=\"7da899e7\" data-element_type=\"column\" data-e-type=\"column\">\n\t\t\t<div class=\"elementor-widget-wrap elementor-element-populated\">\n\t\t\t\t\t\t<div class=\"elementor-element elementor-element-7d945118 elementor-widget elementor-widget-image\" data-id=\"7d945118\" data-element_type=\"widget\" data-e-type=\"widget\" data-widget_type=\"image.default\">\n\t\t\t\t<div class=\"elementor-widget-container\">\n\t\t\t\t\t\t\t\t\t\t\t\t\t\t\t<img decoding=\"async\" width=\"203\" height=\"300\" src=\"https:\/\/utfpr-ct-static-content.s3.amazonaws.com\/utfpr.curitiba.br\/wp-content\/uploads\/sites\/99\/2023\/05\/Almofada-de-Penas-Joseph-Specker-Nys-203x300.jpg\" class=\"attachment-medium size-medium wp-image-4808\" alt=\"\" srcset=\"https:\/\/utfpr-ct-static-content.s3.amazonaws.com\/utfpr.curitiba.br\/wp-content\/uploads\/sites\/99\/2023\/05\/Almofada-de-Penas-Joseph-Specker-Nys-203x300.jpg 203w, https:\/\/utfpr-ct-static-content.s3.amazonaws.com\/utfpr.curitiba.br\/wp-content\/uploads\/sites\/99\/2023\/05\/Almofada-de-Penas-Joseph-Specker-Nys-691x1024.jpg 691w, https:\/\/utfpr-ct-static-content.s3.amazonaws.com\/utfpr.curitiba.br\/wp-content\/uploads\/sites\/99\/2023\/05\/Almofada-de-Penas-Joseph-Specker-Nys-768x1138.jpg 768w, https:\/\/utfpr-ct-static-content.s3.amazonaws.com\/utfpr.curitiba.br\/wp-content\/uploads\/sites\/99\/2023\/05\/Almofada-de-Penas-Joseph-Specker-Nys-1037x1536.jpg 1037w, https:\/\/utfpr-ct-static-content.s3.amazonaws.com\/utfpr.curitiba.br\/wp-content\/uploads\/sites\/99\/2023\/05\/Almofada-de-Penas-Joseph-Specker-Nys.jpg 1280w\" sizes=\"(max-width: 203px) 100vw, 203px\" \/>\t\t\t\t\t\t\t\t\t\t\t\t\t\t\t<\/div>\n\t\t\t\t<\/div>\n\t\t\t\t\t<\/div>\n\t\t<\/div>\n\t\t\t\t\t<\/div>\n\t\t<\/section>\n\t\t\t\t<section class=\"elementor-section elementor-inner-section elementor-element elementor-element-7055f0bf elementor-section-boxed elementor-section-height-default elementor-section-height-default\" data-id=\"7055f0bf\" data-element_type=\"section\" data-e-type=\"section\">\n\t\t\t\t\t\t<div class=\"elementor-container elementor-column-gap-default\">\n\t\t\t\t\t<div class=\"elementor-column elementor-col-100 elementor-inner-column elementor-element elementor-element-574e24e2\" data-id=\"574e24e2\" data-element_type=\"column\" data-e-type=\"column\">\n\t\t\t<div class=\"elementor-widget-wrap\">\n\t\t\t\t\t\t\t<\/div>\n\t\t<\/div>\n\t\t\t\t\t<\/div>\n\t\t<\/section>\n\t\t\t\t<section class=\"elementor-section elementor-inner-section elementor-element elementor-element-7cdb6ea elementor-section-boxed elementor-section-height-default elementor-section-height-default\" data-id=\"7cdb6ea\" data-element_type=\"section\" data-e-type=\"section\">\n\t\t\t\t\t\t<div class=\"elementor-container elementor-column-gap-default\">\n\t\t\t\t\t<div class=\"elementor-column elementor-col-100 elementor-inner-column elementor-element elementor-element-3ce957f5\" data-id=\"3ce957f5\" data-element_type=\"column\" data-e-type=\"column\">\n\t\t\t<div class=\"elementor-widget-wrap elementor-element-populated\">\n\t\t\t\t\t\t<div class=\"elementor-element elementor-element-5832bb58 elementor-position-left elementor-vertical-align-middle elementor-widget elementor-widget-image-box\" data-id=\"5832bb58\" data-element_type=\"widget\" data-e-type=\"widget\" data-widget_type=\"image-box.default\">\n\t\t\t\t<div class=\"elementor-widget-container\">\n\t\t\t\t\t<div class=\"elementor-image-box-wrapper\"><figure class=\"elementor-image-box-img\"><img decoding=\"async\" width=\"150\" height=\"150\" src=\"https:\/\/utfpr-ct-static-content.s3.amazonaws.com\/utfpr.curitiba.br\/wp-content\/uploads\/sites\/99\/2023\/04\/ABRALA-ICONS-19-150x150.png\" class=\"attachment-thumbnail size-thumbnail wp-image-3378\" alt=\"\" \/><\/figure><div class=\"elementor-image-box-content\"><h2 class=\"elementor-image-box-title\">Sinopse<\/h2><\/div><\/div>\t\t\t\t<\/div>\n\t\t\t\t<\/div>\n\t\t\t\t<div class=\"elementor-element elementor-element-65f8d933 elementor-widget elementor-widget-text-editor\" data-id=\"65f8d933\" data-element_type=\"widget\" data-e-type=\"widget\" data-widget_type=\"text-editor.default\">\n\t\t\t\t<div class=\"elementor-widget-container\">\n\t\t\t\t\t\t\t\t\t<p><span data-sheets-value=\"{&quot;1&quot;:2,&quot;2&quot;:&quot;Logo ap\u00f3s sua lua de mel, Alicia contrai uma doen\u00e7a inexplic\u00e1vel, enquanto seu marido Jord\u00e3o presencia tudo de modo indiferente. Algo oculto a est\u00e1 enlouquecendo. A doen\u00e7a faz a jovem mulher mesclar a realidade com alucina\u00e7\u00f5es monstruosas.&quot;}\" data-sheets-userformat=\"{&quot;2&quot;:33569789,&quot;3&quot;:{&quot;1&quot;:0},&quot;5&quot;:{&quot;1&quot;:[{&quot;1&quot;:2,&quot;2&quot;:0,&quot;5&quot;:{&quot;1&quot;:2,&quot;2&quot;:0}},{&quot;1&quot;:0,&quot;2&quot;:0,&quot;3&quot;:3},{&quot;1&quot;:1,&quot;2&quot;:0,&quot;4&quot;:1}]},&quot;6&quot;:{&quot;1&quot;:[{&quot;1&quot;:2,&quot;2&quot;:0,&quot;5&quot;:{&quot;1&quot;:2,&quot;2&quot;:0}},{&quot;1&quot;:0,&quot;2&quot;:0,&quot;3&quot;:3},{&quot;1&quot;:1,&quot;2&quot;:0,&quot;4&quot;:1}]},&quot;7&quot;:{&quot;1&quot;:[{&quot;1&quot;:2,&quot;2&quot;:0,&quot;5&quot;:{&quot;1&quot;:2,&quot;2&quot;:0}},{&quot;1&quot;:0,&quot;2&quot;:0,&quot;3&quot;:3},{&quot;1&quot;:1,&quot;2&quot;:0,&quot;4&quot;:1}]},&quot;8&quot;:{&quot;1&quot;:[{&quot;1&quot;:2,&quot;2&quot;:0,&quot;5&quot;:{&quot;1&quot;:2,&quot;2&quot;:0}},{&quot;1&quot;:0,&quot;2&quot;:0,&quot;3&quot;:3},{&quot;1&quot;:1,&quot;2&quot;:0,&quot;4&quot;:1}]},&quot;9&quot;:0,&quot;10&quot;:0,&quot;11&quot;:4,&quot;12&quot;:0,&quot;14&quot;:{&quot;1&quot;:2,&quot;2&quot;:0},&quot;15&quot;:&quot;Raleway&quot;,&quot;16&quot;:8,&quot;28&quot;:1}\">Logo ap\u00f3s sua lua de mel, Alicia contrai uma doen\u00e7a inexplic\u00e1vel, enquanto seu marido Jord\u00e3o presencia tudo de modo indiferente. Algo oculto a est\u00e1 enlouquecendo. A doen\u00e7a faz a jovem mulher mesclar a realidade com alucina\u00e7\u00f5es monstruosas.<\/span><\/p>\t\t\t\t\t\t\t\t<\/div>\n\t\t\t\t<\/div>\n\t\t\t\t<div class=\"elementor-element elementor-element-2e97ca1a elementor-position-left elementor-vertical-align-middle elementor-widget elementor-widget-image-box\" data-id=\"2e97ca1a\" data-element_type=\"widget\" data-e-type=\"widget\" data-widget_type=\"image-box.default\">\n\t\t\t\t<div class=\"elementor-widget-container\">\n\t\t\t\t\t<div class=\"elementor-image-box-wrapper\"><figure class=\"elementor-image-box-img\"><img loading=\"lazy\" decoding=\"async\" width=\"150\" height=\"150\" src=\"https:\/\/utfpr-ct-static-content.s3.amazonaws.com\/utfpr.curitiba.br\/wp-content\/uploads\/sites\/99\/2023\/04\/ficha-tecnica-1-150x150.png\" class=\"attachment-thumbnail size-thumbnail wp-image-3839\" alt=\"\" srcset=\"https:\/\/utfpr-ct-static-content.s3.amazonaws.com\/utfpr.curitiba.br\/wp-content\/uploads\/sites\/99\/2023\/04\/ficha-tecnica-1-150x150.png 150w, https:\/\/utfpr-ct-static-content.s3.amazonaws.com\/utfpr.curitiba.br\/wp-content\/uploads\/sites\/99\/2023\/04\/ficha-tecnica-1-300x298.png 300w, https:\/\/utfpr-ct-static-content.s3.amazonaws.com\/utfpr.curitiba.br\/wp-content\/uploads\/sites\/99\/2023\/04\/ficha-tecnica-1-1024x1017.png 1024w, https:\/\/utfpr-ct-static-content.s3.amazonaws.com\/utfpr.curitiba.br\/wp-content\/uploads\/sites\/99\/2023\/04\/ficha-tecnica-1-768x763.png 768w, https:\/\/utfpr-ct-static-content.s3.amazonaws.com\/utfpr.curitiba.br\/wp-content\/uploads\/sites\/99\/2023\/04\/ficha-tecnica-1-1536x1526.png 1536w, https:\/\/utfpr-ct-static-content.s3.amazonaws.com\/utfpr.curitiba.br\/wp-content\/uploads\/sites\/99\/2023\/04\/ficha-tecnica-1.png 1760w\" sizes=\"(max-width: 150px) 100vw, 150px\" \/><\/figure><div class=\"elementor-image-box-content\"><h2 class=\"elementor-image-box-title\">Ficha t\u00e9cnica<\/h2><\/div><\/div>\t\t\t\t<\/div>\n\t\t\t\t<\/div>\n\t\t\t\t<div class=\"elementor-element elementor-element-3606a011 elementor-widget elementor-widget-text-editor\" data-id=\"3606a011\" data-element_type=\"widget\" data-e-type=\"widget\" data-widget_type=\"text-editor.default\">\n\t\t\t\t<div class=\"elementor-widget-container\">\n\t\t\t\t\t\t\t\t\t<p><strong>Nome:<\/strong>Almofada de Penas\u00a0<br \/><strong>Pa\u00eds: <\/strong>Brasil<br \/><strong>Ano de produ\u00e7\u00e3o:<\/strong> 2018<br \/><strong>Dire\u00e7\u00e3o:<\/strong> Joseph Specker Nys<br \/><strong>Produ\u00e7\u00e3o\/Coprodu\u00e7\u00e3o: <\/strong>Maria Emilia Oliveira de Azevedo e Jos\u00e9 Manuel Sappino<strong><br \/>Formato:<\/strong> &#8211;\u00a0<br \/><strong>Dura\u00e7\u00e3o:<\/strong> 12&#8242;<br \/><strong>T\u00e9cnica: <\/strong>Stop Motion<br \/><strong>G\u00eanero: &#8211;<\/strong><\/p>\t\t\t\t\t\t\t\t<\/div>\n\t\t\t\t<\/div>\n\t\t\t\t<div class=\"elementor-element elementor-element-64f85f9a elementor-position-left elementor-vertical-align-middle elementor-widget elementor-widget-image-box\" data-id=\"64f85f9a\" data-element_type=\"widget\" data-e-type=\"widget\" data-widget_type=\"image-box.default\">\n\t\t\t\t<div class=\"elementor-widget-container\">\n\t\t\t\t\t<div class=\"elementor-image-box-wrapper\"><figure class=\"elementor-image-box-img\"><img loading=\"lazy\" decoding=\"async\" width=\"150\" height=\"150\" src=\"https:\/\/utfpr-ct-static-content.s3.amazonaws.com\/utfpr.curitiba.br\/wp-content\/uploads\/sites\/99\/2023\/04\/ABRALA-ICONS-17-150x150.png\" class=\"attachment-thumbnail size-thumbnail wp-image-3376\" alt=\"\" \/><\/figure><div class=\"elementor-image-box-content\"><h2 class=\"elementor-image-box-title\">Exibi\u00e7\u00f5es<\/h2><\/div><\/div>\t\t\t\t<\/div>\n\t\t\t\t<\/div>\n\t\t\t\t<div class=\"elementor-element elementor-element-6e0596e1 elementor-widget elementor-widget-text-editor\" data-id=\"6e0596e1\" data-element_type=\"widget\" data-e-type=\"widget\" data-widget_type=\"text-editor.default\">\n\t\t\t\t<div class=\"elementor-widget-container\">\n\t\t\t\t\t\t\t\t\t<p><b>Festival:<\/b>Anima Cear\u00e1\u00a0<br \/><strong>Ano:<\/strong> 2020<br \/><strong>Pa\u00eds do festival:<\/strong> Brasil<br \/><strong>\u00c2mbito do festival:<\/strong> Nacional<\/p>\t\t\t\t\t\t\t\t<\/div>\n\t\t\t\t<\/div>\n\t\t\t\t\t<\/div>\n\t\t<\/div>\n\t\t\t\t\t<\/div>\n\t\t<\/section>\n\t\t\t\t<div class=\"elementor-element elementor-element-46bbb549 elementor-position-left elementor-vertical-align-middle elementor-widget elementor-widget-image-box\" data-id=\"46bbb549\" data-element_type=\"widget\" data-e-type=\"widget\" data-widget_type=\"image-box.default\">\n\t\t\t\t<div class=\"elementor-widget-container\">\n\t\t\t\t\t<div class=\"elementor-image-box-wrapper\"><figure class=\"elementor-image-box-img\"><img loading=\"lazy\" decoding=\"async\" width=\"150\" height=\"150\" src=\"https:\/\/utfpr-ct-static-content.s3.amazonaws.com\/utfpr.curitiba.br\/wp-content\/uploads\/sites\/99\/2023\/04\/ABRALA-ICONS-20-150x150.png\" class=\"attachment-thumbnail size-thumbnail wp-image-3379\" alt=\"\" \/><\/figure><div class=\"elementor-image-box-content\"><h2 class=\"elementor-image-box-title\">Categoria Concorrente<\/h2><\/div><\/div>\t\t\t\t<\/div>\n\t\t\t\t<\/div>\n\t\t\t\t<div class=\"elementor-element elementor-element-75c0c13c elementor-widget elementor-widget-text-editor\" data-id=\"75c0c13c\" data-element_type=\"widget\" data-e-type=\"widget\" data-widget_type=\"text-editor.default\">\n\t\t\t\t<div class=\"elementor-widget-container\">\n\t\t\t\t\t\t\t\t\t<p><b>Categoria Concorrente: <\/b>&#8211;<b><br \/><\/b><strong>Pr\u00eamio: &#8211;<\/strong><br \/><strong>Outros festivais em que participa: &#8211;<br \/>Dispon\u00edvel online: <\/strong>&#8211;<\/p>\t\t\t\t\t\t\t\t<\/div>\n\t\t\t\t<\/div>\n\t\t\t\t\t<\/div>\n\t\t<\/div>\n\t\t\t\t\t<\/div>\n\t\t<\/section>\n\t\t\t\t<section class=\"elementor-section elementor-top-section elementor-element elementor-element-7b8768f6 elementor-section-boxed elementor-section-height-default elementor-section-height-default\" data-id=\"7b8768f6\" data-element_type=\"section\" data-e-type=\"section\">\n\t\t\t\t\t\t<div class=\"elementor-container elementor-column-gap-default\">\n\t\t\t\t\t<div class=\"elementor-column elementor-col-100 elementor-top-column elementor-element elementor-element-2c55ba3c\" data-id=\"2c55ba3c\" data-element_type=\"column\" data-e-type=\"column\">\n\t\t\t<div class=\"elementor-widget-wrap elementor-element-populated\">\n\t\t\t\t\t\t<div class=\"elementor-element elementor-element-7b6dec43 elementor-widget elementor-widget-spacer\" data-id=\"7b6dec43\" data-element_type=\"widget\" data-e-type=\"widget\" data-widget_type=\"spacer.default\">\n\t\t\t\t<div class=\"elementor-widget-container\">\n\t\t\t\t\t\t\t<div class=\"elementor-spacer\">\n\t\t\t<div class=\"elementor-spacer-inner\"><\/div>\n\t\t<\/div>\n\t\t\t\t\t\t<\/div>\n\t\t\t\t<\/div>\n\t\t\t\t\t<\/div>\n\t\t<\/div>\n\t\t\t\t\t<\/div>\n\t\t<\/section>\n\t\t\t\t<section class=\"elementor-section elementor-top-section elementor-element elementor-element-1386c1cd elementor-section-content-middle elementor-section-boxed elementor-section-height-default elementor-section-height-default\" data-id=\"1386c1cd\" data-element_type=\"section\" data-e-type=\"section\" data-settings=\"{&quot;background_background&quot;:&quot;video&quot;}\">\n\t\t\t\t\t\t<div class=\"elementor-container elementor-column-gap-default\">\n\t\t\t\t\t<div class=\"elementor-column elementor-col-33 elementor-top-column elementor-element elementor-element-1f71b4df\" data-id=\"1f71b4df\" data-element_type=\"column\" data-e-type=\"column\">\n\t\t\t<div class=\"elementor-widget-wrap elementor-element-populated\">\n\t\t\t\t\t\t<div class=\"elementor-element elementor-element-6ad49537 elementor-widget elementor-widget-image\" data-id=\"6ad49537\" data-element_type=\"widget\" data-e-type=\"widget\" data-widget_type=\"image.default\">\n\t\t\t\t<div class=\"elementor-widget-container\">\n\t\t\t\t\t\t\t\t\t\t\t\t\t\t\t<img loading=\"lazy\" decoding=\"async\" width=\"800\" height=\"473\" src=\"https:\/\/utfpr-ct-static-content.s3.amazonaws.com\/utfpr.curitiba.br\/wp-content\/uploads\/sites\/99\/2020\/11\/cropped-logo-nucleo-branco-1024x606.png\" class=\"attachment-large size-large wp-image-3079\" alt=\"\" srcset=\"https:\/\/utfpr-ct-static-content.s3.amazonaws.com\/utfpr.curitiba.br\/wp-content\/uploads\/sites\/99\/2020\/11\/cropped-logo-nucleo-branco-1024x606.png 1024w, https:\/\/utfpr-ct-static-content.s3.amazonaws.com\/utfpr.curitiba.br\/wp-content\/uploads\/sites\/99\/2020\/11\/cropped-logo-nucleo-branco-300x177.png 300w, https:\/\/utfpr-ct-static-content.s3.amazonaws.com\/utfpr.curitiba.br\/wp-content\/uploads\/sites\/99\/2020\/11\/cropped-logo-nucleo-branco-768x454.png 768w, https:\/\/utfpr-ct-static-content.s3.amazonaws.com\/utfpr.curitiba.br\/wp-content\/uploads\/sites\/99\/2020\/11\/cropped-logo-nucleo-branco.png 1087w\" sizes=\"(max-width: 800px) 100vw, 800px\" \/>\t\t\t\t\t\t\t\t\t\t\t\t\t\t\t<\/div>\n\t\t\t\t<\/div>\n\t\t\t\t\t<\/div>\n\t\t<\/div>\n\t\t\t\t<div class=\"elementor-column elementor-col-33 elementor-top-column elementor-element elementor-element-752772df\" data-id=\"752772df\" data-element_type=\"column\" data-e-type=\"column\">\n\t\t\t<div class=\"elementor-widget-wrap elementor-element-populated\">\n\t\t\t\t\t\t<div class=\"elementor-element elementor-element-54243e49 elementor-widget elementor-widget-image\" data-id=\"54243e49\" data-element_type=\"widget\" data-e-type=\"widget\" data-widget_type=\"image.default\">\n\t\t\t\t<div class=\"elementor-widget-container\">\n\t\t\t\t\t\t\t\t\t\t\t\t\t\t\t<img loading=\"lazy\" decoding=\"async\" width=\"230\" height=\"230\" src=\"https:\/\/utfpr-ct-static-content.s3.amazonaws.com\/utfpr.curitiba.br\/wp-content\/uploads\/sites\/99\/2023\/04\/dadinlogo.png\" class=\"attachment-medium size-medium wp-image-3532\" alt=\"\" srcset=\"https:\/\/utfpr-ct-static-content.s3.amazonaws.com\/utfpr.curitiba.br\/wp-content\/uploads\/sites\/99\/2023\/04\/dadinlogo.png 230w, https:\/\/utfpr-ct-static-content.s3.amazonaws.com\/utfpr.curitiba.br\/wp-content\/uploads\/sites\/99\/2023\/04\/dadinlogo-150x150.png 150w\" sizes=\"(max-width: 230px) 100vw, 230px\" \/>\t\t\t\t\t\t\t\t\t\t\t\t\t\t\t<\/div>\n\t\t\t\t<\/div>\n\t\t\t\t\t<\/div>\n\t\t<\/div>\n\t\t\t\t<div class=\"elementor-column elementor-col-33 elementor-top-column elementor-element elementor-element-5d9e7ea\" data-id=\"5d9e7ea\" data-element_type=\"column\" data-e-type=\"column\">\n\t\t\t<div class=\"elementor-widget-wrap elementor-element-populated\">\n\t\t\t\t\t\t<div class=\"elementor-element elementor-element-61f32486 elementor-widget elementor-widget-image\" data-id=\"61f32486\" data-element_type=\"widget\" data-e-type=\"widget\" data-widget_type=\"image.default\">\n\t\t\t\t<div class=\"elementor-widget-container\">\n\t\t\t\t\t\t\t\t\t\t\t\t\t\t\t<img loading=\"lazy\" decoding=\"async\" width=\"800\" height=\"297\" src=\"https:\/\/utfpr-ct-static-content.s3.amazonaws.com\/utfpr.curitiba.br\/wp-content\/uploads\/sites\/99\/2023\/04\/utfpr1.png\" class=\"attachment-large size-large wp-image-3531\" alt=\"\" srcset=\"https:\/\/utfpr-ct-static-content.s3.amazonaws.com\/utfpr.curitiba.br\/wp-content\/uploads\/sites\/99\/2023\/04\/utfpr1.png 877w, https:\/\/utfpr-ct-static-content.s3.amazonaws.com\/utfpr.curitiba.br\/wp-content\/uploads\/sites\/99\/2023\/04\/utfpr1-300x112.png 300w, https:\/\/utfpr-ct-static-content.s3.amazonaws.com\/utfpr.curitiba.br\/wp-content\/uploads\/sites\/99\/2023\/04\/utfpr1-768x285.png 768w\" sizes=\"(max-width: 800px) 100vw, 800px\" \/>\t\t\t\t\t\t\t\t\t\t\t\t\t\t\t<\/div>\n\t\t\t\t<\/div>\n\t\t\t\t\t<\/div>\n\t\t<\/div>\n\t\t\t\t\t<\/div>\n\t\t<\/section>\n\t\t\t\t<\/div>\n\t\t","protected":false},"excerpt":{"rendered":"<p>In\u00edcio A iniciativa Quem somos Festivais ANIMAGE \u2013 Festival Internacional de Anima\u00e7\u00e3o de Pernambuco ANIMA\u00cd \u2013 Encontro Baiano de Anima\u00e7\u00e3o e Games Anima Cear\u00e1 ANIMATIBA \u2013 Festival Internacional de Anima\u00e7\u00e3o de Curitiba Anim!Arte Baixada Animada \u2013 Mostra Ibero-Americana de Cinema de Anima\u00e7\u00e3o Dia Internacional da Anima\u00e7\u00e3o de Goi\u00e2nia ExperimentAnima FIAB \u2013 Festival Internacional de Anima\u00e7\u00e3o [&hellip;]<\/p>\n","protected":false},"author":174,"featured_media":4808,"comment_status":"closed","ping_status":"closed","sticky":false,"template":"elementor_canvas","format":"standard","meta":{"footnotes":""},"categories":[1368,87,9,19,1498,192,1496,18],"tags":[],"ano_festival":[1170],"ano_producao":[],"tecnica":[1231],"genero":[],"disponivel_online":[],"festival":[1216],"categoria_concorrente":[],"local":[1197,1254,1252],"available_online":[],"class_list":["post-4807","post","type-post","status-publish","format-standard","has-post-thumbnail","hentry","category-abrala","category-anima-ceara","category-brasil","category-florianopolissc","category-jose-manuel-sappino","category-joseph-specker-nys-pt","category-maria-emilia-oliveira-de-azevedo","category-santacatarinasc-pt","ano_festival-2020-pt","tecnica-stop-motion","festival-anima-ceara-pt","local-brasil","local-florianopolis","local-santa-catarina-sc"],"_links":{"self":[{"href":"https:\/\/utfpr.curitiba.br\/nucleodesignanimacao\/index.php?rest_route=\/wp\/v2\/posts\/4807","targetHints":{"allow":["GET"]}}],"collection":[{"href":"https:\/\/utfpr.curitiba.br\/nucleodesignanimacao\/index.php?rest_route=\/wp\/v2\/posts"}],"about":[{"href":"https:\/\/utfpr.curitiba.br\/nucleodesignanimacao\/index.php?rest_route=\/wp\/v2\/types\/post"}],"author":[{"embeddable":true,"href":"https:\/\/utfpr.curitiba.br\/nucleodesignanimacao\/index.php?rest_route=\/wp\/v2\/users\/174"}],"replies":[{"embeddable":true,"href":"https:\/\/utfpr.curitiba.br\/nucleodesignanimacao\/index.php?rest_route=%2Fwp%2Fv2%2Fcomments&post=4807"}],"version-history":[{"count":9,"href":"https:\/\/utfpr.curitiba.br\/nucleodesignanimacao\/index.php?rest_route=\/wp\/v2\/posts\/4807\/revisions"}],"predecessor-version":[{"id":10429,"href":"https:\/\/utfpr.curitiba.br\/nucleodesignanimacao\/index.php?rest_route=\/wp\/v2\/posts\/4807\/revisions\/10429"}],"wp:featuredmedia":[{"embeddable":true,"href":"https:\/\/utfpr.curitiba.br\/nucleodesignanimacao\/index.php?rest_route=\/wp\/v2\/media\/4808"}],"wp:attachment":[{"href":"https:\/\/utfpr.curitiba.br\/nucleodesignanimacao\/index.php?rest_route=%2Fwp%2Fv2%2Fmedia&parent=4807"}],"wp:term":[{"taxonomy":"category","embeddable":true,"href":"https:\/\/utfpr.curitiba.br\/nucleodesignanimacao\/index.php?rest_route=%2Fwp%2Fv2%2Fcategories&post=4807"},{"taxonomy":"post_tag","embeddable":true,"href":"https:\/\/utfpr.curitiba.br\/nucleodesignanimacao\/index.php?rest_route=%2Fwp%2Fv2%2Ftags&post=4807"},{"taxonomy":"ano_festival","embeddable":true,"href":"https:\/\/utfpr.curitiba.br\/nucleodesignanimacao\/index.php?rest_route=%2Fwp%2Fv2%2Fano_festival&post=4807"},{"taxonomy":"ano_producao","embeddable":true,"href":"https:\/\/utfpr.curitiba.br\/nucleodesignanimacao\/index.php?rest_route=%2Fwp%2Fv2%2Fano_producao&post=4807"},{"taxonomy":"tecnica","embeddable":true,"href":"https:\/\/utfpr.curitiba.br\/nucleodesignanimacao\/index.php?rest_route=%2Fwp%2Fv2%2Ftecnica&post=4807"},{"taxonomy":"genero","embeddable":true,"href":"https:\/\/utfpr.curitiba.br\/nucleodesignanimacao\/index.php?rest_route=%2Fwp%2Fv2%2Fgenero&post=4807"},{"taxonomy":"disponivel_online","embeddable":true,"href":"https:\/\/utfpr.curitiba.br\/nucleodesignanimacao\/index.php?rest_route=%2Fwp%2Fv2%2Fdisponivel_online&post=4807"},{"taxonomy":"festival","embeddable":true,"href":"https:\/\/utfpr.curitiba.br\/nucleodesignanimacao\/index.php?rest_route=%2Fwp%2Fv2%2Ffestival&post=4807"},{"taxonomy":"categoria_concorrente","embeddable":true,"href":"https:\/\/utfpr.curitiba.br\/nucleodesignanimacao\/index.php?rest_route=%2Fwp%2Fv2%2Fcategoria_concorrente&post=4807"},{"taxonomy":"local","embeddable":true,"href":"https:\/\/utfpr.curitiba.br\/nucleodesignanimacao\/index.php?rest_route=%2Fwp%2Fv2%2Flocal&post=4807"},{"taxonomy":"available_online","embeddable":true,"href":"https:\/\/utfpr.curitiba.br\/nucleodesignanimacao\/index.php?rest_route=%2Fwp%2Fv2%2Favailable_online&post=4807"}],"curies":[{"name":"wp","href":"https:\/\/api.w.org\/{rel}","templated":true}]}}