{"id":11809,"date":"2023-09-18T11:04:57","date_gmt":"2023-09-18T14:04:57","guid":{"rendered":"https:\/\/utfpr.curitiba.br\/nucleodesignanimacao\/?p=11809"},"modified":"2023-09-18T11:06:35","modified_gmt":"2023-09-18T14:06:35","slug":"flautistas-de-contagem-sheila-rodrigues-e-ryan-pierre-3","status":"publish","type":"post","link":"https:\/\/utfpr.curitiba.br\/nucleodesignanimacao\/?p=11809","title":{"rendered":"Flautistas de Contagem &#8211; Sheila Rodrigues e Ryan Pierre"},"content":{"rendered":"\t\t<div data-elementor-type=\"wp-post\" data-elementor-id=\"11809\" class=\"elementor elementor-11809\">\n\t\t\t\t\t\t<section class=\"elementor-section elementor-top-section elementor-element elementor-element-784365fa elementor-section-boxed elementor-section-height-default elementor-section-height-default\" data-id=\"784365fa\" data-element_type=\"section\" data-e-type=\"section\">\n\t\t\t\t\t\t<div class=\"elementor-container elementor-column-gap-default\">\n\t\t\t\t\t<div class=\"elementor-column elementor-col-100 elementor-top-column elementor-element elementor-element-2b829c78\" data-id=\"2b829c78\" data-element_type=\"column\" data-e-type=\"column\">\n\t\t\t<div class=\"elementor-widget-wrap\">\n\t\t\t\t\t\t\t<\/div>\n\t\t<\/div>\n\t\t\t\t\t<\/div>\n\t\t<\/section>\n\t\t\t\t<section class=\"elementor-section elementor-top-section elementor-element elementor-element-1691aa18 elementor-section-height-min-height elementor-section-boxed elementor-section-height-default elementor-section-items-middle\" data-id=\"1691aa18\" data-element_type=\"section\" data-e-type=\"section\" data-settings=\"{&quot;background_background&quot;:&quot;video&quot;,&quot;shape_divider_bottom&quot;:&quot;curve&quot;,&quot;shape_divider_bottom_negative&quot;:&quot;yes&quot;}\">\n\t\t\t\t\t<div class=\"elementor-shape elementor-shape-bottom\" aria-hidden=\"true\" data-negative=\"true\">\n\t\t\t<svg xmlns=\"http:\/\/www.w3.org\/2000\/svg\" viewBox=\"0 0 1000 100\" preserveAspectRatio=\"none\">\n\t<path class=\"elementor-shape-fill\" d=\"M500,97C126.7,96.3,0.8,19.8,0,0v100l1000,0V1C1000,19.4,873.3,97.8,500,97z\"\/>\n<\/svg>\t\t<\/div>\n\t\t\t\t\t<div class=\"elementor-container elementor-column-gap-default\">\n\t\t\t\t\t<div class=\"elementor-column elementor-col-100 elementor-top-column elementor-element elementor-element-39af95a9\" data-id=\"39af95a9\" data-element_type=\"column\" data-e-type=\"column\">\n\t\t\t<div class=\"elementor-widget-wrap elementor-element-populated\">\n\t\t\t\t\t\t<div class=\"elementor-element elementor-element-62b06bd0 elementor-widget elementor-widget-image\" data-id=\"62b06bd0\" data-element_type=\"widget\" data-e-type=\"widget\" data-widget_type=\"image.default\">\n\t\t\t\t<div class=\"elementor-widget-container\">\n\t\t\t\t\t\t\t\t\t\t\t\t\t\t\t<img fetchpriority=\"high\" decoding=\"async\" width=\"768\" height=\"693\" src=\"https:\/\/utfpr-ct-static-content.s3.amazonaws.com\/utfpr.curitiba.br\/wp-content\/uploads\/sites\/99\/2023\/04\/Logo-ABRALA-principalquadrada_Prancheta-1-768x693.png\" class=\"attachment-medium_large size-medium_large wp-image-3346\" alt=\"\" srcset=\"https:\/\/utfpr-ct-static-content.s3.amazonaws.com\/utfpr.curitiba.br\/wp-content\/uploads\/sites\/99\/2023\/04\/Logo-ABRALA-principalquadrada_Prancheta-1-768x693.png 768w, https:\/\/utfpr-ct-static-content.s3.amazonaws.com\/utfpr.curitiba.br\/wp-content\/uploads\/sites\/99\/2023\/04\/Logo-ABRALA-principalquadrada_Prancheta-1-300x271.png 300w, https:\/\/utfpr-ct-static-content.s3.amazonaws.com\/utfpr.curitiba.br\/wp-content\/uploads\/sites\/99\/2023\/04\/Logo-ABRALA-principalquadrada_Prancheta-1-1024x924.png 1024w\" sizes=\"(max-width: 768px) 100vw, 768px\" \/>\t\t\t\t\t\t\t\t\t\t\t\t\t\t\t<\/div>\n\t\t\t\t<\/div>\n\t\t\t\t\t<\/div>\n\t\t<\/div>\n\t\t\t\t\t<\/div>\n\t\t<\/section>\n\t\t\t\t<section class=\"elementor-section elementor-top-section elementor-element elementor-element-68c3d00d elementor-section-boxed elementor-section-height-default elementor-section-height-default\" data-id=\"68c3d00d\" data-element_type=\"section\" data-e-type=\"section\">\n\t\t\t\t\t\t<div class=\"elementor-container elementor-column-gap-default\">\n\t\t\t\t\t<div class=\"elementor-column elementor-col-100 elementor-top-column elementor-element elementor-element-1cb93803\" data-id=\"1cb93803\" data-element_type=\"column\" data-e-type=\"column\" data-settings=\"{&quot;background_background&quot;:&quot;classic&quot;}\">\n\t\t\t<div class=\"elementor-widget-wrap elementor-element-populated\">\n\t\t\t\t\t<div class=\"elementor-background-overlay\"><\/div>\n\t\t\t\t\t\t<div class=\"elementor-element elementor-element-2dff6ceb elementor-widget elementor-widget-spacer\" data-id=\"2dff6ceb\" data-element_type=\"widget\" data-e-type=\"widget\" data-widget_type=\"spacer.default\">\n\t\t\t\t<div class=\"elementor-widget-container\">\n\t\t\t\t\t\t\t<div class=\"elementor-spacer\">\n\t\t\t<div class=\"elementor-spacer-inner\"><\/div>\n\t\t<\/div>\n\t\t\t\t\t\t<\/div>\n\t\t\t\t<\/div>\n\t\t\t\t<section class=\"elementor-section elementor-inner-section elementor-element elementor-element-283e8067 elementor-section-boxed elementor-section-height-default elementor-section-height-default\" data-id=\"283e8067\" data-element_type=\"section\" data-e-type=\"section\">\n\t\t\t\t\t\t<div class=\"elementor-container elementor-column-gap-default\">\n\t\t\t\t\t<div class=\"elementor-column elementor-col-100 elementor-inner-column elementor-element elementor-element-3344680c\" data-id=\"3344680c\" data-element_type=\"column\" data-e-type=\"column\">\n\t\t\t<div class=\"elementor-widget-wrap elementor-element-populated\">\n\t\t\t\t\t\t<div class=\"elementor-element elementor-element-52ff2618 elementor-widget elementor-widget-heading\" data-id=\"52ff2618\" data-element_type=\"widget\" data-e-type=\"widget\" data-widget_type=\"heading.default\">\n\t\t\t\t<div class=\"elementor-widget-container\">\n\t\t\t\t\t<h1 class=\"elementor-heading-title elementor-size-default\">Flautistas de Contagem - Sheila Rodrigues e Ryan Pierre<\/h1>\t\t\t\t<\/div>\n\t\t\t\t<\/div>\n\t\t\t\t\t<\/div>\n\t\t<\/div>\n\t\t\t\t\t<\/div>\n\t\t<\/section>\n\t\t\t\t<section class=\"elementor-section elementor-inner-section elementor-element elementor-element-738ef720 elementor-section-boxed elementor-section-height-default elementor-section-height-default\" data-id=\"738ef720\" data-element_type=\"section\" data-e-type=\"section\">\n\t\t\t\t\t\t<div class=\"elementor-container elementor-column-gap-default\">\n\t\t\t\t\t<div class=\"elementor-column elementor-col-100 elementor-inner-column elementor-element elementor-element-599a7d74\" data-id=\"599a7d74\" data-element_type=\"column\" data-e-type=\"column\">\n\t\t\t<div class=\"elementor-widget-wrap elementor-element-populated\">\n\t\t\t\t\t\t<div class=\"elementor-element elementor-element-21a3ac69 elementor-widget elementor-widget-image\" data-id=\"21a3ac69\" data-element_type=\"widget\" data-e-type=\"widget\" data-widget_type=\"image.default\">\n\t\t\t\t<div class=\"elementor-widget-container\">\n\t\t\t\t\t\t\t\t\t\t\t\t\t\t\t<img decoding=\"async\" width=\"300\" height=\"211\" src=\"https:\/\/utfpr-ct-static-content.s3.amazonaws.com\/utfpr.curitiba.br\/wp-content\/uploads\/sites\/99\/2023\/04\/Imagem-substituicao_Prancheta-1-300x211.png\" class=\"attachment-medium size-medium wp-image-3473\" alt=\"\" srcset=\"https:\/\/utfpr-ct-static-content.s3.amazonaws.com\/utfpr.curitiba.br\/wp-content\/uploads\/sites\/99\/2023\/04\/Imagem-substituicao_Prancheta-1-300x211.png 300w, https:\/\/utfpr-ct-static-content.s3.amazonaws.com\/utfpr.curitiba.br\/wp-content\/uploads\/sites\/99\/2023\/04\/Imagem-substituicao_Prancheta-1-1024x721.png 1024w, https:\/\/utfpr-ct-static-content.s3.amazonaws.com\/utfpr.curitiba.br\/wp-content\/uploads\/sites\/99\/2023\/04\/Imagem-substituicao_Prancheta-1-768x541.png 768w, https:\/\/utfpr-ct-static-content.s3.amazonaws.com\/utfpr.curitiba.br\/wp-content\/uploads\/sites\/99\/2023\/04\/Imagem-substituicao_Prancheta-1-1536x1082.png 1536w, https:\/\/utfpr-ct-static-content.s3.amazonaws.com\/utfpr.curitiba.br\/wp-content\/uploads\/sites\/99\/2023\/04\/Imagem-substituicao_Prancheta-1-2048x1442.png 2048w\" sizes=\"(max-width: 300px) 100vw, 300px\" \/>\t\t\t\t\t\t\t\t\t\t\t\t\t\t\t<\/div>\n\t\t\t\t<\/div>\n\t\t\t\t\t<\/div>\n\t\t<\/div>\n\t\t\t\t\t<\/div>\n\t\t<\/section>\n\t\t\t\t<section class=\"elementor-section elementor-inner-section elementor-element elementor-element-37e8846 elementor-section-boxed elementor-section-height-default elementor-section-height-default\" data-id=\"37e8846\" data-element_type=\"section\" data-e-type=\"section\">\n\t\t\t\t\t\t<div class=\"elementor-container elementor-column-gap-default\">\n\t\t\t\t\t<div class=\"elementor-column elementor-col-100 elementor-inner-column elementor-element elementor-element-d52c11d\" data-id=\"d52c11d\" data-element_type=\"column\" data-e-type=\"column\">\n\t\t\t<div class=\"elementor-widget-wrap\">\n\t\t\t\t\t\t\t<\/div>\n\t\t<\/div>\n\t\t\t\t\t<\/div>\n\t\t<\/section>\n\t\t\t\t<section class=\"elementor-section elementor-inner-section elementor-element elementor-element-3a0ab93e elementor-section-boxed elementor-section-height-default elementor-section-height-default\" data-id=\"3a0ab93e\" data-element_type=\"section\" data-e-type=\"section\">\n\t\t\t\t\t\t<div class=\"elementor-container elementor-column-gap-default\">\n\t\t\t\t\t<div class=\"elementor-column elementor-col-100 elementor-inner-column elementor-element elementor-element-1666c9dc\" data-id=\"1666c9dc\" data-element_type=\"column\" data-e-type=\"column\">\n\t\t\t<div class=\"elementor-widget-wrap elementor-element-populated\">\n\t\t\t\t\t\t<div class=\"elementor-element elementor-element-349ed3a1 elementor-position-left elementor-vertical-align-middle elementor-widget elementor-widget-image-box\" data-id=\"349ed3a1\" data-element_type=\"widget\" data-e-type=\"widget\" data-widget_type=\"image-box.default\">\n\t\t\t\t<div class=\"elementor-widget-container\">\n\t\t\t\t\t<div class=\"elementor-image-box-wrapper\"><figure class=\"elementor-image-box-img\"><img decoding=\"async\" width=\"150\" height=\"150\" src=\"https:\/\/utfpr-ct-static-content.s3.amazonaws.com\/utfpr.curitiba.br\/wp-content\/uploads\/sites\/99\/2023\/04\/ABRALA-ICONS-19-150x150.png\" class=\"attachment-thumbnail size-thumbnail wp-image-3378\" alt=\"\" \/><\/figure><div class=\"elementor-image-box-content\"><h2 class=\"elementor-image-box-title\">Sinopsis<\/h2><\/div><\/div>\t\t\t\t<\/div>\n\t\t\t\t<\/div>\n\t\t\t\t<div class=\"elementor-element elementor-element-18363385 elementor-widget elementor-widget-text-editor\" data-id=\"18363385\" data-element_type=\"widget\" data-e-type=\"widget\" data-widget_type=\"text-editor.default\">\n\t\t\t\t<div class=\"elementor-widget-container\">\n\t\t\t\t\t\t\t\t\t<p>Meio Ambiente. Contagem ha sido invadida por un batall\u00f3n de basura. Los Flautistas salvan la ciudad.<\/p>\t\t\t\t\t\t\t\t<\/div>\n\t\t\t\t<\/div>\n\t\t\t\t<div class=\"elementor-element elementor-element-7ea1097 elementor-position-left elementor-vertical-align-middle elementor-widget elementor-widget-image-box\" data-id=\"7ea1097\" data-element_type=\"widget\" data-e-type=\"widget\" data-widget_type=\"image-box.default\">\n\t\t\t\t<div class=\"elementor-widget-container\">\n\t\t\t\t\t<div class=\"elementor-image-box-wrapper\"><figure class=\"elementor-image-box-img\"><img loading=\"lazy\" decoding=\"async\" width=\"150\" height=\"150\" src=\"https:\/\/utfpr-ct-static-content.s3.amazonaws.com\/utfpr.curitiba.br\/wp-content\/uploads\/sites\/99\/2023\/04\/ficha-tecnica-1-150x150.png\" class=\"attachment-thumbnail size-thumbnail wp-image-3839\" alt=\"\" srcset=\"https:\/\/utfpr-ct-static-content.s3.amazonaws.com\/utfpr.curitiba.br\/wp-content\/uploads\/sites\/99\/2023\/04\/ficha-tecnica-1-150x150.png 150w, https:\/\/utfpr-ct-static-content.s3.amazonaws.com\/utfpr.curitiba.br\/wp-content\/uploads\/sites\/99\/2023\/04\/ficha-tecnica-1-300x298.png 300w, https:\/\/utfpr-ct-static-content.s3.amazonaws.com\/utfpr.curitiba.br\/wp-content\/uploads\/sites\/99\/2023\/04\/ficha-tecnica-1-1024x1017.png 1024w, https:\/\/utfpr-ct-static-content.s3.amazonaws.com\/utfpr.curitiba.br\/wp-content\/uploads\/sites\/99\/2023\/04\/ficha-tecnica-1-768x763.png 768w, https:\/\/utfpr-ct-static-content.s3.amazonaws.com\/utfpr.curitiba.br\/wp-content\/uploads\/sites\/99\/2023\/04\/ficha-tecnica-1-1536x1526.png 1536w, https:\/\/utfpr-ct-static-content.s3.amazonaws.com\/utfpr.curitiba.br\/wp-content\/uploads\/sites\/99\/2023\/04\/ficha-tecnica-1.png 1760w\" sizes=\"(max-width: 150px) 100vw, 150px\" \/><\/figure><div class=\"elementor-image-box-content\"><h2 class=\"elementor-image-box-title\">Ficha t\u00e9cnica<\/h2><\/div><\/div>\t\t\t\t<\/div>\n\t\t\t\t<\/div>\n\t\t\t\t<div class=\"elementor-element elementor-element-1bb7a9ab elementor-widget elementor-widget-text-editor\" data-id=\"1bb7a9ab\" data-element_type=\"widget\" data-e-type=\"widget\" data-widget_type=\"text-editor.default\">\n\t\t\t\t<div class=\"elementor-widget-container\">\n\t\t\t\t\t\t\t\t\t<p><strong>Nombre: <\/strong>Flautistas de Contagem<br \/><strong>Pa\u00eds: <\/strong>Brasil<br \/><strong>A\u00f1o de producci\u00f3n:<\/strong> 2019<br \/><strong>Direcci\u00f3n:<\/strong> Sheila Rodrigues y Ryan Pierre<br \/><strong>Producci\u00f3n\/Coproducci\u00f3n: &#8211;<br \/>Formato:<\/strong> &#8211;<br \/><strong>Duraci\u00f3n:<\/strong> &#8211;<br \/><strong>T\u00e9cnica: <\/strong>Pixelaci\u00f3n<br \/><strong>G\u00e9nero: &#8211;<\/strong><\/p>\t\t\t\t\t\t\t\t<\/div>\n\t\t\t\t<\/div>\n\t\t\t\t<div class=\"elementor-element elementor-element-4cf84634 elementor-position-left elementor-vertical-align-middle elementor-widget elementor-widget-image-box\" data-id=\"4cf84634\" data-element_type=\"widget\" data-e-type=\"widget\" data-widget_type=\"image-box.default\">\n\t\t\t\t<div class=\"elementor-widget-container\">\n\t\t\t\t\t<div class=\"elementor-image-box-wrapper\"><figure class=\"elementor-image-box-img\"><img loading=\"lazy\" decoding=\"async\" width=\"150\" height=\"150\" src=\"https:\/\/utfpr-ct-static-content.s3.amazonaws.com\/utfpr.curitiba.br\/wp-content\/uploads\/sites\/99\/2023\/04\/ABRALA-ICONS-17-150x150.png\" class=\"attachment-thumbnail size-thumbnail wp-image-3376\" alt=\"\" \/><\/figure><div class=\"elementor-image-box-content\"><h2 class=\"elementor-image-box-title\">Exhibici\u00f3n<\/h2><\/div><\/div>\t\t\t\t<\/div>\n\t\t\t\t<\/div>\n\t\t\t\t<div class=\"elementor-element elementor-element-430c1e48 elementor-widget elementor-widget-text-editor\" data-id=\"430c1e48\" data-element_type=\"widget\" data-e-type=\"widget\" data-widget_type=\"text-editor.default\">\n\t\t\t\t<div class=\"elementor-widget-container\">\n\t\t\t\t\t\t\t\t\t<p><strong>Festival:<\/strong><span>\u00a0ExperimentAnima<\/span><br \/><strong>A\u00f1o<\/strong><span>: 2021<\/span><br \/><strong>Pa\u00eds del festival<\/strong><span>: Brasil<\/span><br \/><strong>\u00c2mbito del festival:<span>\u00a0<\/span><\/strong><span>Nacional<\/span><\/p>\t\t\t\t\t\t\t\t<\/div>\n\t\t\t\t<\/div>\n\t\t\t\t\t<\/div>\n\t\t<\/div>\n\t\t\t\t\t<\/div>\n\t\t<\/section>\n\t\t\t\t<div class=\"elementor-element elementor-element-3bbe3fec elementor-position-left elementor-vertical-align-middle elementor-widget elementor-widget-image-box\" data-id=\"3bbe3fec\" data-element_type=\"widget\" data-e-type=\"widget\" data-widget_type=\"image-box.default\">\n\t\t\t\t<div class=\"elementor-widget-container\">\n\t\t\t\t\t<div class=\"elementor-image-box-wrapper\"><figure class=\"elementor-image-box-img\"><img loading=\"lazy\" decoding=\"async\" width=\"150\" height=\"150\" src=\"https:\/\/utfpr-ct-static-content.s3.amazonaws.com\/utfpr.curitiba.br\/wp-content\/uploads\/sites\/99\/2023\/04\/ABRALA-ICONS-20-150x150.png\" class=\"attachment-thumbnail size-thumbnail wp-image-3379\" alt=\"\" \/><\/figure><div class=\"elementor-image-box-content\"><h2 class=\"elementor-image-box-title\">Categor\u00eda de competidor<\/h2><\/div><\/div>\t\t\t\t<\/div>\n\t\t\t\t<\/div>\n\t\t\t\t<div class=\"elementor-element elementor-element-3ea7f0ab elementor-widget elementor-widget-text-editor\" data-id=\"3ea7f0ab\" data-element_type=\"widget\" data-e-type=\"widget\" data-widget_type=\"text-editor.default\">\n\t\t\t\t<div class=\"elementor-widget-container\">\n\t\t\t\t\t\t\t\t\t<p><b>Categor\u00eda Competidora:<\/b> Trabajos escolares y disciplinas<b><br \/><\/b><strong>Premio:<\/strong> &#8211;<br \/><strong>Otros festivales en los que participa:<\/strong> &#8211;<br \/><strong>Disponible en l\u00ednea:<\/strong> &#8211;<\/p>\t\t\t\t\t\t\t\t<\/div>\n\t\t\t\t<\/div>\n\t\t\t\t\t<\/div>\n\t\t<\/div>\n\t\t\t\t\t<\/div>\n\t\t<\/section>\n\t\t\t\t<section class=\"elementor-section elementor-top-section elementor-element elementor-element-5d95d681 elementor-section-boxed elementor-section-height-default elementor-section-height-default\" data-id=\"5d95d681\" data-element_type=\"section\" data-e-type=\"section\">\n\t\t\t\t\t\t<div class=\"elementor-container elementor-column-gap-default\">\n\t\t\t\t\t<div class=\"elementor-column elementor-col-100 elementor-top-column elementor-element elementor-element-a0e55bc\" data-id=\"a0e55bc\" data-element_type=\"column\" data-e-type=\"column\">\n\t\t\t<div class=\"elementor-widget-wrap elementor-element-populated\">\n\t\t\t\t\t\t<div class=\"elementor-element elementor-element-7879ae82 elementor-widget elementor-widget-spacer\" data-id=\"7879ae82\" data-element_type=\"widget\" data-e-type=\"widget\" data-widget_type=\"spacer.default\">\n\t\t\t\t<div class=\"elementor-widget-container\">\n\t\t\t\t\t\t\t<div class=\"elementor-spacer\">\n\t\t\t<div class=\"elementor-spacer-inner\"><\/div>\n\t\t<\/div>\n\t\t\t\t\t\t<\/div>\n\t\t\t\t<\/div>\n\t\t\t\t\t<\/div>\n\t\t<\/div>\n\t\t\t\t\t<\/div>\n\t\t<\/section>\n\t\t\t\t<section class=\"elementor-section elementor-top-section elementor-element elementor-element-c6e1400 elementor-section-content-middle elementor-section-boxed elementor-section-height-default elementor-section-height-default\" data-id=\"c6e1400\" data-element_type=\"section\" data-e-type=\"section\" data-settings=\"{&quot;background_background&quot;:&quot;video&quot;}\">\n\t\t\t\t\t\t<div class=\"elementor-container elementor-column-gap-default\">\n\t\t\t\t\t<div class=\"elementor-column elementor-col-33 elementor-top-column elementor-element elementor-element-b347548\" data-id=\"b347548\" data-element_type=\"column\" data-e-type=\"column\">\n\t\t\t<div class=\"elementor-widget-wrap elementor-element-populated\">\n\t\t\t\t\t\t<div class=\"elementor-element elementor-element-63ae4a2 elementor-widget elementor-widget-image\" data-id=\"63ae4a2\" data-element_type=\"widget\" data-e-type=\"widget\" data-widget_type=\"image.default\">\n\t\t\t\t<div class=\"elementor-widget-container\">\n\t\t\t\t\t\t\t\t\t\t\t\t\t\t\t<img loading=\"lazy\" decoding=\"async\" width=\"800\" height=\"473\" src=\"https:\/\/utfpr-ct-static-content.s3.amazonaws.com\/utfpr.curitiba.br\/wp-content\/uploads\/sites\/99\/2020\/11\/cropped-logo-nucleo-branco-1024x606.png\" class=\"attachment-large size-large wp-image-3079\" alt=\"\" srcset=\"https:\/\/utfpr-ct-static-content.s3.amazonaws.com\/utfpr.curitiba.br\/wp-content\/uploads\/sites\/99\/2020\/11\/cropped-logo-nucleo-branco-1024x606.png 1024w, https:\/\/utfpr-ct-static-content.s3.amazonaws.com\/utfpr.curitiba.br\/wp-content\/uploads\/sites\/99\/2020\/11\/cropped-logo-nucleo-branco-300x177.png 300w, https:\/\/utfpr-ct-static-content.s3.amazonaws.com\/utfpr.curitiba.br\/wp-content\/uploads\/sites\/99\/2020\/11\/cropped-logo-nucleo-branco-768x454.png 768w, https:\/\/utfpr-ct-static-content.s3.amazonaws.com\/utfpr.curitiba.br\/wp-content\/uploads\/sites\/99\/2020\/11\/cropped-logo-nucleo-branco.png 1087w\" sizes=\"(max-width: 800px) 100vw, 800px\" \/>\t\t\t\t\t\t\t\t\t\t\t\t\t\t\t<\/div>\n\t\t\t\t<\/div>\n\t\t\t\t\t<\/div>\n\t\t<\/div>\n\t\t\t\t<div class=\"elementor-column elementor-col-33 elementor-top-column elementor-element elementor-element-83992ea\" data-id=\"83992ea\" data-element_type=\"column\" data-e-type=\"column\">\n\t\t\t<div class=\"elementor-widget-wrap elementor-element-populated\">\n\t\t\t\t\t\t<div class=\"elementor-element elementor-element-7a27a13 elementor-widget elementor-widget-image\" data-id=\"7a27a13\" data-element_type=\"widget\" data-e-type=\"widget\" data-widget_type=\"image.default\">\n\t\t\t\t<div class=\"elementor-widget-container\">\n\t\t\t\t\t\t\t\t\t\t\t\t\t\t\t<img loading=\"lazy\" decoding=\"async\" width=\"230\" height=\"230\" src=\"https:\/\/utfpr-ct-static-content.s3.amazonaws.com\/utfpr.curitiba.br\/wp-content\/uploads\/sites\/99\/2023\/04\/dadinlogo.png\" class=\"attachment-medium size-medium wp-image-3532\" alt=\"\" srcset=\"https:\/\/utfpr-ct-static-content.s3.amazonaws.com\/utfpr.curitiba.br\/wp-content\/uploads\/sites\/99\/2023\/04\/dadinlogo.png 230w, https:\/\/utfpr-ct-static-content.s3.amazonaws.com\/utfpr.curitiba.br\/wp-content\/uploads\/sites\/99\/2023\/04\/dadinlogo-150x150.png 150w\" sizes=\"(max-width: 230px) 100vw, 230px\" \/>\t\t\t\t\t\t\t\t\t\t\t\t\t\t\t<\/div>\n\t\t\t\t<\/div>\n\t\t\t\t\t<\/div>\n\t\t<\/div>\n\t\t\t\t<div class=\"elementor-column elementor-col-33 elementor-top-column elementor-element elementor-element-d5e6fe5\" data-id=\"d5e6fe5\" data-element_type=\"column\" data-e-type=\"column\">\n\t\t\t<div class=\"elementor-widget-wrap elementor-element-populated\">\n\t\t\t\t\t\t<div class=\"elementor-element elementor-element-7c7041a elementor-widget elementor-widget-image\" data-id=\"7c7041a\" data-element_type=\"widget\" data-e-type=\"widget\" data-widget_type=\"image.default\">\n\t\t\t\t<div class=\"elementor-widget-container\">\n\t\t\t\t\t\t\t\t\t\t\t\t\t\t\t<img loading=\"lazy\" decoding=\"async\" width=\"800\" height=\"297\" src=\"https:\/\/utfpr-ct-static-content.s3.amazonaws.com\/utfpr.curitiba.br\/wp-content\/uploads\/sites\/99\/2023\/04\/utfpr1.png\" class=\"attachment-large size-large wp-image-3531\" alt=\"\" srcset=\"https:\/\/utfpr-ct-static-content.s3.amazonaws.com\/utfpr.curitiba.br\/wp-content\/uploads\/sites\/99\/2023\/04\/utfpr1.png 877w, https:\/\/utfpr-ct-static-content.s3.amazonaws.com\/utfpr.curitiba.br\/wp-content\/uploads\/sites\/99\/2023\/04\/utfpr1-300x112.png 300w, https:\/\/utfpr-ct-static-content.s3.amazonaws.com\/utfpr.curitiba.br\/wp-content\/uploads\/sites\/99\/2023\/04\/utfpr1-768x285.png 768w\" sizes=\"(max-width: 800px) 100vw, 800px\" \/>\t\t\t\t\t\t\t\t\t\t\t\t\t\t\t<\/div>\n\t\t\t\t<\/div>\n\t\t\t\t\t<\/div>\n\t\t<\/div>\n\t\t\t\t\t<\/div>\n\t\t<\/section>\n\t\t\t\t<\/div>\n\t\t","protected":false},"excerpt":{"rendered":"<p>In\u00edcio A iniciativa Quem somos Festivais ANIMAGE \u2013 Festival Internacional de Anima\u00e7\u00e3o de Pernambuco ANIMA\u00cd \u2013 Encontro Baiano de Anima\u00e7\u00e3o e Games Anima Cear\u00e1 ANIMATIBA \u2013 Festival Internacional de Anima\u00e7\u00e3o de Curitiba Anim!Arte Baixada Animada \u2013 Mostra Ibero-Americana de Cinema de Anima\u00e7\u00e3o Dia Internacional da Anima\u00e7\u00e3o de Goi\u00e2nia ExperimentAnima FIAB \u2013 Festival Internacional de Anima\u00e7\u00e3o [&hellip;]<\/p>\n","protected":false},"author":174,"featured_media":3473,"comment_status":"closed","ping_status":"closed","sticky":false,"template":"elementor_canvas","format":"standard","meta":{"footnotes":""},"categories":[1370,4536,3604,3352,3388],"tags":[],"ano_festival":[1414],"ano_producao":[1181],"tecnica":[1964],"genero":[],"disponivel_online":[],"festival":[3808],"categoria_concorrente":[1896],"local":[3846],"available_online":[],"class_list":["post-11809","post","type-post","status-publish","format-standard","has-post-thumbnail","hentry","category-abrala-es","category-brasil-es-es","category-experimentanima-es","category-ryan-pierre-es","category-sheila-rodrigues-es","ano_festival-2021-es","ano_producao-2019-es","tecnica-pixelacion","festival-experimentanima-es","categoria_concorrente-trabajo-escolar-y-materias","local-brasil-es"],"_links":{"self":[{"href":"https:\/\/utfpr.curitiba.br\/nucleodesignanimacao\/index.php?rest_route=\/wp\/v2\/posts\/11809","targetHints":{"allow":["GET"]}}],"collection":[{"href":"https:\/\/utfpr.curitiba.br\/nucleodesignanimacao\/index.php?rest_route=\/wp\/v2\/posts"}],"about":[{"href":"https:\/\/utfpr.curitiba.br\/nucleodesignanimacao\/index.php?rest_route=\/wp\/v2\/types\/post"}],"author":[{"embeddable":true,"href":"https:\/\/utfpr.curitiba.br\/nucleodesignanimacao\/index.php?rest_route=\/wp\/v2\/users\/174"}],"replies":[{"embeddable":true,"href":"https:\/\/utfpr.curitiba.br\/nucleodesignanimacao\/index.php?rest_route=%2Fwp%2Fv2%2Fcomments&post=11809"}],"version-history":[{"count":4,"href":"https:\/\/utfpr.curitiba.br\/nucleodesignanimacao\/index.php?rest_route=\/wp\/v2\/posts\/11809\/revisions"}],"predecessor-version":[{"id":11813,"href":"https:\/\/utfpr.curitiba.br\/nucleodesignanimacao\/index.php?rest_route=\/wp\/v2\/posts\/11809\/revisions\/11813"}],"wp:featuredmedia":[{"embeddable":true,"href":"https:\/\/utfpr.curitiba.br\/nucleodesignanimacao\/index.php?rest_route=\/wp\/v2\/media\/3473"}],"wp:attachment":[{"href":"https:\/\/utfpr.curitiba.br\/nucleodesignanimacao\/index.php?rest_route=%2Fwp%2Fv2%2Fmedia&parent=11809"}],"wp:term":[{"taxonomy":"category","embeddable":true,"href":"https:\/\/utfpr.curitiba.br\/nucleodesignanimacao\/index.php?rest_route=%2Fwp%2Fv2%2Fcategories&post=11809"},{"taxonomy":"post_tag","embeddable":true,"href":"https:\/\/utfpr.curitiba.br\/nucleodesignanimacao\/index.php?rest_route=%2Fwp%2Fv2%2Ftags&post=11809"},{"taxonomy":"ano_festival","embeddable":true,"href":"https:\/\/utfpr.curitiba.br\/nucleodesignanimacao\/index.php?rest_route=%2Fwp%2Fv2%2Fano_festival&post=11809"},{"taxonomy":"ano_producao","embeddable":true,"href":"https:\/\/utfpr.curitiba.br\/nucleodesignanimacao\/index.php?rest_route=%2Fwp%2Fv2%2Fano_producao&post=11809"},{"taxonomy":"tecnica","embeddable":true,"href":"https:\/\/utfpr.curitiba.br\/nucleodesignanimacao\/index.php?rest_route=%2Fwp%2Fv2%2Ftecnica&post=11809"},{"taxonomy":"genero","embeddable":true,"href":"https:\/\/utfpr.curitiba.br\/nucleodesignanimacao\/index.php?rest_route=%2Fwp%2Fv2%2Fgenero&post=11809"},{"taxonomy":"disponivel_online","embeddable":true,"href":"https:\/\/utfpr.curitiba.br\/nucleodesignanimacao\/index.php?rest_route=%2Fwp%2Fv2%2Fdisponivel_online&post=11809"},{"taxonomy":"festival","embeddable":true,"href":"https:\/\/utfpr.curitiba.br\/nucleodesignanimacao\/index.php?rest_route=%2Fwp%2Fv2%2Ffestival&post=11809"},{"taxonomy":"categoria_concorrente","embeddable":true,"href":"https:\/\/utfpr.curitiba.br\/nucleodesignanimacao\/index.php?rest_route=%2Fwp%2Fv2%2Fcategoria_concorrente&post=11809"},{"taxonomy":"local","embeddable":true,"href":"https:\/\/utfpr.curitiba.br\/nucleodesignanimacao\/index.php?rest_route=%2Fwp%2Fv2%2Flocal&post=11809"},{"taxonomy":"available_online","embeddable":true,"href":"https:\/\/utfpr.curitiba.br\/nucleodesignanimacao\/index.php?rest_route=%2Fwp%2Fv2%2Favailable_online&post=11809"}],"curies":[{"name":"wp","href":"https:\/\/api.w.org\/{rel}","templated":true}]}}