{"id":10594,"date":"2023-09-11T13:26:36","date_gmt":"2023-09-11T16:26:36","guid":{"rendered":"https:\/\/utfpr.curitiba.br\/nucleodesignanimacao\/?p=10594"},"modified":"2023-09-11T13:29:19","modified_gmt":"2023-09-11T16:29:19","slug":"barbas-de-molho-eduardo-padrao-e-leanndro-amorim-3","status":"publish","type":"post","link":"https:\/\/utfpr.curitiba.br\/nucleodesignanimacao\/?p=10594","title":{"rendered":"Barbas de Molho &#8211; Eduardo Padr\u00e3o e Leanndro Amorim"},"content":{"rendered":"\t\t<div data-elementor-type=\"wp-post\" data-elementor-id=\"10594\" class=\"elementor elementor-10594\">\n\t\t\t\t\t\t<section class=\"elementor-section elementor-top-section elementor-element elementor-element-365d57b3 elementor-section-boxed elementor-section-height-default elementor-section-height-default\" data-id=\"365d57b3\" data-element_type=\"section\" data-e-type=\"section\">\n\t\t\t\t\t\t<div class=\"elementor-container elementor-column-gap-default\">\n\t\t\t\t\t<div class=\"elementor-column elementor-col-100 elementor-top-column elementor-element elementor-element-4e6cc9ab\" data-id=\"4e6cc9ab\" data-element_type=\"column\" data-e-type=\"column\">\n\t\t\t<div class=\"elementor-widget-wrap\">\n\t\t\t\t\t\t\t<\/div>\n\t\t<\/div>\n\t\t\t\t\t<\/div>\n\t\t<\/section>\n\t\t\t\t<section class=\"elementor-section elementor-top-section elementor-element elementor-element-592c3fc elementor-section-height-min-height elementor-section-boxed elementor-section-height-default elementor-section-items-middle\" data-id=\"592c3fc\" data-element_type=\"section\" data-e-type=\"section\" data-settings=\"{&quot;background_background&quot;:&quot;video&quot;,&quot;shape_divider_bottom&quot;:&quot;curve&quot;,&quot;shape_divider_bottom_negative&quot;:&quot;yes&quot;}\">\n\t\t\t\t\t<div class=\"elementor-shape elementor-shape-bottom\" aria-hidden=\"true\" data-negative=\"true\">\n\t\t\t<svg xmlns=\"http:\/\/www.w3.org\/2000\/svg\" viewBox=\"0 0 1000 100\" preserveAspectRatio=\"none\">\n\t<path class=\"elementor-shape-fill\" d=\"M500,97C126.7,96.3,0.8,19.8,0,0v100l1000,0V1C1000,19.4,873.3,97.8,500,97z\"\/>\n<\/svg>\t\t<\/div>\n\t\t\t\t\t<div class=\"elementor-container elementor-column-gap-default\">\n\t\t\t\t\t<div class=\"elementor-column elementor-col-100 elementor-top-column elementor-element elementor-element-142fab1e\" data-id=\"142fab1e\" data-element_type=\"column\" data-e-type=\"column\">\n\t\t\t<div class=\"elementor-widget-wrap elementor-element-populated\">\n\t\t\t\t\t\t<div class=\"elementor-element elementor-element-22982632 elementor-widget elementor-widget-image\" data-id=\"22982632\" data-element_type=\"widget\" data-e-type=\"widget\" data-widget_type=\"image.default\">\n\t\t\t\t<div class=\"elementor-widget-container\">\n\t\t\t\t\t\t\t\t\t\t\t\t\t\t\t<img fetchpriority=\"high\" decoding=\"async\" width=\"768\" height=\"693\" src=\"https:\/\/utfpr-ct-static-content.s3.amazonaws.com\/utfpr.curitiba.br\/wp-content\/uploads\/sites\/99\/2023\/04\/Logo-ABRALA-principalquadrada_Prancheta-1-768x693.png\" class=\"attachment-medium_large size-medium_large wp-image-3346\" alt=\"\" srcset=\"https:\/\/utfpr-ct-static-content.s3.amazonaws.com\/utfpr.curitiba.br\/wp-content\/uploads\/sites\/99\/2023\/04\/Logo-ABRALA-principalquadrada_Prancheta-1-768x693.png 768w, https:\/\/utfpr-ct-static-content.s3.amazonaws.com\/utfpr.curitiba.br\/wp-content\/uploads\/sites\/99\/2023\/04\/Logo-ABRALA-principalquadrada_Prancheta-1-300x271.png 300w, https:\/\/utfpr-ct-static-content.s3.amazonaws.com\/utfpr.curitiba.br\/wp-content\/uploads\/sites\/99\/2023\/04\/Logo-ABRALA-principalquadrada_Prancheta-1-1024x924.png 1024w\" sizes=\"(max-width: 768px) 100vw, 768px\" \/>\t\t\t\t\t\t\t\t\t\t\t\t\t\t\t<\/div>\n\t\t\t\t<\/div>\n\t\t\t\t\t<\/div>\n\t\t<\/div>\n\t\t\t\t\t<\/div>\n\t\t<\/section>\n\t\t\t\t<section class=\"elementor-section elementor-top-section elementor-element elementor-element-1a76a225 elementor-section-boxed elementor-section-height-default elementor-section-height-default\" data-id=\"1a76a225\" data-element_type=\"section\" data-e-type=\"section\">\n\t\t\t\t\t\t<div class=\"elementor-container elementor-column-gap-default\">\n\t\t\t\t\t<div class=\"elementor-column elementor-col-100 elementor-top-column elementor-element elementor-element-7c115610\" data-id=\"7c115610\" data-element_type=\"column\" data-e-type=\"column\" data-settings=\"{&quot;background_background&quot;:&quot;classic&quot;}\">\n\t\t\t<div class=\"elementor-widget-wrap elementor-element-populated\">\n\t\t\t\t\t<div class=\"elementor-background-overlay\"><\/div>\n\t\t\t\t\t\t<div class=\"elementor-element elementor-element-6661c3bc elementor-widget elementor-widget-spacer\" data-id=\"6661c3bc\" data-element_type=\"widget\" data-e-type=\"widget\" data-widget_type=\"spacer.default\">\n\t\t\t\t<div class=\"elementor-widget-container\">\n\t\t\t\t\t\t\t<div class=\"elementor-spacer\">\n\t\t\t<div class=\"elementor-spacer-inner\"><\/div>\n\t\t<\/div>\n\t\t\t\t\t\t<\/div>\n\t\t\t\t<\/div>\n\t\t\t\t<section class=\"elementor-section elementor-inner-section elementor-element elementor-element-11d61ef7 elementor-section-boxed elementor-section-height-default elementor-section-height-default\" data-id=\"11d61ef7\" data-element_type=\"section\" data-e-type=\"section\">\n\t\t\t\t\t\t<div class=\"elementor-container elementor-column-gap-default\">\n\t\t\t\t\t<div class=\"elementor-column elementor-col-100 elementor-inner-column elementor-element elementor-element-7fcddd25\" data-id=\"7fcddd25\" data-element_type=\"column\" data-e-type=\"column\">\n\t\t\t<div class=\"elementor-widget-wrap elementor-element-populated\">\n\t\t\t\t\t\t<div class=\"elementor-element elementor-element-588883dd elementor-widget elementor-widget-heading\" data-id=\"588883dd\" data-element_type=\"widget\" data-e-type=\"widget\" data-widget_type=\"heading.default\">\n\t\t\t\t<div class=\"elementor-widget-container\">\n\t\t\t\t\t<h1 class=\"elementor-heading-title elementor-size-default\">Barbas de Molho - Eduardo Padr\u00e3o, Leanndro Amorim<\/h1>\t\t\t\t<\/div>\n\t\t\t\t<\/div>\n\t\t\t\t\t<\/div>\n\t\t<\/div>\n\t\t\t\t\t<\/div>\n\t\t<\/section>\n\t\t\t\t<section class=\"elementor-section elementor-inner-section elementor-element elementor-element-6ee80748 elementor-section-boxed elementor-section-height-default elementor-section-height-default\" data-id=\"6ee80748\" data-element_type=\"section\" data-e-type=\"section\">\n\t\t\t\t\t\t<div class=\"elementor-container elementor-column-gap-default\">\n\t\t\t\t\t<div class=\"elementor-column elementor-col-100 elementor-inner-column elementor-element elementor-element-36a8259e\" data-id=\"36a8259e\" data-element_type=\"column\" data-e-type=\"column\">\n\t\t\t<div class=\"elementor-widget-wrap elementor-element-populated\">\n\t\t\t\t\t\t<div class=\"elementor-element elementor-element-645894ee elementor-widget elementor-widget-image\" data-id=\"645894ee\" data-element_type=\"widget\" data-e-type=\"widget\" data-widget_type=\"image.default\">\n\t\t\t\t<div class=\"elementor-widget-container\">\n\t\t\t\t\t\t\t\t\t\t\t\t\t\t\t<img decoding=\"async\" width=\"800\" height=\"372\" src=\"https:\/\/utfpr-ct-static-content.s3.amazonaws.com\/utfpr.curitiba.br\/wp-content\/uploads\/sites\/99\/2023\/05\/Barbas-de-Molho-Eduardo-Padrao-Leanndro-Amorim-1024x476.png\" class=\"attachment-large size-large wp-image-4932\" alt=\"\" srcset=\"https:\/\/utfpr-ct-static-content.s3.amazonaws.com\/utfpr.curitiba.br\/wp-content\/uploads\/sites\/99\/2023\/05\/Barbas-de-Molho-Eduardo-Padrao-Leanndro-Amorim-1024x476.png 1024w, https:\/\/utfpr-ct-static-content.s3.amazonaws.com\/utfpr.curitiba.br\/wp-content\/uploads\/sites\/99\/2023\/05\/Barbas-de-Molho-Eduardo-Padrao-Leanndro-Amorim-300x140.png 300w, https:\/\/utfpr-ct-static-content.s3.amazonaws.com\/utfpr.curitiba.br\/wp-content\/uploads\/sites\/99\/2023\/05\/Barbas-de-Molho-Eduardo-Padrao-Leanndro-Amorim-768x357.png 768w, https:\/\/utfpr-ct-static-content.s3.amazonaws.com\/utfpr.curitiba.br\/wp-content\/uploads\/sites\/99\/2023\/05\/Barbas-de-Molho-Eduardo-Padrao-Leanndro-Amorim-1536x714.png 1536w, https:\/\/utfpr-ct-static-content.s3.amazonaws.com\/utfpr.curitiba.br\/wp-content\/uploads\/sites\/99\/2023\/05\/Barbas-de-Molho-Eduardo-Padrao-Leanndro-Amorim.png 1920w\" sizes=\"(max-width: 800px) 100vw, 800px\" \/>\t\t\t\t\t\t\t\t\t\t\t\t\t\t\t<\/div>\n\t\t\t\t<\/div>\n\t\t\t\t\t<\/div>\n\t\t<\/div>\n\t\t\t\t\t<\/div>\n\t\t<\/section>\n\t\t\t\t<section class=\"elementor-section elementor-inner-section elementor-element elementor-element-15fbb3fc elementor-section-boxed elementor-section-height-default elementor-section-height-default\" data-id=\"15fbb3fc\" data-element_type=\"section\" data-e-type=\"section\">\n\t\t\t\t\t\t<div class=\"elementor-container elementor-column-gap-default\">\n\t\t\t\t\t<div class=\"elementor-column elementor-col-100 elementor-inner-column elementor-element elementor-element-44d6ef95\" data-id=\"44d6ef95\" data-element_type=\"column\" data-e-type=\"column\">\n\t\t\t<div class=\"elementor-widget-wrap\">\n\t\t\t\t\t\t\t<\/div>\n\t\t<\/div>\n\t\t\t\t\t<\/div>\n\t\t<\/section>\n\t\t\t\t<section class=\"elementor-section elementor-inner-section elementor-element elementor-element-3f11bca3 elementor-section-boxed elementor-section-height-default elementor-section-height-default\" data-id=\"3f11bca3\" data-element_type=\"section\" data-e-type=\"section\">\n\t\t\t\t\t\t<div class=\"elementor-container elementor-column-gap-default\">\n\t\t\t\t\t<div class=\"elementor-column elementor-col-100 elementor-inner-column elementor-element elementor-element-1b4814a7\" data-id=\"1b4814a7\" data-element_type=\"column\" data-e-type=\"column\">\n\t\t\t<div class=\"elementor-widget-wrap elementor-element-populated\">\n\t\t\t\t\t\t<div class=\"elementor-element elementor-element-1b441d4c elementor-position-left elementor-vertical-align-middle elementor-widget elementor-widget-image-box\" data-id=\"1b441d4c\" data-element_type=\"widget\" data-e-type=\"widget\" data-widget_type=\"image-box.default\">\n\t\t\t\t<div class=\"elementor-widget-container\">\n\t\t\t\t\t<div class=\"elementor-image-box-wrapper\"><figure class=\"elementor-image-box-img\"><img decoding=\"async\" width=\"150\" height=\"150\" src=\"https:\/\/utfpr-ct-static-content.s3.amazonaws.com\/utfpr.curitiba.br\/wp-content\/uploads\/sites\/99\/2023\/04\/ABRALA-ICONS-19-150x150.png\" class=\"attachment-thumbnail size-thumbnail wp-image-3378\" alt=\"\" \/><\/figure><div class=\"elementor-image-box-content\"><h2 class=\"elementor-image-box-title\"><span style=\"color: var( --e-global-color-primary );font-family: var( --e-global-typography-primary-font-family ), Sans-serif;font-weight: var( --e-global-typography-primary-font-weight )\">Sinopsis<\/span><\/h2><\/div><\/div>\t\t\t\t<\/div>\n\t\t\t\t<\/div>\n\t\t\t\t<div class=\"elementor-element elementor-element-4a8fb0b1 elementor-widget elementor-widget-text-editor\" data-id=\"4a8fb0b1\" data-element_type=\"widget\" data-e-type=\"widget\" data-widget_type=\"text-editor.default\">\n\t\t\t\t<div class=\"elementor-widget-container\">\n\t\t\t\t\t\t\t\t\t<p>En una colina, aislado, viviendo lejos de los costumbres de la ciudad, Barba cre\u00f3 su propia definici\u00f3n de la vida: leer, escuchar m\u00fasica, cultivar su comida y una gran barba. Ante un problema, se ve obligado a tomar una decisi\u00f3n que va en contra de todos sus principios, lo que lo lleva a reconsiderar sus valores.<\/p>\t\t\t\t\t\t\t\t<\/div>\n\t\t\t\t<\/div>\n\t\t\t\t<div class=\"elementor-element elementor-element-10d0f02a elementor-position-left elementor-vertical-align-middle elementor-widget elementor-widget-image-box\" data-id=\"10d0f02a\" data-element_type=\"widget\" data-e-type=\"widget\" data-widget_type=\"image-box.default\">\n\t\t\t\t<div class=\"elementor-widget-container\">\n\t\t\t\t\t<div class=\"elementor-image-box-wrapper\"><figure class=\"elementor-image-box-img\"><img loading=\"lazy\" decoding=\"async\" width=\"150\" height=\"150\" src=\"https:\/\/utfpr-ct-static-content.s3.amazonaws.com\/utfpr.curitiba.br\/wp-content\/uploads\/sites\/99\/2023\/04\/ficha-tecnica-1-150x150.png\" class=\"attachment-thumbnail size-thumbnail wp-image-3839\" alt=\"\" srcset=\"https:\/\/utfpr-ct-static-content.s3.amazonaws.com\/utfpr.curitiba.br\/wp-content\/uploads\/sites\/99\/2023\/04\/ficha-tecnica-1-150x150.png 150w, https:\/\/utfpr-ct-static-content.s3.amazonaws.com\/utfpr.curitiba.br\/wp-content\/uploads\/sites\/99\/2023\/04\/ficha-tecnica-1-300x298.png 300w, https:\/\/utfpr-ct-static-content.s3.amazonaws.com\/utfpr.curitiba.br\/wp-content\/uploads\/sites\/99\/2023\/04\/ficha-tecnica-1-1024x1017.png 1024w, https:\/\/utfpr-ct-static-content.s3.amazonaws.com\/utfpr.curitiba.br\/wp-content\/uploads\/sites\/99\/2023\/04\/ficha-tecnica-1-768x763.png 768w, https:\/\/utfpr-ct-static-content.s3.amazonaws.com\/utfpr.curitiba.br\/wp-content\/uploads\/sites\/99\/2023\/04\/ficha-tecnica-1-1536x1526.png 1536w, https:\/\/utfpr-ct-static-content.s3.amazonaws.com\/utfpr.curitiba.br\/wp-content\/uploads\/sites\/99\/2023\/04\/ficha-tecnica-1.png 1760w\" sizes=\"(max-width: 150px) 100vw, 150px\" \/><\/figure><div class=\"elementor-image-box-content\"><h2 class=\"elementor-image-box-title\">Ficha t\u00e9cnica<\/h2><\/div><\/div>\t\t\t\t<\/div>\n\t\t\t\t<\/div>\n\t\t\t\t<div class=\"elementor-element elementor-element-42dbcaaf elementor-widget elementor-widget-text-editor\" data-id=\"42dbcaaf\" data-element_type=\"widget\" data-e-type=\"widget\" data-widget_type=\"text-editor.default\">\n\t\t\t\t<div class=\"elementor-widget-container\">\n\t\t\t\t\t\t\t\t\t<p><strong>Nombre:<\/strong> Barbas de Molho<br \/><strong>Pa\u00eds:<\/strong> Brasil<br \/><strong>A\u00f1o de producci\u00f3n:<\/strong> 2019<br \/><strong>Direcci\u00f3n:<\/strong> Eduardo Padr\u00e3o, Leanndro Amorim<br \/><strong>Producci\u00f3n\/Coproducci\u00f3n:<\/strong> &#8211;<br \/><strong>Formato:<\/strong> &#8211;<br \/><strong>Duraci\u00f3n:<\/strong> 11&#8217;17&#8221;<br \/><strong>T\u00e9cnica:<\/strong> &#8211;<br \/><strong>G\u00e9nero:<\/strong> &#8211;<\/p>\t\t\t\t\t\t\t\t<\/div>\n\t\t\t\t<\/div>\n\t\t\t\t<div class=\"elementor-element elementor-element-5b79575b elementor-position-left elementor-vertical-align-middle elementor-widget elementor-widget-image-box\" data-id=\"5b79575b\" data-element_type=\"widget\" data-e-type=\"widget\" data-widget_type=\"image-box.default\">\n\t\t\t\t<div class=\"elementor-widget-container\">\n\t\t\t\t\t<div class=\"elementor-image-box-wrapper\"><figure class=\"elementor-image-box-img\"><img loading=\"lazy\" decoding=\"async\" width=\"150\" height=\"150\" src=\"https:\/\/utfpr-ct-static-content.s3.amazonaws.com\/utfpr.curitiba.br\/wp-content\/uploads\/sites\/99\/2023\/04\/ABRALA-ICONS-17-150x150.png\" class=\"attachment-thumbnail size-thumbnail wp-image-3376\" alt=\"\" \/><\/figure><div class=\"elementor-image-box-content\"><h2 class=\"elementor-image-box-title\">Exhibici\u00f3n<\/h2><\/div><\/div>\t\t\t\t<\/div>\n\t\t\t\t<\/div>\n\t\t\t\t<div class=\"elementor-element elementor-element-4986a803 elementor-widget elementor-widget-text-editor\" data-id=\"4986a803\" data-element_type=\"widget\" data-e-type=\"widget\" data-widget_type=\"text-editor.default\">\n\t\t\t\t<div class=\"elementor-widget-container\">\n\t\t\t\t\t\t\t\t\t<p><strong>Festival:<\/strong><span>\u00a0Anima Cear\u00e1<\/span><br \/><strong>A\u00f1o:<\/strong><span>\u00a02020<\/span><br \/><strong>Pa\u00eds del festival:<\/strong><span>\u00a0Brasil<\/span><br \/><strong>\u00c1mbito del festival:<\/strong><span>\u00a0Nacional<\/span><\/p>\t\t\t\t\t\t\t\t<\/div>\n\t\t\t\t<\/div>\n\t\t\t\t\t<\/div>\n\t\t<\/div>\n\t\t\t\t\t<\/div>\n\t\t<\/section>\n\t\t\t\t<div class=\"elementor-element elementor-element-1ccd3346 elementor-position-left elementor-vertical-align-middle elementor-widget elementor-widget-image-box\" data-id=\"1ccd3346\" data-element_type=\"widget\" data-e-type=\"widget\" data-widget_type=\"image-box.default\">\n\t\t\t\t<div class=\"elementor-widget-container\">\n\t\t\t\t\t<div class=\"elementor-image-box-wrapper\"><figure class=\"elementor-image-box-img\"><img loading=\"lazy\" decoding=\"async\" width=\"150\" height=\"150\" src=\"https:\/\/utfpr-ct-static-content.s3.amazonaws.com\/utfpr.curitiba.br\/wp-content\/uploads\/sites\/99\/2023\/04\/ABRALA-ICONS-20-150x150.png\" class=\"attachment-thumbnail size-thumbnail wp-image-3379\" alt=\"\" \/><\/figure><div class=\"elementor-image-box-content\"><h2 class=\"elementor-image-box-title\"> Categor\u00eda de competidor<\/h2><\/div><\/div>\t\t\t\t<\/div>\n\t\t\t\t<\/div>\n\t\t\t\t<div class=\"elementor-element elementor-element-6c35aa34 elementor-widget elementor-widget-text-editor\" data-id=\"6c35aa34\" data-element_type=\"widget\" data-e-type=\"widget\" data-widget_type=\"text-editor.default\">\n\t\t\t\t<div class=\"elementor-widget-container\">\n\t\t\t\t\t\t\t\t\t<p><b>Categor\u00eda Competencia: <\/b>Competici\u00f3n General (Mostra Som Quadro a Quadro (2021)) \/ Mostra Pernambuco animando para o mundo (Animage)<b><br \/><\/b><strong>Premio: <\/strong>Mejor guion segundo ANIMACEAR\u00c1 \/ Mejor direcci\u00f3n de arte en el 13 Curta Taquary \/ Tercer lugar Mejor Animaci\u00f3n FESTCINE.<br \/><strong>Otros festivales en los que participa:<\/strong> MUMIA &#8211; 19\u00aa \/ Mostra Som Quadro a Quadro (2021) \/ Festival Internacional de Anima\u00e7\u00e3o de Pernambuco (ANIMAGE 2021)<strong><br \/>Disponible online: <\/strong>&#8211;<\/p>\t\t\t\t\t\t\t\t<\/div>\n\t\t\t\t<\/div>\n\t\t\t\t\t<\/div>\n\t\t<\/div>\n\t\t\t\t\t<\/div>\n\t\t<\/section>\n\t\t\t\t<section class=\"elementor-section elementor-top-section elementor-element elementor-element-e6a3af3 elementor-section-boxed elementor-section-height-default elementor-section-height-default\" data-id=\"e6a3af3\" data-element_type=\"section\" data-e-type=\"section\">\n\t\t\t\t\t\t<div class=\"elementor-container elementor-column-gap-default\">\n\t\t\t\t\t<div class=\"elementor-column elementor-col-100 elementor-top-column elementor-element elementor-element-64dc0c48\" data-id=\"64dc0c48\" data-element_type=\"column\" data-e-type=\"column\">\n\t\t\t<div class=\"elementor-widget-wrap elementor-element-populated\">\n\t\t\t\t\t\t<div class=\"elementor-element elementor-element-47b7cccf elementor-widget elementor-widget-spacer\" data-id=\"47b7cccf\" data-element_type=\"widget\" data-e-type=\"widget\" data-widget_type=\"spacer.default\">\n\t\t\t\t<div class=\"elementor-widget-container\">\n\t\t\t\t\t\t\t<div class=\"elementor-spacer\">\n\t\t\t<div class=\"elementor-spacer-inner\"><\/div>\n\t\t<\/div>\n\t\t\t\t\t\t<\/div>\n\t\t\t\t<\/div>\n\t\t\t\t\t<\/div>\n\t\t<\/div>\n\t\t\t\t\t<\/div>\n\t\t<\/section>\n\t\t\t\t<section class=\"elementor-section elementor-top-section elementor-element elementor-element-41d977a3 elementor-section-content-middle elementor-section-boxed elementor-section-height-default elementor-section-height-default\" data-id=\"41d977a3\" data-element_type=\"section\" data-e-type=\"section\" data-settings=\"{&quot;background_background&quot;:&quot;video&quot;}\">\n\t\t\t\t\t\t<div class=\"elementor-container elementor-column-gap-default\">\n\t\t\t\t\t<div class=\"elementor-column elementor-col-33 elementor-top-column elementor-element elementor-element-16725896\" data-id=\"16725896\" data-element_type=\"column\" data-e-type=\"column\">\n\t\t\t<div class=\"elementor-widget-wrap elementor-element-populated\">\n\t\t\t\t\t\t<div class=\"elementor-element elementor-element-c5add2d elementor-widget elementor-widget-image\" data-id=\"c5add2d\" data-element_type=\"widget\" data-e-type=\"widget\" data-widget_type=\"image.default\">\n\t\t\t\t<div class=\"elementor-widget-container\">\n\t\t\t\t\t\t\t\t\t\t\t\t\t\t\t<img loading=\"lazy\" decoding=\"async\" width=\"800\" height=\"473\" src=\"https:\/\/utfpr-ct-static-content.s3.amazonaws.com\/utfpr.curitiba.br\/wp-content\/uploads\/sites\/99\/2020\/11\/cropped-logo-nucleo-branco-1024x606.png\" class=\"attachment-large size-large wp-image-3079\" alt=\"\" srcset=\"https:\/\/utfpr-ct-static-content.s3.amazonaws.com\/utfpr.curitiba.br\/wp-content\/uploads\/sites\/99\/2020\/11\/cropped-logo-nucleo-branco-1024x606.png 1024w, https:\/\/utfpr-ct-static-content.s3.amazonaws.com\/utfpr.curitiba.br\/wp-content\/uploads\/sites\/99\/2020\/11\/cropped-logo-nucleo-branco-300x177.png 300w, https:\/\/utfpr-ct-static-content.s3.amazonaws.com\/utfpr.curitiba.br\/wp-content\/uploads\/sites\/99\/2020\/11\/cropped-logo-nucleo-branco-768x454.png 768w, https:\/\/utfpr-ct-static-content.s3.amazonaws.com\/utfpr.curitiba.br\/wp-content\/uploads\/sites\/99\/2020\/11\/cropped-logo-nucleo-branco.png 1087w\" sizes=\"(max-width: 800px) 100vw, 800px\" \/>\t\t\t\t\t\t\t\t\t\t\t\t\t\t\t<\/div>\n\t\t\t\t<\/div>\n\t\t\t\t\t<\/div>\n\t\t<\/div>\n\t\t\t\t<div class=\"elementor-column elementor-col-33 elementor-top-column elementor-element elementor-element-682dbcf\" data-id=\"682dbcf\" data-element_type=\"column\" data-e-type=\"column\">\n\t\t\t<div class=\"elementor-widget-wrap elementor-element-populated\">\n\t\t\t\t\t\t<div class=\"elementor-element elementor-element-26e5b181 elementor-widget elementor-widget-image\" data-id=\"26e5b181\" data-element_type=\"widget\" data-e-type=\"widget\" data-widget_type=\"image.default\">\n\t\t\t\t<div class=\"elementor-widget-container\">\n\t\t\t\t\t\t\t\t\t\t\t\t\t\t\t<img loading=\"lazy\" decoding=\"async\" width=\"230\" height=\"230\" src=\"https:\/\/utfpr-ct-static-content.s3.amazonaws.com\/utfpr.curitiba.br\/wp-content\/uploads\/sites\/99\/2023\/04\/dadinlogo.png\" class=\"attachment-medium size-medium wp-image-3532\" alt=\"\" srcset=\"https:\/\/utfpr-ct-static-content.s3.amazonaws.com\/utfpr.curitiba.br\/wp-content\/uploads\/sites\/99\/2023\/04\/dadinlogo.png 230w, https:\/\/utfpr-ct-static-content.s3.amazonaws.com\/utfpr.curitiba.br\/wp-content\/uploads\/sites\/99\/2023\/04\/dadinlogo-150x150.png 150w\" sizes=\"(max-width: 230px) 100vw, 230px\" \/>\t\t\t\t\t\t\t\t\t\t\t\t\t\t\t<\/div>\n\t\t\t\t<\/div>\n\t\t\t\t\t<\/div>\n\t\t<\/div>\n\t\t\t\t<div class=\"elementor-column elementor-col-33 elementor-top-column elementor-element elementor-element-1e932a70\" data-id=\"1e932a70\" data-element_type=\"column\" data-e-type=\"column\">\n\t\t\t<div class=\"elementor-widget-wrap elementor-element-populated\">\n\t\t\t\t\t\t<div class=\"elementor-element elementor-element-78282185 elementor-widget elementor-widget-image\" data-id=\"78282185\" data-element_type=\"widget\" data-e-type=\"widget\" data-widget_type=\"image.default\">\n\t\t\t\t<div class=\"elementor-widget-container\">\n\t\t\t\t\t\t\t\t\t\t\t\t\t\t\t<img loading=\"lazy\" decoding=\"async\" width=\"800\" height=\"297\" src=\"https:\/\/utfpr-ct-static-content.s3.amazonaws.com\/utfpr.curitiba.br\/wp-content\/uploads\/sites\/99\/2023\/04\/utfpr1.png\" class=\"attachment-large size-large wp-image-3531\" alt=\"\" srcset=\"https:\/\/utfpr-ct-static-content.s3.amazonaws.com\/utfpr.curitiba.br\/wp-content\/uploads\/sites\/99\/2023\/04\/utfpr1.png 877w, https:\/\/utfpr-ct-static-content.s3.amazonaws.com\/utfpr.curitiba.br\/wp-content\/uploads\/sites\/99\/2023\/04\/utfpr1-300x112.png 300w, https:\/\/utfpr-ct-static-content.s3.amazonaws.com\/utfpr.curitiba.br\/wp-content\/uploads\/sites\/99\/2023\/04\/utfpr1-768x285.png 768w\" sizes=\"(max-width: 800px) 100vw, 800px\" \/>\t\t\t\t\t\t\t\t\t\t\t\t\t\t\t<\/div>\n\t\t\t\t<\/div>\n\t\t\t\t\t<\/div>\n\t\t<\/div>\n\t\t\t\t\t<\/div>\n\t\t<\/section>\n\t\t\t\t<\/div>\n\t\t","protected":false},"excerpt":{"rendered":"<p>Festivales La iniciativa Colecci\u00f3n completa Festivales La iniciativa Colecci\u00f3n completa X \/*! elementor &#8211; v3.15.0 &#8211; 20-08-2023 *\/ .elementor-widget-image{text-align:center}.elementor-widget-image a{display:inline-block}.elementor-widget-image a img[src$=&#8221;.svg&#8221;]{width:48px}.elementor-widget-image img{vertical-align:middle;display:inline-block} \/*! elementor &#8211; v3.15.0 &#8211; 20-08-2023 *\/ .elementor-column .elementor-spacer-inner{height:var(&#8211;spacer-size)}.e-con{&#8211;container-widget-width:100%}.e-con-inner&gt;.elementor-widget-spacer,.e-con&gt;.elementor-widget-spacer{width:var(&#8211;container-widget-width,var(&#8211;spacer-size));&#8211;align-self:var(&#8211;container-widget-align-self,initial);&#8211;flex-shrink:0}.e-con-inner&gt;.elementor-widget-spacer&gt;.elementor-widget-container,.e-con-inner&gt;.elementor-widget-spacer&gt;.elementor-widget-container&gt;.elementor-spacer,.e-con&gt;.elementor-widget-spacer&gt;.elementor-widget-container,.e-con&gt;.elementor-widget-spacer&gt;.elementor-widget-container&gt;.elementor-spacer{height:100%}.e-con-inner&gt;.elementor-widget-spacer&gt;.elementor-widget-container&gt;.elementor-spacer&gt;.elementor-spacer-inner,.e-con&gt;.elementor-widget-spacer&gt;.elementor-widget-container&gt;.elementor-spacer&gt;.elementor-spacer-inner{height:var(&#8211;container-widget-height,var(&#8211;spacer-size))} \/*! elementor &#8211; v3.15.0 &#8211; 20-08-2023 *\/ .elementor-heading-title{padding:0;margin:0;line-height:1}.elementor-widget-heading .elementor-heading-title[class*=elementor-size-]&gt;a{color:inherit;font-size:inherit;line-height:inherit}.elementor-widget-heading .elementor-heading-title.elementor-size-small{font-size:15px}.elementor-widget-heading .elementor-heading-title.elementor-size-medium{font-size:19px}.elementor-widget-heading .elementor-heading-title.elementor-size-large{font-size:29px}.elementor-widget-heading .elementor-heading-title.elementor-size-xl{font-size:39px}.elementor-widget-heading .elementor-heading-title.elementor-size-xxl{font-size:59px} Barbas de Molho &#8211; Eduardo Padr\u00e3o, Leanndro Amorim \/*! [&hellip;]<\/p>\n","protected":false},"author":174,"featured_media":4932,"comment_status":"closed","ping_status":"closed","sticky":false,"template":"elementor_canvas","format":"standard","meta":{"footnotes":""},"categories":[1370,3578,3582,4536,2640,2446,3620,3624,4522,4524],"tags":[],"ano_festival":[1410],"ano_producao":[1181],"tecnica":[],"genero":[],"disponivel_online":[],"festival":[3784,3788,3824,3828],"categoria_concorrente":[],"local":[3846,4594,4598],"available_online":[],"class_list":["post-10594","post","type-post","status-publish","format-standard","has-post-thumbnail","hentry","category-abrala-es","category-anima-ceara-es-es","category-animage-festival-internacional-de-animacion-de-pernambuco","category-brasil-es-es","category-eduardo-padrao-es","category-leanndro-amorim-es","category-mostra-som-quadro-a-quadro-es","category-mumia-exposicion-mundial-de-animacion-udigrudi","category-pernambuco-pe-es","category-recife-es","ano_festival-2020-es","ano_producao-2019-es","festival-anima-ceara-es","festival-animage-festival-internacional-de-animacion-de-pernambuco","festival-mostrar-sonido-cuadro-por-cuadro","festival-mumia-exposicion-mundial-de-animacion-udigrudi","local-brasil-es","local-pernambuco-pe-es","local-recife-es"],"_links":{"self":[{"href":"https:\/\/utfpr.curitiba.br\/nucleodesignanimacao\/index.php?rest_route=\/wp\/v2\/posts\/10594","targetHints":{"allow":["GET"]}}],"collection":[{"href":"https:\/\/utfpr.curitiba.br\/nucleodesignanimacao\/index.php?rest_route=\/wp\/v2\/posts"}],"about":[{"href":"https:\/\/utfpr.curitiba.br\/nucleodesignanimacao\/index.php?rest_route=\/wp\/v2\/types\/post"}],"author":[{"embeddable":true,"href":"https:\/\/utfpr.curitiba.br\/nucleodesignanimacao\/index.php?rest_route=\/wp\/v2\/users\/174"}],"replies":[{"embeddable":true,"href":"https:\/\/utfpr.curitiba.br\/nucleodesignanimacao\/index.php?rest_route=%2Fwp%2Fv2%2Fcomments&post=10594"}],"version-history":[{"count":7,"href":"https:\/\/utfpr.curitiba.br\/nucleodesignanimacao\/index.php?rest_route=\/wp\/v2\/posts\/10594\/revisions"}],"predecessor-version":[{"id":10601,"href":"https:\/\/utfpr.curitiba.br\/nucleodesignanimacao\/index.php?rest_route=\/wp\/v2\/posts\/10594\/revisions\/10601"}],"wp:featuredmedia":[{"embeddable":true,"href":"https:\/\/utfpr.curitiba.br\/nucleodesignanimacao\/index.php?rest_route=\/wp\/v2\/media\/4932"}],"wp:attachment":[{"href":"https:\/\/utfpr.curitiba.br\/nucleodesignanimacao\/index.php?rest_route=%2Fwp%2Fv2%2Fmedia&parent=10594"}],"wp:term":[{"taxonomy":"category","embeddable":true,"href":"https:\/\/utfpr.curitiba.br\/nucleodesignanimacao\/index.php?rest_route=%2Fwp%2Fv2%2Fcategories&post=10594"},{"taxonomy":"post_tag","embeddable":true,"href":"https:\/\/utfpr.curitiba.br\/nucleodesignanimacao\/index.php?rest_route=%2Fwp%2Fv2%2Ftags&post=10594"},{"taxonomy":"ano_festival","embeddable":true,"href":"https:\/\/utfpr.curitiba.br\/nucleodesignanimacao\/index.php?rest_route=%2Fwp%2Fv2%2Fano_festival&post=10594"},{"taxonomy":"ano_producao","embeddable":true,"href":"https:\/\/utfpr.curitiba.br\/nucleodesignanimacao\/index.php?rest_route=%2Fwp%2Fv2%2Fano_producao&post=10594"},{"taxonomy":"tecnica","embeddable":true,"href":"https:\/\/utfpr.curitiba.br\/nucleodesignanimacao\/index.php?rest_route=%2Fwp%2Fv2%2Ftecnica&post=10594"},{"taxonomy":"genero","embeddable":true,"href":"https:\/\/utfpr.curitiba.br\/nucleodesignanimacao\/index.php?rest_route=%2Fwp%2Fv2%2Fgenero&post=10594"},{"taxonomy":"disponivel_online","embeddable":true,"href":"https:\/\/utfpr.curitiba.br\/nucleodesignanimacao\/index.php?rest_route=%2Fwp%2Fv2%2Fdisponivel_online&post=10594"},{"taxonomy":"festival","embeddable":true,"href":"https:\/\/utfpr.curitiba.br\/nucleodesignanimacao\/index.php?rest_route=%2Fwp%2Fv2%2Ffestival&post=10594"},{"taxonomy":"categoria_concorrente","embeddable":true,"href":"https:\/\/utfpr.curitiba.br\/nucleodesignanimacao\/index.php?rest_route=%2Fwp%2Fv2%2Fcategoria_concorrente&post=10594"},{"taxonomy":"local","embeddable":true,"href":"https:\/\/utfpr.curitiba.br\/nucleodesignanimacao\/index.php?rest_route=%2Fwp%2Fv2%2Flocal&post=10594"},{"taxonomy":"available_online","embeddable":true,"href":"https:\/\/utfpr.curitiba.br\/nucleodesignanimacao\/index.php?rest_route=%2Fwp%2Fv2%2Favailable_online&post=10594"}],"curies":[{"name":"wp","href":"https:\/\/api.w.org\/{rel}","templated":true}]}}