{"id":5500,"date":"2026-09-02T15:21:20","date_gmt":"2026-09-02T18:21:20","guid":{"rendered":"https:\/\/utfpr.curitiba.br\/neabi\/?p=5500"},"modified":"2026-09-02T15:31:36","modified_gmt":"2026-09-02T18:31:36","slug":"projeto-rebola-venha-aprender-escutar-e-praticar-samba-com-a-gente-%f0%9f%92%83%f0%9f%8f%be","status":"publish","type":"post","link":"https:\/\/utfpr.curitiba.br\/neabi\/projeto-rebola-venha-aprender-escutar-e-praticar-samba-com-a-gente-%f0%9f%92%83%f0%9f%8f%be\/","title":{"rendered":"Projeto REBOLA: Venha aprender, escutar e praticar samba com a gente! \ud83d\udc83\ud83c\udffe"},"content":{"rendered":"\t\t<div data-elementor-type=\"wp-post\" data-elementor-id=\"5500\" class=\"elementor elementor-5500\">\n\t\t\t\t\t\t<section class=\"elementor-section elementor-top-section elementor-element elementor-element-c0d4c45 elementor-section-boxed elementor-section-height-default elementor-section-height-default\" data-id=\"c0d4c45\" data-element_type=\"section\" data-e-type=\"section\">\n\t\t\t\t\t\t<div class=\"elementor-container elementor-column-gap-default\">\n\t\t\t\t\t<div class=\"elementor-column elementor-col-50 elementor-top-column elementor-element elementor-element-1fbffd2\" data-id=\"1fbffd2\" data-element_type=\"column\" data-e-type=\"column\">\n\t\t\t<div class=\"elementor-widget-wrap elementor-element-populated\">\n\t\t\t\t\t\t<div class=\"elementor-element elementor-element-1c1eddd elementor-widget elementor-widget-video\" data-id=\"1c1eddd\" data-element_type=\"widget\" data-e-type=\"widget\" data-settings=\"{&quot;video_type&quot;:&quot;hosted&quot;,&quot;controls&quot;:&quot;yes&quot;}\" data-widget_type=\"video.default\">\n\t\t\t\t<div class=\"elementor-widget-container\">\n\t\t\t\t\t\t\t<div class=\"e-hosted-video elementor-wrapper elementor-open-inline\">\n\t\t\t\t\t<video class=\"elementor-video\" src=\"https:\/\/utfpr-ct-static-content.s3.amazonaws.com\/utfpr.curitiba.br\/wp-content\/uploads\/sites\/181\/2026\/09\/WhatsApp-Video-2026-09-01-at-15.07.01.mp4\" controls=\"\" preload=\"metadata\" controlsList=\"nodownload\"><\/video>\n\t\t\t\t<\/div>\n\t\t\t\t\t\t<\/div>\n\t\t\t\t<\/div>\n\t\t\t\t<div class=\"elementor-element elementor-element-c9b2482 elementor-widget elementor-widget-text-editor\" data-id=\"c9b2482\" data-element_type=\"widget\" data-e-type=\"widget\" data-widget_type=\"text-editor.default\">\n\t\t\t\t<div class=\"elementor-widget-container\">\n\t\t\t\t\t\t\t\t\t<p>Prof.\u00aa Dr\u00aa. Jeniffer Albuquerque<\/p><p><span style=\"font-style: inherit;font-weight: inherit\">(NEABI-CT | DALEM-CT)<\/span><\/p><p><strong> Acesse o link para se inscrever (at\u00e9 04\/09):<\/strong><\/p><p>forms.gle\/YhUwZEQTEbdB6C4e<\/p>\t\t\t\t\t\t\t\t<\/div>\n\t\t\t\t<\/div>\n\t\t\t\t\t<\/div>\n\t\t<\/div>\n\t\t\t\t<div class=\"elementor-column elementor-col-50 elementor-top-column elementor-element elementor-element-3870366\" data-id=\"3870366\" data-element_type=\"column\" data-e-type=\"column\">\n\t\t\t<div class=\"elementor-widget-wrap elementor-element-populated\">\n\t\t\t\t\t\t<div class=\"elementor-element elementor-element-a70ed28 elementor-widget elementor-widget-text-editor\" data-id=\"a70ed28\" data-element_type=\"widget\" data-e-type=\"widget\" data-widget_type=\"text-editor.default\">\n\t\t\t\t<div class=\"elementor-widget-container\">\n\t\t\t\t\t\t\t\t\t<p><strong>Projeto REBOLA: Venha aprender, escutar e praticar samba com a gente!\u00a0<\/strong><\/p><p>O NEABI Diva Guimar\u00e3es, em parceria com o Departamento Acad\u00eamico de L\u00ednguas Estrangeiras Modernas (DALEM) da UTFPR Campus Curitiba, apresenta o Rebola: um projeto dedicado ao estudo, \u00e0 aprecia\u00e7\u00e3o e \u00e0 pr\u00e1tica do samba. A iniciativa \u00e9 conduzida pela professora Jennifer e traz uma programa\u00e7\u00e3o incr\u00edvel para os pr\u00f3ximos meses.<\/p><p>O que vai rolar: Entre setembro e dezembro, teremos dois encontros mensais focados em leitura e escuta sobre o samba. J\u00e1 entre outubro e novembro, contaremos com a presen\u00e7a de dois profissionais da dan\u00e7a para oficinas pr\u00e1ticas.<\/p><p>Dias e hor\u00e1rios: Os dias espec\u00edficos dos encontros ser\u00e3o definidos com base na disponibilidade dos participantes.<\/p>\t\t\t\t\t\t\t\t<\/div>\n\t\t\t\t<\/div>\n\t\t\t\t\t<\/div>\n\t\t<\/div>\n\t\t\t\t\t<\/div>\n\t\t<\/section>\n\t\t\t\t<section class=\"elementor-section elementor-top-section elementor-element elementor-element-d9a3828 elementor-section-boxed elementor-section-height-default elementor-section-height-default\" data-id=\"d9a3828\" data-element_type=\"section\" data-e-type=\"section\">\n\t\t\t\t\t\t<div class=\"elementor-container elementor-column-gap-default\">\n\t\t\t\t\t<div class=\"elementor-column elementor-col-100 elementor-top-column elementor-element elementor-element-dd94e36\" data-id=\"dd94e36\" data-element_type=\"column\" data-e-type=\"column\">\n\t\t\t<div class=\"elementor-widget-wrap elementor-element-populated\">\n\t\t\t\t\t\t<section class=\"elementor-section elementor-inner-section elementor-element elementor-element-2a492a4 elementor-section-boxed elementor-section-height-default elementor-section-height-default\" data-id=\"2a492a4\" data-element_type=\"section\" data-e-type=\"section\">\n\t\t\t\t\t\t<div class=\"elementor-container elementor-column-gap-default\">\n\t\t\t\t\t<div class=\"elementor-column elementor-col-50 elementor-inner-column elementor-element elementor-element-8c95251\" data-id=\"8c95251\" data-element_type=\"column\" data-e-type=\"column\">\n\t\t\t<div class=\"elementor-widget-wrap\">\n\t\t\t\t\t\t\t<\/div>\n\t\t<\/div>\n\t\t\t\t<div class=\"elementor-column elementor-col-50 elementor-inner-column elementor-element elementor-element-d788251\" data-id=\"d788251\" data-element_type=\"column\" data-e-type=\"column\">\n\t\t\t<div class=\"elementor-widget-wrap\">\n\t\t\t\t\t\t\t<\/div>\n\t\t<\/div>\n\t\t\t\t\t<\/div>\n\t\t<\/section>\n\t\t\t\t\t<\/div>\n\t\t<\/div>\n\t\t\t\t\t<\/div>\n\t\t<\/section>\n\t\t\t\t<\/div>\n\t\t","protected":false},"excerpt":{"rendered":"<p>Prof.\u00aa Dr\u00aa. Jeniffer Albuquerque (NEABI-CT | DALEM-CT) Acesse o link para se inscrever (at\u00e9 04\/09): forms.gle\/YhUwZEQTEbdB6C4e Projeto REBOLA: Venha aprender, [&hellip;]<\/p>\n","protected":false},"author":350,"featured_media":5394,"comment_status":"open","ping_status":"open","sticky":false,"template":"","format":"standard","meta":{"site-sidebar-layout":"default","site-content-layout":"","ast-site-content-layout":"default","site-content-style":"default","site-sidebar-style":"default","ast-global-header-display":"","ast-banner-title-visibility":"","ast-main-header-display":"","ast-hfb-above-header-display":"","ast-hfb-below-header-display":"","ast-hfb-mobile-header-display":"","site-post-title":"","ast-breadcrumbs-content":"","ast-featured-img":"","footer-sml-layout":"","ast-disable-related-posts":"","theme-transparent-header-meta":"","adv-header-id-meta":"","stick-header-meta":"","header-above-stick-meta":"","header-main-stick-meta":"","header-below-stick-meta":"","astra-migrate-meta-layouts":"default","ast-page-background-enabled":"default","ast-page-background-meta":{"desktop":{"background-color":"var(--ast-global-color-5)","background-image":"","background-repeat":"repeat","background-position":"center center","background-size":"auto","background-attachment":"scroll","background-type":"","background-media":"","overlay-type":"","overlay-color":"","overlay-opacity":"","overlay-gradient":""},"tablet":{"background-color":"","background-image":"","background-repeat":"repeat","background-position":"center center","background-size":"auto","background-attachment":"scroll","background-type":"","background-media":"","overlay-type":"","overlay-color":"","overlay-opacity":"","overlay-gradient":""},"mobile":{"background-color":"","background-image":"","background-repeat":"repeat","background-position":"center center","background-size":"auto","background-attachment":"scroll","background-type":"","background-media":"","overlay-type":"","overlay-color":"","overlay-opacity":"","overlay-gradient":""}},"ast-content-background-meta":{"desktop":{"background-color":"var(--ast-global-color-4)","background-image":"","background-repeat":"repeat","background-position":"center center","background-size":"auto","background-attachment":"scroll","background-type":"","background-media":"","overlay-type":"","overlay-color":"","overlay-opacity":"","overlay-gradient":""},"tablet":{"background-color":"var(--ast-global-color-4)","background-image":"","background-repeat":"repeat","background-position":"center center","background-size":"auto","background-attachment":"scroll","background-type":"","background-media":"","overlay-type":"","overlay-color":"","overlay-opacity":"","overlay-gradient":""},"mobile":{"background-color":"var(--ast-global-color-4)","background-image":"","background-repeat":"repeat","background-position":"center center","background-size":"auto","background-attachment":"scroll","background-type":"","background-media":"","overlay-type":"","overlay-color":"","overlay-opacity":"","overlay-gradient":""}},"footnotes":""},"categories":[86,88],"tags":[39,94],"class_list":["post-5500","post","type-post","status-publish","format-standard","has-post-thumbnail","hentry","category-atividades","category-ensino","tag-neabi-diva-g","tag-samba"],"_links":{"self":[{"href":"https:\/\/utfpr.curitiba.br\/neabi\/wp-json\/wp\/v2\/posts\/5500","targetHints":{"allow":["GET"]}}],"collection":[{"href":"https:\/\/utfpr.curitiba.br\/neabi\/wp-json\/wp\/v2\/posts"}],"about":[{"href":"https:\/\/utfpr.curitiba.br\/neabi\/wp-json\/wp\/v2\/types\/post"}],"author":[{"embeddable":true,"href":"https:\/\/utfpr.curitiba.br\/neabi\/wp-json\/wp\/v2\/users\/350"}],"replies":[{"embeddable":true,"href":"https:\/\/utfpr.curitiba.br\/neabi\/wp-json\/wp\/v2\/comments?post=5500"}],"version-history":[{"count":4,"href":"https:\/\/utfpr.curitiba.br\/neabi\/wp-json\/wp\/v2\/posts\/5500\/revisions"}],"predecessor-version":[{"id":5505,"href":"https:\/\/utfpr.curitiba.br\/neabi\/wp-json\/wp\/v2\/posts\/5500\/revisions\/5505"}],"wp:featuredmedia":[{"embeddable":true,"href":"https:\/\/utfpr.curitiba.br\/neabi\/wp-json\/wp\/v2\/media\/5394"}],"wp:attachment":[{"href":"https:\/\/utfpr.curitiba.br\/neabi\/wp-json\/wp\/v2\/media?parent=5500"}],"wp:term":[{"taxonomy":"category","embeddable":true,"href":"https:\/\/utfpr.curitiba.br\/neabi\/wp-json\/wp\/v2\/categories?post=5500"},{"taxonomy":"post_tag","embeddable":true,"href":"https:\/\/utfpr.curitiba.br\/neabi\/wp-json\/wp\/v2\/tags?post=5500"}],"curies":[{"name":"wp","href":"https:\/\/api.w.org\/{rel}","templated":true}]}}