{"id":5435,"date":"2026-08-20T15:02:08","date_gmt":"2026-08-20T18:02:08","guid":{"rendered":"https:\/\/utfpr.curitiba.br\/neabi\/?p=5435"},"modified":"2026-08-24T15:40:24","modified_gmt":"2026-08-24T18:40:24","slug":"iv-seminario-cultural-dos-povos-de-terreiro","status":"publish","type":"post","link":"https:\/\/utfpr.curitiba.br\/neabi\/iv-seminario-cultural-dos-povos-de-terreiro\/","title":{"rendered":"IV SEMIN\u00c1RIO CULTURAL DOS POVOS DE TERREIRO"},"content":{"rendered":"\t\t<div data-elementor-type=\"wp-post\" data-elementor-id=\"5435\" class=\"elementor elementor-5435\">\n\t\t\t\t\t\t<section class=\"elementor-section elementor-top-section elementor-element elementor-element-3efa10d elementor-section-boxed elementor-section-height-default elementor-section-height-default\" data-id=\"3efa10d\" data-element_type=\"section\" data-e-type=\"section\">\n\t\t\t\t\t\t<div class=\"elementor-container elementor-column-gap-default\">\n\t\t\t\t\t<div class=\"elementor-column elementor-col-100 elementor-top-column elementor-element elementor-element-6e24933\" data-id=\"6e24933\" data-element_type=\"column\" data-e-type=\"column\">\n\t\t\t<div class=\"elementor-widget-wrap elementor-element-populated\">\n\t\t\t\t\t\t<div class=\"elementor-element elementor-element-dbba36a elementor-widget elementor-widget-text-editor\" data-id=\"dbba36a\" data-element_type=\"widget\" data-e-type=\"widget\" data-widget_type=\"text-editor.default\">\n\t\t\t\t<div class=\"elementor-widget-container\">\n\t\t\t\t\t\t\t\t\t<p>| ABERTA A INSCRI\u00c7\u00c3O E SUBMISS\u00c3O DE TRABALHOS |\u00a0<\/p><p>Est\u00e1 aberta a chamada para submiss\u00e3o de trabalhos da IV edi\u00e7\u00e3o do Semin\u00e1rio Cultural dos Povos de Terreiro!<\/p><p>Convidamos pesquisadoras(es), estudantes, professoras(es), integrantes de NEABIs, lideran\u00e7as e comunidades de terreiro, educadoras(es), movimentos sociais e demais pessoas interessadas a compartilharem suas pesquisas, experi\u00eancias, pr\u00e1ticas e produ\u00e7\u00f5es de conhecimento que dialoguem com os Povos de Terreiro.<\/p><p>Queremos fortalecer um espa\u00e7o onde os saberes acad\u00eamicos e os saberes constru\u00eddos nos terreiros, comunidades e territ\u00f3rios possam se encontrar em di\u00e1logo, reconhecendo os Povos de Terreiro tamb\u00e9m como produtores de conhecimento, mem\u00f3ria, tecnologias ancestrais e pr\u00e1ticas de resist\u00eancia.<\/p><p><img decoding=\"async\" class=\"emoji\" role=\"img\" src=\"https:\/\/s.w.org\/images\/core\/emoji\/17.0.2\/svg\/1f4dd.svg\" alt=\"\ud83d\udcdd\" \/> Per\u00edodo para submiss\u00e3o: 10 a 25 de agosto de 2026<\/p><p><img decoding=\"async\" class=\"emoji\" role=\"img\" src=\"https:\/\/s.w.org\/images\/core\/emoji\/17.0.2\/svg\/1f4c5.svg\" alt=\"\ud83d\udcc5\" \/> Semin\u00e1rio: 25 e 26 de setembro de 2026<\/p><p><img decoding=\"async\" class=\"emoji\" role=\"img\" src=\"https:\/\/s.w.org\/images\/core\/emoji\/17.0.2\/svg\/1f4cd.svg\" alt=\"\ud83d\udccd\" \/> Audit\u00f3rio Eny Caldeira \u2013 UFPR, Campus Rebou\u00e7as | Curitiba\/PR<\/p><p><img decoding=\"async\" class=\"emoji\" role=\"img\" src=\"https:\/\/s.w.org\/images\/core\/emoji\/17.0.2\/svg\/1f517.svg\" alt=\"\ud83d\udd17\" \/> Inscri\u00e7\u00f5es, orienta\u00e7\u00f5es e submiss\u00e3o dos trabalhos pelo site do evento:<\/p><p><a href=\"https:\/\/www.even3.com.br\/4-edicao-seminario-cultural-povos-de-terreiro-769038\/\" target=\"_blank\" rel=\"noopener\">https:\/\/www.even3.com.br\/4-edicao-seminario-cultural-povos-de-terreiro-769038\/<\/a><\/p>\t\t\t\t\t\t\t\t<\/div>\n\t\t\t\t<\/div>\n\t\t\t\t\t<\/div>\n\t\t<\/div>\n\t\t\t\t\t<\/div>\n\t\t<\/section>\n\t\t\t\t<\/div>\n\t\t","protected":false},"excerpt":{"rendered":"<p>| ABERTA A INSCRI\u00c7\u00c3O E SUBMISS\u00c3O DE TRABALHOS |\u00a0 Est\u00e1 aberta a chamada para submiss\u00e3o de trabalhos da IV edi\u00e7\u00e3o [&hellip;]<\/p>\n","protected":false},"author":437,"featured_media":5437,"comment_status":"open","ping_status":"open","sticky":false,"template":"","format":"standard","meta":{"site-sidebar-layout":"default","site-content-layout":"","ast-site-content-layout":"default","site-content-style":"default","site-sidebar-style":"default","ast-global-header-display":"","ast-banner-title-visibility":"","ast-main-header-display":"","ast-hfb-above-header-display":"","ast-hfb-below-header-display":"","ast-hfb-mobile-header-display":"","site-post-title":"","ast-breadcrumbs-content":"","ast-featured-img":"","footer-sml-layout":"","ast-disable-related-posts":"","theme-transparent-header-meta":"","adv-header-id-meta":"","stick-header-meta":"","header-above-stick-meta":"","header-main-stick-meta":"","header-below-stick-meta":"","astra-migrate-meta-layouts":"default","ast-page-background-enabled":"default","ast-page-background-meta":{"desktop":{"background-color":"var(--ast-global-color-5)","background-image":"","background-repeat":"repeat","background-position":"center center","background-size":"auto","background-attachment":"scroll","background-type":"","background-media":"","overlay-type":"","overlay-color":"","overlay-opacity":"","overlay-gradient":""},"tablet":{"background-color":"","background-image":"","background-repeat":"repeat","background-position":"center center","background-size":"auto","background-attachment":"scroll","background-type":"","background-media":"","overlay-type":"","overlay-color":"","overlay-opacity":"","overlay-gradient":""},"mobile":{"background-color":"","background-image":"","background-repeat":"repeat","background-position":"center center","background-size":"auto","background-attachment":"scroll","background-type":"","background-media":"","overlay-type":"","overlay-color":"","overlay-opacity":"","overlay-gradient":""}},"ast-content-background-meta":{"desktop":{"background-color":"var(--ast-global-color-4)","background-image":"","background-repeat":"repeat","background-position":"center center","background-size":"auto","background-attachment":"scroll","background-type":"","background-media":"","overlay-type":"","overlay-color":"","overlay-opacity":"","overlay-gradient":""},"tablet":{"background-color":"var(--ast-global-color-4)","background-image":"","background-repeat":"repeat","background-position":"center center","background-size":"auto","background-attachment":"scroll","background-type":"","background-media":"","overlay-type":"","overlay-color":"","overlay-opacity":"","overlay-gradient":""},"mobile":{"background-color":"var(--ast-global-color-4)","background-image":"","background-repeat":"repeat","background-position":"center center","background-size":"auto","background-attachment":"scroll","background-type":"","background-media":"","overlay-type":"","overlay-color":"","overlay-opacity":"","overlay-gradient":""}},"footnotes":""},"categories":[55],"tags":[72,22],"class_list":["post-5435","post","type-post","status-publish","format-standard","has-post-thumbnail","hentry","category-eventos","tag-ensino-pesquisa-extensao","tag-relacoes-etnico-raciais"],"_links":{"self":[{"href":"https:\/\/utfpr.curitiba.br\/neabi\/wp-json\/wp\/v2\/posts\/5435","targetHints":{"allow":["GET"]}}],"collection":[{"href":"https:\/\/utfpr.curitiba.br\/neabi\/wp-json\/wp\/v2\/posts"}],"about":[{"href":"https:\/\/utfpr.curitiba.br\/neabi\/wp-json\/wp\/v2\/types\/post"}],"author":[{"embeddable":true,"href":"https:\/\/utfpr.curitiba.br\/neabi\/wp-json\/wp\/v2\/users\/437"}],"replies":[{"embeddable":true,"href":"https:\/\/utfpr.curitiba.br\/neabi\/wp-json\/wp\/v2\/comments?post=5435"}],"version-history":[{"count":13,"href":"https:\/\/utfpr.curitiba.br\/neabi\/wp-json\/wp\/v2\/posts\/5435\/revisions"}],"predecessor-version":[{"id":5450,"href":"https:\/\/utfpr.curitiba.br\/neabi\/wp-json\/wp\/v2\/posts\/5435\/revisions\/5450"}],"wp:featuredmedia":[{"embeddable":true,"href":"https:\/\/utfpr.curitiba.br\/neabi\/wp-json\/wp\/v2\/media\/5437"}],"wp:attachment":[{"href":"https:\/\/utfpr.curitiba.br\/neabi\/wp-json\/wp\/v2\/media?parent=5435"}],"wp:term":[{"taxonomy":"category","embeddable":true,"href":"https:\/\/utfpr.curitiba.br\/neabi\/wp-json\/wp\/v2\/categories?post=5435"},{"taxonomy":"post_tag","embeddable":true,"href":"https:\/\/utfpr.curitiba.br\/neabi\/wp-json\/wp\/v2\/tags?post=5435"}],"curies":[{"name":"wp","href":"https:\/\/api.w.org\/{rel}","templated":true}]}}