{"id":1,"date":"2022-07-08T14:57:17","date_gmt":"2022-07-08T17:57:17","guid":{"rendered":"https:\/\/utfpr.curitiba.br\/memoriatut\/?p=1"},"modified":"2022-09-23T17:25:10","modified_gmt":"2022-09-23T20:25:10","slug":"ola-mundo","status":"publish","type":"post","link":"https:\/\/utfpr.curitiba.br\/memoriatut\/ola-mundo\/","title":{"rendered":"Bem-vindo ao \u00c1lbum Virtual de Fotografias do TUT"},"content":{"rendered":"\n<p><\/p>\n\n\n\n<p><\/p>\n\n\n<p>O<strong> TUT \u2013 Teatro da UTFPR campus Curitiba<\/strong> \u00e9 um projeto criado em 1972 que completa em 2022, cinquenta anos! Em comemora\u00e7\u00e3o \u00e0 data, criamos este \u00c1lbum Virtual de Fotografias.<\/p>\n<p>O TUT teve diferentes nomes, conforme a institui\u00e7\u00e3o tamb\u00e9m foi se alterando:<\/p>\n<ul>\n<li><strong>TETEF<\/strong> &#8211; Teatro da Escola T\u00e9cnica Federal (1972 \u2013 1978);<\/li>\n<li><strong>TECEFET<\/strong> &#8211; Teatro do CEFET (1978 \u2013 2005), por fim;<\/li>\n<li><strong>TUT<\/strong> &#8211; Teatro da Universidade Tecnol\u00f3gica &#8211; Campus Curitiba (desde 2005).<\/li>\n<\/ul>\n<p>O TUT j\u00e1 foi dirigido pelos professores-diretores de teatro:<\/p>\n<ul>\n<li>Jos\u00e9 Maria Santos (1972 a 1990);<\/li>\n<li>Joana Rolim (1990 a 1997);<\/li>\n<li>Cleonice de Queir\u00f3z (1998 a 2003);<\/li>\n<li>Mar\u00edlia Gomes Ferreira (2003 a 2005);<\/li>\n<li>Ismael Scheffler (2005-2010);<\/li>\n<li>Cau\u00ea Kr\u00fcger (2010 e 2011);<\/li>\n<li>Elderson de Melo (2012);<\/li>\n<li>Ismael Scheffler (2013-2015; 2018 \u00e0 atualidade).<\/li>\n<\/ul>\n<p>O TUT possui registros fotogr\u00e1ficos de praticamente todos principais espet\u00e1culos apresentados desde sua cria\u00e7\u00e3o, al\u00e9m de outros materiais gr\u00e1ficos, como programas de espet\u00e1culos, cartazes, recortes da imprensa, entre outros documentos.<\/p>\n<p>\u00c9 com satisfa\u00e7\u00e3o que compartilhamos este \u00e1lbum que re\u00fane apenas uma pequena amostra das fotografias dispon\u00edveis em nosso acervo!<\/p>\n<p>Desfrute!<\/p>\n<p>Ismael Scheffler &#8211; Diretor e coordenador do TUT<\/p>","protected":false},"excerpt":{"rendered":"<p>O TUT \u2013 Teatro da UTFPR campus Curitiba \u00e9 um projeto criado em 1972 que completa em 2022, cinquenta anos! Em comemora\u00e7\u00e3o \u00e0 data, criamos este \u00c1lbum Virtual de Fotografias. O TUT teve diferentes nomes, conforme a institui\u00e7\u00e3o tamb\u00e9m foi se alterando: TETEF &#8211; Teatro da Escola T\u00e9cnica Federal (1972 [&hellip;]<\/p>\n","protected":false},"author":1,"featured_media":0,"comment_status":"open","ping_status":"open","sticky":false,"template":"","format":"standard","meta":{"footnotes":""},"categories":[3],"tags":[],"class_list":["post-1","post","type-post","status-publish","format-standard","hentry","category-geral"],"_links":{"self":[{"href":"https:\/\/utfpr.curitiba.br\/memoriatut\/wp-json\/wp\/v2\/posts\/1","targetHints":{"allow":["GET"]}}],"collection":[{"href":"https:\/\/utfpr.curitiba.br\/memoriatut\/wp-json\/wp\/v2\/posts"}],"about":[{"href":"https:\/\/utfpr.curitiba.br\/memoriatut\/wp-json\/wp\/v2\/types\/post"}],"author":[{"embeddable":true,"href":"https:\/\/utfpr.curitiba.br\/memoriatut\/wp-json\/wp\/v2\/users\/1"}],"replies":[{"embeddable":true,"href":"https:\/\/utfpr.curitiba.br\/memoriatut\/wp-json\/wp\/v2\/comments?post=1"}],"version-history":[{"count":5,"href":"https:\/\/utfpr.curitiba.br\/memoriatut\/wp-json\/wp\/v2\/posts\/1\/revisions"}],"predecessor-version":[{"id":370,"href":"https:\/\/utfpr.curitiba.br\/memoriatut\/wp-json\/wp\/v2\/posts\/1\/revisions\/370"}],"wp:attachment":[{"href":"https:\/\/utfpr.curitiba.br\/memoriatut\/wp-json\/wp\/v2\/media?parent=1"}],"wp:term":[{"taxonomy":"category","embeddable":true,"href":"https:\/\/utfpr.curitiba.br\/memoriatut\/wp-json\/wp\/v2\/categories?post=1"},{"taxonomy":"post_tag","embeddable":true,"href":"https:\/\/utfpr.curitiba.br\/memoriatut\/wp-json\/wp\/v2\/tags?post=1"}],"curies":[{"name":"wp","href":"https:\/\/api.w.org\/{rel}","templated":true}]}}