{"id":1726,"date":"2020-09-23T15:12:26","date_gmt":"2020-09-23T18:12:26","guid":{"rendered":"https:\/\/labens.ct.utfpr.edu.br\/?p=1726"},"modified":"2021-02-09T19:20:11","modified_gmt":"2021-02-09T22:20:11","slug":"trabalhos-do-labens-sao-destaques-no-xii-congresso-brasileiro-de-planejamento-energetico","status":"publish","type":"post","link":"https:\/\/utfpr.curitiba.br\/labens\/noticias\/trabalhos-do-labens-sao-destaques-no-xii-congresso-brasileiro-de-planejamento-energetico\/","title":{"rendered":"Trabalhos do LABENS s\u00e3o destaques no XII Congresso Brasileiro de Planejamento Energ\u00e9tico"},"content":{"rendered":"\n<p>A equipe do LABENS teve participa\u00e7\u00e3o destacada no XII CBPE.  O evento ocorreu por meio de plataformas digitais, de 09 a 11 de setembro de 2020. Foram apresentados 11 artigos cient\u00edficos desenvolvidos por membros do LABENS, sendo dois destes eleitos entre os melhores trabalhos apresentados durante o XII CBPE (2020):<\/p>\n\n\n\n<p>O artigo &#8220;An\u00e1lise das consequ\u00eancias provocadas pelo aquecimento de componentes e aumento de temperatura ambiente em sistemas fotovoltaicos&#8221; dos autores Diego Plazza Hilgert, Renata Lautert Yang, Ana Carla Cordeiro, Nicole Polityto Cremasco, Jair Urbanetz J\u00fanior.<\/p>\n\n\n\n<p>O artigo &#8220;Gerenciamento eficiente da produ\u00e7\u00e3o de energia el\u00e9trica: desafios para redu\u00e7\u00e3o do corte de gera\u00e7\u00e3o de energia das fontes renov\u00e1veis&#8221; dos autores Renata Lautert Yang, Luciane Neves Canha, Gerson Maximo Tiepolo, Jair Urbanetz J\u00fanior.<\/p>\n\n\n\n<p>Os artigos eleitos ser\u00e3o publicados na Revista Brasileira de Energia (RBE\/SBPE), publica\u00e7\u00e3o cient\u00edfica da Sociedade Brasileira de Planejamento Energ\u00e9tico.<\/p>\n\n\n\n<figure class=\"wp-block-image size-large\"><img fetchpriority=\"high\" decoding=\"async\" width=\"588\" height=\"421\" src=\"https:\/\/utfpr-ct-static-content.s3.amazonaws.com\/utfpr.curitiba.br\/wp-content\/uploads\/sites\/85\/2020\/09\/MT-CBPE.jpg\" alt=\"\" class=\"wp-image-1727\" srcset=\"https:\/\/utfpr-ct-static-content.s3.amazonaws.com\/utfpr.curitiba.br\/wp-content\/uploads\/sites\/85\/2020\/09\/MT-CBPE.jpg 588w, https:\/\/utfpr-ct-static-content.s3.amazonaws.com\/utfpr.curitiba.br\/wp-content\/uploads\/sites\/85\/2020\/09\/MT-CBPE-300x215.jpg 300w\" sizes=\"(max-width: 588px) 100vw, 588px\" \/><\/figure>\n\n\n\n<p><\/p>\n","protected":false},"excerpt":{"rendered":"<p>A equipe do LABENS teve participa\u00e7\u00e3o destacada no XII CBPE. O evento ocorreu por meio de plataformas digitais, de 09<\/p>\n","protected":false},"author":20,"featured_media":0,"comment_status":"closed","ping_status":"closed","sticky":false,"template":"","format":"standard","meta":{"colormag_page_container_layout":"default_layout","colormag_page_sidebar_layout":"default_layout","footnotes":""},"categories":[4],"tags":[],"class_list":["post-1726","post","type-post","status-publish","format-standard","hentry","category-noticias"],"_links":{"self":[{"href":"https:\/\/utfpr.curitiba.br\/labens\/wp-json\/wp\/v2\/posts\/1726","targetHints":{"allow":["GET"]}}],"collection":[{"href":"https:\/\/utfpr.curitiba.br\/labens\/wp-json\/wp\/v2\/posts"}],"about":[{"href":"https:\/\/utfpr.curitiba.br\/labens\/wp-json\/wp\/v2\/types\/post"}],"author":[{"embeddable":true,"href":"https:\/\/utfpr.curitiba.br\/labens\/wp-json\/wp\/v2\/users\/20"}],"replies":[{"embeddable":true,"href":"https:\/\/utfpr.curitiba.br\/labens\/wp-json\/wp\/v2\/comments?post=1726"}],"version-history":[{"count":1,"href":"https:\/\/utfpr.curitiba.br\/labens\/wp-json\/wp\/v2\/posts\/1726\/revisions"}],"predecessor-version":[{"id":1728,"href":"https:\/\/utfpr.curitiba.br\/labens\/wp-json\/wp\/v2\/posts\/1726\/revisions\/1728"}],"wp:attachment":[{"href":"https:\/\/utfpr.curitiba.br\/labens\/wp-json\/wp\/v2\/media?parent=1726"}],"wp:term":[{"taxonomy":"category","embeddable":true,"href":"https:\/\/utfpr.curitiba.br\/labens\/wp-json\/wp\/v2\/categories?post=1726"},{"taxonomy":"post_tag","embeddable":true,"href":"https:\/\/utfpr.curitiba.br\/labens\/wp-json\/wp\/v2\/tags?post=1726"}],"curies":[{"name":"wp","href":"https:\/\/api.w.org\/{rel}","templated":true}]}}