{"id":1721,"date":"2020-09-23T12:09:33","date_gmt":"2020-09-23T15:09:33","guid":{"rendered":"https:\/\/labens.ct.utfpr.edu.br\/?p=1721"},"modified":"2020-09-23T12:09:34","modified_gmt":"2020-09-23T15:09:34","slug":"participacao-da-equipe-do-labens-no-smart-energy-cieiexpo-2019","status":"publish","type":"post","link":"https:\/\/utfpr.curitiba.br\/labens\/noticias\/participacao-da-equipe-do-labens-no-smart-energy-cieiexpo-2019\/","title":{"rendered":"Participa\u00e7\u00e3o da Equipe do LABENS no Smart Energy \u2013 CIEI&#038;EXPO 2019"},"content":{"rendered":"\n<p>A sexta edi\u00e7\u00e3o do Smart Energy, Confer\u00eancia Internacional de Energias Inteligentes, evento mais importante da regi\u00e3o sul do pa\u00eds realizou a publica\u00e7\u00e3o de diversos artigos da equipe do LABENS. Os autores realizaram a apresenta\u00e7\u00e3o dos artigos submetidos durante o evento.<\/p>\n\n\n\n<figure class=\"wp-block-image size-large\"><img fetchpriority=\"high\" decoding=\"async\" width=\"1024\" height=\"683\" src=\"https:\/\/utfpr-ct-static-content.s3.amazonaws.com\/utfpr.curitiba.br\/wp-content\/uploads\/sites\/85\/2020\/09\/smart-energy-2019-1-1024x683.jpg\" alt=\"\" class=\"wp-image-1722\" srcset=\"https:\/\/utfpr-ct-static-content.s3.amazonaws.com\/utfpr.curitiba.br\/wp-content\/uploads\/sites\/85\/2020\/09\/smart-energy-2019-1-1024x683.jpg 1024w, https:\/\/utfpr-ct-static-content.s3.amazonaws.com\/utfpr.curitiba.br\/wp-content\/uploads\/sites\/85\/2020\/09\/smart-energy-2019-1-300x200.jpg 300w, https:\/\/utfpr-ct-static-content.s3.amazonaws.com\/utfpr.curitiba.br\/wp-content\/uploads\/sites\/85\/2020\/09\/smart-energy-2019-1-768x512.jpg 768w, https:\/\/utfpr-ct-static-content.s3.amazonaws.com\/utfpr.curitiba.br\/wp-content\/uploads\/sites\/85\/2020\/09\/smart-energy-2019-1.jpg 1323w\" sizes=\"(max-width: 1024px) 100vw, 1024px\" \/><\/figure>\n","protected":false},"excerpt":{"rendered":"<p>A sexta edi\u00e7\u00e3o do Smart Energy, Confer\u00eancia Internacional de Energias Inteligentes, evento mais importante da regi\u00e3o sul do pa\u00eds realizou<\/p>\n","protected":false},"author":20,"featured_media":0,"comment_status":"closed","ping_status":"closed","sticky":false,"template":"","format":"standard","meta":{"colormag_page_container_layout":"default_layout","colormag_page_sidebar_layout":"default_layout","footnotes":""},"categories":[4],"tags":[],"class_list":["post-1721","post","type-post","status-publish","format-standard","hentry","category-noticias"],"_links":{"self":[{"href":"https:\/\/utfpr.curitiba.br\/labens\/wp-json\/wp\/v2\/posts\/1721","targetHints":{"allow":["GET"]}}],"collection":[{"href":"https:\/\/utfpr.curitiba.br\/labens\/wp-json\/wp\/v2\/posts"}],"about":[{"href":"https:\/\/utfpr.curitiba.br\/labens\/wp-json\/wp\/v2\/types\/post"}],"author":[{"embeddable":true,"href":"https:\/\/utfpr.curitiba.br\/labens\/wp-json\/wp\/v2\/users\/20"}],"replies":[{"embeddable":true,"href":"https:\/\/utfpr.curitiba.br\/labens\/wp-json\/wp\/v2\/comments?post=1721"}],"version-history":[{"count":1,"href":"https:\/\/utfpr.curitiba.br\/labens\/wp-json\/wp\/v2\/posts\/1721\/revisions"}],"predecessor-version":[{"id":1723,"href":"https:\/\/utfpr.curitiba.br\/labens\/wp-json\/wp\/v2\/posts\/1721\/revisions\/1723"}],"wp:attachment":[{"href":"https:\/\/utfpr.curitiba.br\/labens\/wp-json\/wp\/v2\/media?parent=1721"}],"wp:term":[{"taxonomy":"category","embeddable":true,"href":"https:\/\/utfpr.curitiba.br\/labens\/wp-json\/wp\/v2\/categories?post=1721"},{"taxonomy":"post_tag","embeddable":true,"href":"https:\/\/utfpr.curitiba.br\/labens\/wp-json\/wp\/v2\/tags?post=1721"}],"curies":[{"name":"wp","href":"https:\/\/api.w.org\/{rel}","templated":true}]}}