{"id":746,"date":"2023-02-16T10:31:34","date_gmt":"2023-02-16T13:31:34","guid":{"rendered":"https:\/\/utfpr.curitiba.br\/gyro\/?p=746"},"modified":"2023-02-16T15:09:38","modified_gmt":"2023-02-16T18:09:38","slug":"software-desenvolvido-no-gyro-selecionado-pela-onu-meio-ambiente","status":"publish","type":"post","link":"https:\/\/utfpr.curitiba.br\/gyro\/software-desenvolvido-no-gyro-selecionado-pela-onu-meio-ambiente\/","title":{"rendered":"Software desenvolvido no Gyro selecionado pela ONU Meio Ambiente"},"content":{"rendered":"\n<p>O software Lavoisier desenvolvido pelo Gyro\/UTFPR juntamente com o Instituto Brasileiro de Ci\u00eancia e Tecnologia da Informa\u00e7\u00e3o (IBICT) foi selecionado por The Life Cycle Initiative da ONU Meio Ambiente para ser utilizado no Global LCA Data network (GLAD). <\/p>\n\n\n\n<p>Como a ACV necessita de muitos dados e existem bases de dados com formatos distintos, \u00e9 necess\u00e1rio que os dados existentes possam ser interoper\u00e1veis. Apesar do Lavoisier possibilitar a disponibilidade de dados no mesmo formato, os cuidados em utilizar dados provenientes de modelos distintos deve ser considerado pelos usu\u00e1rios.  <\/p>\n\n\n\n<p>Para a realiza\u00e7\u00e3o do <a href=\"https:\/\/github.com\/JosePauloSavioli\/Lavoisier\" data-type=\"URL\" data-id=\"https:\/\/github.com\/JosePauloSavioli\/Lavoisier\" target=\"_blank\" rel=\"noreferrer noopener\">Lavoisier<\/a>, participaram do projeto o doutorando do PPGEM-CT, Jos\u00e9 Paulo das Dores Savioli e a coordenadora do Gyro, a professora C\u00e1ssia M. L. Ugaya. O IBICT participou com os doutores Tiago Braga e Thiago Rodrigues. <\/p>\n\n\n\n<p class=\"has-small-font-size\"><em>Logo desenvolvido por Larissa Ugaya Mazza<\/em><\/p>\n","protected":false},"excerpt":{"rendered":"<p>O software Lavoisier desenvolvido pelo Gyro\/UTFPR juntamente com o Instituto Brasileiro de Ci\u00eancia e Tecnologia da Informa\u00e7\u00e3o (IBICT) foi selecionado por The Life Cycle Initiative da ONU Meio Ambiente para &hellip; <\/p>\n","protected":false},"author":52,"featured_media":762,"comment_status":"closed","ping_status":"closed","sticky":false,"template":"","format":"standard","meta":{"footnotes":""},"categories":[10],"tags":[],"class_list":["post-746","post","type-post","status-publish","format-standard","has-post-thumbnail","hentry","category-gyro"],"_links":{"self":[{"href":"https:\/\/utfpr.curitiba.br\/gyro\/wp-json\/wp\/v2\/posts\/746","targetHints":{"allow":["GET"]}}],"collection":[{"href":"https:\/\/utfpr.curitiba.br\/gyro\/wp-json\/wp\/v2\/posts"}],"about":[{"href":"https:\/\/utfpr.curitiba.br\/gyro\/wp-json\/wp\/v2\/types\/post"}],"author":[{"embeddable":true,"href":"https:\/\/utfpr.curitiba.br\/gyro\/wp-json\/wp\/v2\/users\/52"}],"replies":[{"embeddable":true,"href":"https:\/\/utfpr.curitiba.br\/gyro\/wp-json\/wp\/v2\/comments?post=746"}],"version-history":[{"count":4,"href":"https:\/\/utfpr.curitiba.br\/gyro\/wp-json\/wp\/v2\/posts\/746\/revisions"}],"predecessor-version":[{"id":769,"href":"https:\/\/utfpr.curitiba.br\/gyro\/wp-json\/wp\/v2\/posts\/746\/revisions\/769"}],"wp:featuredmedia":[{"embeddable":true,"href":"https:\/\/utfpr.curitiba.br\/gyro\/wp-json\/wp\/v2\/media\/762"}],"wp:attachment":[{"href":"https:\/\/utfpr.curitiba.br\/gyro\/wp-json\/wp\/v2\/media?parent=746"}],"wp:term":[{"taxonomy":"category","embeddable":true,"href":"https:\/\/utfpr.curitiba.br\/gyro\/wp-json\/wp\/v2\/categories?post=746"},{"taxonomy":"post_tag","embeddable":true,"href":"https:\/\/utfpr.curitiba.br\/gyro\/wp-json\/wp\/v2\/tags?post=746"}],"curies":[{"name":"wp","href":"https:\/\/api.w.org\/{rel}","templated":true}]}}