{"id":483,"date":"2020-03-21T23:09:52","date_gmt":"2020-03-22T02:09:52","guid":{"rendered":"https:\/\/gyro.ct.utfpr.edu.br\/?p=483"},"modified":"2020-07-21T23:24:45","modified_gmt":"2020-07-22T02:24:45","slug":"water-footprint-and-lci","status":"publish","type":"post","link":"https:\/\/utfpr.curitiba.br\/gyro\/water-footprint-and-lci\/","title":{"rendered":"Water Footprint and LCI"},"content":{"rendered":"\n<p>Aconteceram, em Mar\u00e7o de 2020, a palestra Water Footprint do Dr. Stephan Pfister, da ETH Zurique e o Workshop Water Footprint and LCI na UTFPR. O evento fez parte da Escola de Altos Estudos da UTFPR e foi organizado pelo Programa de P\u00f3s Gradua\u00e7\u00e3o em Ci\u00eancia e Tecnologia Ambiental apoiado pelos Programas de P\u00f3s Gradua\u00e7\u00e3o de Sustentabilidade Ambiental Urbana e de Engenharia Mec\u00e2nica de de Materiais da UTFPR de Curitiba. Apoiaram tamb\u00e9m os Programas de P\u00f3s Gradua\u00e7\u00e3o de Inova\u00e7\u00f5es Tecnol\u00f3gicas de Campo Mour\u00e3o, de Produ\u00e7\u00e3o de Ponta Grossa e a Embrapa Agroind\u00fastria Tropical <\/p>\n\n\n\n<figure class=\"wp-block-image size-large is-resized\"><img fetchpriority=\"high\" decoding=\"async\" src=\"https:\/\/utfpr-ct-static-content.s3.amazonaws.com\/utfpr.curitiba.br\/wp-content\/uploads\/sites\/82\/2020\/07\/waterfootprint.png\" alt=\"\" class=\"wp-image-481\" width=\"425\" height=\"238\" srcset=\"https:\/\/utfpr-ct-static-content.s3.amazonaws.com\/utfpr.curitiba.br\/wp-content\/uploads\/sites\/82\/2020\/07\/waterfootprint.png 870w, https:\/\/utfpr-ct-static-content.s3.amazonaws.com\/utfpr.curitiba.br\/wp-content\/uploads\/sites\/82\/2020\/07\/waterfootprint-300x168.png 300w, https:\/\/utfpr-ct-static-content.s3.amazonaws.com\/utfpr.curitiba.br\/wp-content\/uploads\/sites\/82\/2020\/07\/waterfootprint-768x431.png 768w, https:\/\/utfpr-ct-static-content.s3.amazonaws.com\/utfpr.curitiba.br\/wp-content\/uploads\/sites\/82\/2020\/07\/waterfootprint-107x60.png 107w\" sizes=\"(max-width: 425px) 100vw, 425px\" \/><\/figure>\n","protected":false},"excerpt":{"rendered":"<p>Aconteceram, em Mar\u00e7o de 2020, a palestra Water Footprint do Dr. Stephan Pfister, da ETH Zurique e o Workshop Water Footprint and LCI na UTFPR. O evento fez parte da &hellip; <\/p>\n","protected":false},"author":2,"featured_media":484,"comment_status":"closed","ping_status":"closed","sticky":true,"template":"","format":"standard","meta":{"footnotes":""},"categories":[9],"tags":[],"class_list":["post-483","post","type-post","status-publish","format-standard","has-post-thumbnail","hentry","category-gyro-4water"],"_links":{"self":[{"href":"https:\/\/utfpr.curitiba.br\/gyro\/wp-json\/wp\/v2\/posts\/483","targetHints":{"allow":["GET"]}}],"collection":[{"href":"https:\/\/utfpr.curitiba.br\/gyro\/wp-json\/wp\/v2\/posts"}],"about":[{"href":"https:\/\/utfpr.curitiba.br\/gyro\/wp-json\/wp\/v2\/types\/post"}],"author":[{"embeddable":true,"href":"https:\/\/utfpr.curitiba.br\/gyro\/wp-json\/wp\/v2\/users\/2"}],"replies":[{"embeddable":true,"href":"https:\/\/utfpr.curitiba.br\/gyro\/wp-json\/wp\/v2\/comments?post=483"}],"version-history":[{"count":1,"href":"https:\/\/utfpr.curitiba.br\/gyro\/wp-json\/wp\/v2\/posts\/483\/revisions"}],"predecessor-version":[{"id":486,"href":"https:\/\/utfpr.curitiba.br\/gyro\/wp-json\/wp\/v2\/posts\/483\/revisions\/486"}],"wp:featuredmedia":[{"embeddable":true,"href":"https:\/\/utfpr.curitiba.br\/gyro\/wp-json\/wp\/v2\/media\/484"}],"wp:attachment":[{"href":"https:\/\/utfpr.curitiba.br\/gyro\/wp-json\/wp\/v2\/media?parent=483"}],"wp:term":[{"taxonomy":"category","embeddable":true,"href":"https:\/\/utfpr.curitiba.br\/gyro\/wp-json\/wp\/v2\/categories?post=483"},{"taxonomy":"post_tag","embeddable":true,"href":"https:\/\/utfpr.curitiba.br\/gyro\/wp-json\/wp\/v2\/tags?post=483"}],"curies":[{"name":"wp","href":"https:\/\/api.w.org\/{rel}","templated":true}]}}