{"id":692,"date":"2018-11-19T16:07:22","date_gmt":"2018-11-19T16:07:22","guid":{"rendered":"http:\/\/fotonanobio.ct.utfpr.edu.br\/?p=692"},"modified":"2020-05-15T01:51:00","modified_gmt":"2020-05-15T01:51:00","slug":"nova-tecnica-facilita-a-deteccao-de-moleculas-em-fluidos-corporais","status":"publish","type":"post","link":"https:\/\/utfpr.curitiba.br\/fotonanobio\/?p=692","title":{"rendered":"Nova t\u00e9cnica facilita a detec\u00e7\u00e3o de mol\u00e9culas em fluidos corporais"},"content":{"rendered":"<h2><span style=\"color: #ff0000;\"><strong><a style=\"color: #ff0000;\" href=\"http:\/\/portal.utfpr.edu.br\/noticias\/reitoria\/divulgacao-cientifica\/aluno-de-mestrado-inova-na-aplicacao-de-tecnica-para-detectar-moleculas-em-fluidos-corporais\">Leia a mat\u00e9ria publicada<\/a><\/strong><\/span><\/h2>\n","protected":false},"excerpt":{"rendered":"<p>Leia a mat\u00e9ria publicada<\/p>\n","protected":false},"author":111,"featured_media":0,"comment_status":"closed","ping_status":"open","sticky":false,"template":"","format":"standard","meta":{"footnotes":""},"categories":[1],"tags":[],"class_list":["post-692","post","type-post","status-publish","format-standard","hentry","category-sem-categoria"],"_links":{"self":[{"href":"https:\/\/utfpr.curitiba.br\/fotonanobio\/index.php?rest_route=\/wp\/v2\/posts\/692","targetHints":{"allow":["GET"]}}],"collection":[{"href":"https:\/\/utfpr.curitiba.br\/fotonanobio\/index.php?rest_route=\/wp\/v2\/posts"}],"about":[{"href":"https:\/\/utfpr.curitiba.br\/fotonanobio\/index.php?rest_route=\/wp\/v2\/types\/post"}],"author":[{"embeddable":true,"href":"https:\/\/utfpr.curitiba.br\/fotonanobio\/index.php?rest_route=\/wp\/v2\/users\/111"}],"replies":[{"embeddable":true,"href":"https:\/\/utfpr.curitiba.br\/fotonanobio\/index.php?rest_route=%2Fwp%2Fv2%2Fcomments&post=692"}],"version-history":[{"count":4,"href":"https:\/\/utfpr.curitiba.br\/fotonanobio\/index.php?rest_route=\/wp\/v2\/posts\/692\/revisions"}],"predecessor-version":[{"id":712,"href":"https:\/\/utfpr.curitiba.br\/fotonanobio\/index.php?rest_route=\/wp\/v2\/posts\/692\/revisions\/712"}],"wp:attachment":[{"href":"https:\/\/utfpr.curitiba.br\/fotonanobio\/index.php?rest_route=%2Fwp%2Fv2%2Fmedia&parent=692"}],"wp:term":[{"taxonomy":"category","embeddable":true,"href":"https:\/\/utfpr.curitiba.br\/fotonanobio\/index.php?rest_route=%2Fwp%2Fv2%2Fcategories&post=692"},{"taxonomy":"post_tag","embeddable":true,"href":"https:\/\/utfpr.curitiba.br\/fotonanobio\/index.php?rest_route=%2Fwp%2Fv2%2Ftags&post=692"}],"curies":[{"name":"wp","href":"https:\/\/api.w.org\/{rel}","templated":true}]}}