{"id":237,"date":"2016-05-13T15:14:34","date_gmt":"2016-05-13T15:14:34","guid":{"rendered":"http:\/\/fotonanobio.ct.utfpr.edu.br\/?p=237"},"modified":"2020-05-15T01:51:00","modified_gmt":"2020-05-15T01:51:00","slug":"instituto-nacional-de-ciencia-e-tecnologia-para-diagnostico-em-saude-publica-inct-indi-saude","status":"publish","type":"post","link":"https:\/\/utfpr.curitiba.br\/fotonanobio\/?p=237","title":{"rendered":"Instituto Nacional de Ci\u00eancia e Tecnologia para Diagn\u00f3stico em Sa\u00fade P\u00fablica &#8211; INCT-INDI-SA\u00daDE"},"content":{"rendered":"<p><a href=\"http:\/\/inct.cnpq.br\/web\/inct-indi\/home\/\">O Instituto<\/a><\/p>\n","protected":false},"excerpt":{"rendered":"<p>O Instituto<\/p>\n","protected":false},"author":111,"featured_media":0,"comment_status":"closed","ping_status":"open","sticky":false,"template":"","format":"link","meta":{"footnotes":""},"categories":[1],"tags":[],"class_list":["post-237","post","type-post","status-publish","format-link","hentry","category-sem-categoria","post_format-post-format-link"],"_links":{"self":[{"href":"https:\/\/utfpr.curitiba.br\/fotonanobio\/index.php?rest_route=\/wp\/v2\/posts\/237","targetHints":{"allow":["GET"]}}],"collection":[{"href":"https:\/\/utfpr.curitiba.br\/fotonanobio\/index.php?rest_route=\/wp\/v2\/posts"}],"about":[{"href":"https:\/\/utfpr.curitiba.br\/fotonanobio\/index.php?rest_route=\/wp\/v2\/types\/post"}],"author":[{"embeddable":true,"href":"https:\/\/utfpr.curitiba.br\/fotonanobio\/index.php?rest_route=\/wp\/v2\/users\/111"}],"replies":[{"embeddable":true,"href":"https:\/\/utfpr.curitiba.br\/fotonanobio\/index.php?rest_route=%2Fwp%2Fv2%2Fcomments&post=237"}],"version-history":[{"count":1,"href":"https:\/\/utfpr.curitiba.br\/fotonanobio\/index.php?rest_route=\/wp\/v2\/posts\/237\/revisions"}],"predecessor-version":[{"id":238,"href":"https:\/\/utfpr.curitiba.br\/fotonanobio\/index.php?rest_route=\/wp\/v2\/posts\/237\/revisions\/238"}],"wp:attachment":[{"href":"https:\/\/utfpr.curitiba.br\/fotonanobio\/index.php?rest_route=%2Fwp%2Fv2%2Fmedia&parent=237"}],"wp:term":[{"taxonomy":"category","embeddable":true,"href":"https:\/\/utfpr.curitiba.br\/fotonanobio\/index.php?rest_route=%2Fwp%2Fv2%2Fcategories&post=237"},{"taxonomy":"post_tag","embeddable":true,"href":"https:\/\/utfpr.curitiba.br\/fotonanobio\/index.php?rest_route=%2Fwp%2Fv2%2Ftags&post=237"}],"curies":[{"name":"wp","href":"https:\/\/api.w.org\/{rel}","templated":true}]}}