{"id":215,"date":"2016-05-12T18:45:23","date_gmt":"2016-05-12T18:45:23","guid":{"rendered":"http:\/\/fotonanobio.ct.utfpr.edu.br\/?p=215"},"modified":"2020-10-30T20:35:29","modified_gmt":"2020-10-30T23:35:29","slug":"responsaveis-pelo-laboratorio","status":"publish","type":"post","link":"https:\/\/utfpr.curitiba.br\/fotonanobio\/?p=215","title":{"rendered":"Professores e Estudantes respons\u00e1veis pelo Laborat\u00f3rio e imagens de colaboradores que auxiliaram na implanta\u00e7\u00e3o do FotoNanoBio"},"content":{"rendered":"<p><a href=\"http:\/\/buscatextual.cnpq.br\/buscatextual\/visualizacv.do?metodo=apresentar&amp;id=K4784521A5\">Arandi Ginane Bezera Jr.\u00a0\u00a0\u00a0\u00a0\u00a0\u00a0\u00a0\u00a0<\/a><a href=\"http:\/\/buscatextual.cnpq.br\/buscatextual\/visualizacv.do?id=K4782892U3\" target=\"_blank\" rel=\"noopener noreferrer\">Jorge Alberto Lenz <\/a>\u00a0 \u00a0 \u00a0 \u00a0 \u00a0 \u00a0<a href=\"http:\/\/lattes.cnpq.br\/7738279782371416\">Rafael Eleodoro de G\u00f3es<\/a><\/p>\n<p><a href=\"http:\/\/buscatextual.cnpq.br\/buscatextual\/visualizacv.do?id=K4793687E3&amp;tokenCaptchar=03AGdBq26P8lwwAaEIYOt2Zjto9WKzF8wFIH6rNMhLiuWGme16eUwJMTPhsooOnnDMd50-oojovm3JIQVASffxVhIuAX0mH54u4Grssfg5E5F5QF0N_7Eml5MOsDM7vftgVW2c7Xg8dXYbETStu0rluhof-XlOGxC7d9ilKJpJ2jWWs3568Laf7iuVTS2IpZXhnVzVSdN6smGbXZuPap1FwMJk5V9q9tgdIGuV64Tb6lnmP0I1pSWjB0pfU8kd5-9gfkZK5fDkBLckeE-KaX9f_w73Nme4y1Ew_9IvkkVLO3LMRg17UR2G8ViMT3zwiGA1_2jj9R9V9sod3HyGCZppnnNyFOUEEJhMrZWlnJC96hmssi-e4ONkUmDfT3NEFUP1ayOPc026pX8YEieEdt3eTyrOXmWRnlufQg\">Wido Herwig Schreiner<\/a><\/p>\n<p><a href=\"http:\/\/lattes.cnpq.br\/7533234213353994\">Thiago Neves Machado<\/a> (mestrando no Programa de P\u00f3s-Gradua\u00e7\u00e3o em F\u00edsica e Astronomia &#8211; PPGFA)<\/p>\n<p><a href=\"http:\/\/lattes.cnpq.br\/6366359013207322\">Juliana Thaler<\/a> (mestre no Programa de P\u00f3s-Gradua\u00e7\u00e3o em F\u00edsica e Astronomia e doutoranda no\u00a0 Programa de P\u00f3s Gradua\u00e7\u00e3o em Engenharia de Bioprocessos e Biotecnologia da UFPR &#8211; PPGEBB )<\/p>\n<p><a href=\"http:\/\/lattes.cnpq.br\/0389689940726269\">Lucas Freitas Feitosa<\/a> (Bolsista IC)<\/p>\n<p><a href=\"http:\/\/lattes.cnpq.br\/6209300311556885\">Tiago Cacelli Marciniak<\/a> (Bolsista IC)<\/p>\n<p><a href=\"http:\/\/lattes.cnpq.br\/3489382697571600\">Andri Vargas Lenz<\/a> (Bolsista IC Ensino m\u00e9dio)<\/p>\n<p><a href=\"http:\/\/lattes.cnpq.br\/6390753305810448\">Matheus Silveira Costantino<\/a> (estagi\u00e1rio)<\/p>\n<p><a href=\"http:\/\/buscatextual.cnpq.br\/buscatextual\/visualizacv.do?id=K8038408U2&amp;tokenCaptchar=03AGdBq25u6kARmZlM4FBjR5crXa2XCqqxxIUizKXuQ1pbla62I7_3Ik-1iJYozeCCXzgGhyWsJqQz66t4i4PmWQ9n_TxjzkwxcdIs61-CSF1gLT51SlH7cIPtrr0B1pS8qggdE5zcilo3fCSYNj9rGpazEqz4q9bxVP0FQ1DkbaY1jZ15gjWL5sQfojJpdlNnW8vJ-eyJ7I9TMydHDcArFnTmfIskQMXB3z70ySBT-iTFoxjWfFSoTiOCcbmC9OtuGozjNvVolaCsllv25ayUAxO0JGvxD3fkQx4Tnh6aMJtQX--VhSv_ojDgkrmFDwxREnVdvoKmxpGzl5iqJoOmoipb2QelyKFEi1tAaQfYhKNLw0gSv67KwdZf-12V9L5Vw8RuzmFrDNNo_Tyqb6xf9IKtmyS61L0KbQ\">Raquel de Oliveira dos Santos (mestranda no Programa de P\u00f3s-Gradua\u00e7\u00e3o em F\u00edsica e Astronomia &#8211; PPGFA)<\/a><\/p>\n<p><a href=\"http:\/\/lattes.cnpq.br\/9138058314792703\">Rafael Battistela Nadas<\/a> (mestre pelo Programa de P\u00f3s-Gradua\u00e7\u00e3o em F\u00edsica e Astronomia &#8211; PPGFA e doutorando pela UFMG)<\/p>\n<figure id=\"attachment_557\" aria-describedby=\"caption-attachment-557\" style=\"width: 503px\" class=\"wp-caption alignright\"><a href=\"http:\/\/utfpr-ct-static-content.s3.amazonaws.com\/utfpr.curitiba.br\/wp-content\/uploads\/sites\/78\/integrantes.png\"><img fetchpriority=\"high\" decoding=\"async\" class=\"wp-image-557 size-full\" src=\"http:\/\/utfpr-ct-static-content.s3.amazonaws.com\/utfpr.curitiba.br\/wp-content\/uploads\/sites\/78\/integrantes.png\" alt=\"\" width=\"503\" height=\"295\" srcset=\"https:\/\/utfpr-ct-static-content.s3.amazonaws.com\/utfpr.curitiba.br\/wp-content\/uploads\/sites\/78\/integrantes.png 503w, https:\/\/utfpr-ct-static-content.s3.amazonaws.com\/utfpr.curitiba.br\/wp-content\/uploads\/sites\/78\/integrantes-300x176.png 300w\" sizes=\"(max-width: 503px) 100vw, 503px\" \/><\/a><figcaption id=\"caption-attachment-557\" class=\"wp-caption-text\">Colaboradores do projeto de implanta\u00e7\u00e3o do Laborat\u00e1orio<\/figcaption><\/figure>\n<p><a href=\"http:\/\/utfpr-ct-static-content.s3.amazonaws.com\/utfpr.curitiba.br\/wp-content\/uploads\/sites\/78\/integrantes2.png\"><img decoding=\"async\" class=\"alignright wp-image-558 size-full\" src=\"http:\/\/utfpr-ct-static-content.s3.amazonaws.com\/utfpr.curitiba.br\/wp-content\/uploads\/sites\/78\/integrantes2.png\" alt=\"\" width=\"546\" height=\"376\" srcset=\"https:\/\/utfpr-ct-static-content.s3.amazonaws.com\/utfpr.curitiba.br\/wp-content\/uploads\/sites\/78\/integrantes2.png 546w, https:\/\/utfpr-ct-static-content.s3.amazonaws.com\/utfpr.curitiba.br\/wp-content\/uploads\/sites\/78\/integrantes2-300x207.png 300w\" sizes=\"(max-width: 546px) 100vw, 546px\" \/><\/a><\/p>\n","protected":false},"excerpt":{"rendered":"<p>Arandi Ginane Bezera Jr.\u00a0\u00a0\u00a0\u00a0\u00a0\u00a0\u00a0\u00a0Jorge Alberto Lenz \u00a0 \u00a0 \u00a0 \u00a0 \u00a0 \u00a0Rafael Eleodoro de G\u00f3es Wido Herwig Schreiner Thiago Neves Machado (mestrando no Programa de P\u00f3s-Gradua\u00e7\u00e3o em F\u00edsica e Astronomia &#8211; PPGFA) Juliana Thaler (mestre no Programa de P\u00f3s-Gradua\u00e7\u00e3o em F\u00edsica e Astronomia e doutoranda no\u00a0 Programa de P\u00f3s Gradua\u00e7\u00e3o em Engenharia de Bioprocessos e [&hellip;]<\/p>\n","protected":false},"author":111,"featured_media":0,"comment_status":"closed","ping_status":"open","sticky":false,"template":"","format":"standard","meta":{"footnotes":""},"categories":[1],"tags":[],"class_list":["post-215","post","type-post","status-publish","format-standard","hentry","category-sem-categoria"],"_links":{"self":[{"href":"https:\/\/utfpr.curitiba.br\/fotonanobio\/index.php?rest_route=\/wp\/v2\/posts\/215","targetHints":{"allow":["GET"]}}],"collection":[{"href":"https:\/\/utfpr.curitiba.br\/fotonanobio\/index.php?rest_route=\/wp\/v2\/posts"}],"about":[{"href":"https:\/\/utfpr.curitiba.br\/fotonanobio\/index.php?rest_route=\/wp\/v2\/types\/post"}],"author":[{"embeddable":true,"href":"https:\/\/utfpr.curitiba.br\/fotonanobio\/index.php?rest_route=\/wp\/v2\/users\/111"}],"replies":[{"embeddable":true,"href":"https:\/\/utfpr.curitiba.br\/fotonanobio\/index.php?rest_route=%2Fwp%2Fv2%2Fcomments&post=215"}],"version-history":[{"count":24,"href":"https:\/\/utfpr.curitiba.br\/fotonanobio\/index.php?rest_route=\/wp\/v2\/posts\/215\/revisions"}],"predecessor-version":[{"id":813,"href":"https:\/\/utfpr.curitiba.br\/fotonanobio\/index.php?rest_route=\/wp\/v2\/posts\/215\/revisions\/813"}],"wp:attachment":[{"href":"https:\/\/utfpr.curitiba.br\/fotonanobio\/index.php?rest_route=%2Fwp%2Fv2%2Fmedia&parent=215"}],"wp:term":[{"taxonomy":"category","embeddable":true,"href":"https:\/\/utfpr.curitiba.br\/fotonanobio\/index.php?rest_route=%2Fwp%2Fv2%2Fcategories&post=215"},{"taxonomy":"post_tag","embeddable":true,"href":"https:\/\/utfpr.curitiba.br\/fotonanobio\/index.php?rest_route=%2Fwp%2Fv2%2Ftags&post=215"}],"curies":[{"name":"wp","href":"https:\/\/api.w.org\/{rel}","templated":true}]}}