{"id":103,"date":"2015-07-16T18:20:04","date_gmt":"2015-07-16T18:20:04","guid":{"rendered":"http:\/\/emilias.dainf.ct.utfpr.edu.br\/?p=103"},"modified":"2023-02-26T21:40:55","modified_gmt":"2023-02-27T00:40:55","slug":"fmd2015","status":"publish","type":"post","link":"https:\/\/utfpr.curitiba.br\/emilias\/fmd2015\/","title":{"rendered":"Em\u00edli@s no F\u00f3rum Meninas Digitais 2015"},"content":{"rendered":"<p>As professoras Mari\u00e2ngela, N\u00e1dia e S\u00edlvia Am\u00e9lia estiveram nos dias 21 e 22 de julho de 2015 em Recife-PE apresentando os objetivos e resultados do projeto Em\u00edli@s &#8211; Arma\u00e7\u00e3o em Bits no&nbsp;F\u00f3rum Meninas Digitais que faz parte da programa\u00e7\u00e3o do 9\u00ba WIT &#8211; <em>Women in Information Technology<\/em>&nbsp; evento do XXXV Congresso da Sociedade Brasileira de Computa\u00e7\u00e3o (<a href=\"http:\/\/csbc2015.cin.ufpe.br\/eventos_descricao\/9\" target=\"_blank\" rel=\"noopener\">site do evento<\/a>).<\/p>\n<figure id=\"attachment_114\" aria-describedby=\"caption-attachment-114\" style=\"width: 300px\" class=\"wp-caption aligncenter\"><a href=\"http:\/\/utfpr-ct-static-content.s3.amazonaws.com\/utfpr.curitiba.br\/wp-content\/uploads\/sites\/72\/2015\/07\/CSBC2015.jpg\"><img fetchpriority=\"high\" decoding=\"async\" class=\"size-medium wp-image-114\" src=\"http:\/\/utfpr-ct-static-content.s3.amazonaws.com\/utfpr.curitiba.br\/wp-content\/uploads\/sites\/72\/2015\/07\/CSBC2015-300x225.jpg\" alt=\"S\u00edlvia Am\u00e9lia, Mari\u00e2ngela e N\u00e1dia (da esquerda para a direita) apresentando o p\u00f4ster do projeto Em\u00edli@s\" width=\"300\" height=\"225\" srcset=\"https:\/\/utfpr-ct-static-content.s3.amazonaws.com\/utfpr.curitiba.br\/wp-content\/uploads\/sites\/72\/2015\/07\/CSBC2015-300x225.jpg 300w, https:\/\/utfpr-ct-static-content.s3.amazonaws.com\/utfpr.curitiba.br\/wp-content\/uploads\/sites\/72\/2015\/07\/CSBC2015-1024x768.jpg 1024w\" sizes=\"(max-width: 300px) 100vw, 300px\" \/><\/a><figcaption id=\"caption-attachment-114\" class=\"wp-caption-text\">S\u00edlvia Am\u00e9lia, Mari\u00e2ngela e N\u00e1dia (da esquerda para a direita) apresentando o p\u00f4ster do projeto Em\u00edli@s<\/figcaption><\/figure>\n","protected":false},"excerpt":{"rendered":"<p>As professoras Mari\u00e2ngela, N\u00e1dia e S\u00edlvia Am\u00e9lia estiveram nos dias 21 e 22 de julho de 2015 em Recife-PE apresentando os objetivos e resultados do projeto Em\u00edli@s &#8211; Arma\u00e7\u00e3o em Bits no&nbsp;F\u00f3rum Meninas Digitais que faz parte da programa\u00e7\u00e3o do 9\u00ba WIT &#8211; Women in Information Technology&nbsp; evento do XXXV Congresso da Sociedade Brasileira de [&hellip;]<\/p>\n","protected":false},"author":7,"featured_media":1750,"comment_status":"closed","ping_status":"open","sticky":false,"template":"","format":"standard","meta":{"site-sidebar-layout":"default","site-content-layout":"","ast-site-content-layout":"default","site-content-style":"default","site-sidebar-style":"default","ast-global-header-display":"","ast-banner-title-visibility":"","ast-main-header-display":"","ast-hfb-above-header-display":"","ast-hfb-below-header-display":"","ast-hfb-mobile-header-display":"","site-post-title":"","ast-breadcrumbs-content":"","ast-featured-img":"","footer-sml-layout":"","ast-disable-related-posts":"","theme-transparent-header-meta":"","adv-header-id-meta":"","stick-header-meta":"","header-above-stick-meta":"","header-main-stick-meta":"","header-below-stick-meta":"","astra-migrate-meta-layouts":"default","ast-page-background-enabled":"default","ast-page-background-meta":{"desktop":{"background-color":"var(--ast-global-color-4)","background-image":"","background-repeat":"repeat","background-position":"center center","background-size":"auto","background-attachment":"scroll","background-type":"","background-media":"","overlay-type":"","overlay-color":"","overlay-opacity":"","overlay-gradient":""},"tablet":{"background-color":"","background-image":"","background-repeat":"repeat","background-position":"center center","background-size":"auto","background-attachment":"scroll","background-type":"","background-media":"","overlay-type":"","overlay-color":"","overlay-opacity":"","overlay-gradient":""},"mobile":{"background-color":"","background-image":"","background-repeat":"repeat","background-position":"center center","background-size":"auto","background-attachment":"scroll","background-type":"","background-media":"","overlay-type":"","overlay-color":"","overlay-opacity":"","overlay-gradient":""}},"ast-content-background-meta":{"desktop":{"background-color":"var(--ast-global-color-5)","background-image":"","background-repeat":"repeat","background-position":"center center","background-size":"auto","background-attachment":"scroll","background-type":"","background-media":"","overlay-type":"","overlay-color":"","overlay-opacity":"","overlay-gradient":""},"tablet":{"background-color":"var(--ast-global-color-5)","background-image":"","background-repeat":"repeat","background-position":"center center","background-size":"auto","background-attachment":"scroll","background-type":"","background-media":"","overlay-type":"","overlay-color":"","overlay-opacity":"","overlay-gradient":""},"mobile":{"background-color":"var(--ast-global-color-5)","background-image":"","background-repeat":"repeat","background-position":"center center","background-size":"auto","background-attachment":"scroll","background-type":"","background-media":"","overlay-type":"","overlay-color":"","overlay-opacity":"","overlay-gradient":""}},"footnotes":""},"categories":[23],"tags":[],"class_list":["post-103","post","type-post","status-publish","format-standard","has-post-thumbnail","hentry","category-blog"],"_links":{"self":[{"href":"https:\/\/utfpr.curitiba.br\/emilias\/wp-json\/wp\/v2\/posts\/103","targetHints":{"allow":["GET"]}}],"collection":[{"href":"https:\/\/utfpr.curitiba.br\/emilias\/wp-json\/wp\/v2\/posts"}],"about":[{"href":"https:\/\/utfpr.curitiba.br\/emilias\/wp-json\/wp\/v2\/types\/post"}],"author":[{"embeddable":true,"href":"https:\/\/utfpr.curitiba.br\/emilias\/wp-json\/wp\/v2\/users\/7"}],"replies":[{"embeddable":true,"href":"https:\/\/utfpr.curitiba.br\/emilias\/wp-json\/wp\/v2\/comments?post=103"}],"version-history":[{"count":8,"href":"https:\/\/utfpr.curitiba.br\/emilias\/wp-json\/wp\/v2\/posts\/103\/revisions"}],"predecessor-version":[{"id":1751,"href":"https:\/\/utfpr.curitiba.br\/emilias\/wp-json\/wp\/v2\/posts\/103\/revisions\/1751"}],"wp:featuredmedia":[{"embeddable":true,"href":"https:\/\/utfpr.curitiba.br\/emilias\/wp-json\/wp\/v2\/media\/1750"}],"wp:attachment":[{"href":"https:\/\/utfpr.curitiba.br\/emilias\/wp-json\/wp\/v2\/media?parent=103"}],"wp:term":[{"taxonomy":"category","embeddable":true,"href":"https:\/\/utfpr.curitiba.br\/emilias\/wp-json\/wp\/v2\/categories?post=103"},{"taxonomy":"post_tag","embeddable":true,"href":"https:\/\/utfpr.curitiba.br\/emilias\/wp-json\/wp\/v2\/tags?post=103"}],"curies":[{"name":"wp","href":"https:\/\/api.w.org\/{rel}","templated":true}]}}