{"id":5897,"date":"2025-10-29T12:34:33","date_gmt":"2025-10-29T15:34:33","guid":{"rendered":"https:\/\/utfpr.curitiba.br\/daqbi\/?p=5897"},"modified":"2025-10-29T12:34:37","modified_gmt":"2025-10-29T15:34:37","slug":"maior-edicao-do-sei-sicite-reune-mais-de-36-mil-participantes","status":"publish","type":"post","link":"https:\/\/utfpr.curitiba.br\/daqbi\/maior-edicao-do-sei-sicite-reune-mais-de-36-mil-participantes\/","title":{"rendered":"Maior edi\u00e7\u00e3o do\u00a0SEI-Sicite re\u00fane mais de 3,6 mil participantes"},"content":{"rendered":"\n<p>A Universidade Tecnol\u00f3gica Federal do Paran\u00e1 (UTFPR) realizou os&nbsp;<a>semin\u00e1rios de Extens\u00e3o e Inova\u00e7\u00e3o (SEI) e de Inicia\u00e7\u00e3o Cient\u00edfica e Tecnol\u00f3gica (Sicite) na \u00faltima semana, entre os dias 20 e 24 de outubro.&nbsp;<\/a>Neste ano, o maior evento institucional da UTFPR contou com 3.647 participantes inscritos dos 13 campi, tornando-se a maior edi\u00e7\u00e3o j\u00e1 realizada.<\/p>\n\n\n\n<p>A programa\u00e7\u00e3o incluiu palestras plen\u00e1rias, exposi\u00e7\u00f5es e visitas t\u00e9cnicas, tur\u00edsticas e culturais, oficinas e minicursos, al\u00e9m de atividades integradas com a Semana da Sustentabilidade do Campus&nbsp;Curitiba&nbsp;.<\/p>\n\n\n\n<p>Na abertura, a Institui\u00e7\u00e3o recebeu duas homenagens, em refer\u00eancia ao anivers\u00e1rio de 20 anos de sua transforma\u00e7\u00e3o em UTFPR: uma da C\u00e2mara Municipal de&nbsp;&nbsp;Curitiba&nbsp;e outra da Assembleia Legislativa do Paran\u00e1. \u201cEstamos comemorando os 20 anos de hist\u00f3ria das conquistas da nossa Universidade Tecnol\u00f3gica. Este evento \u00e9 uma mostra clara e viva dessa evolu\u00e7\u00e3o, aqui no Campus&nbsp;Curitiba&nbsp;, onde tudo come\u00e7ou\u201d, afirmou o reitor da UTFPR Everton Lozano.<\/p>\n\n\n\n<p>No dia 22, foi realizada a cerim\u00f4nia da entrega do&nbsp;<a href=\"https:\/\/www.utfpr.edu.br\/noticias\/geral\/tamo-junto\/tres-estudantes-recebem-o-grande-premio-utfpr-de-teses-e-dissertacoes\">Grande Pr\u00eamio de Teses e Disserta\u00e7\u00f5es da UTFPR<\/a>, para tr\u00eas dos nove finalistas. Na mesma solenidade, tamb\u00e9m foram homenageados os&nbsp;<a href=\"https:\/\/www.utfpr.edu.br\/noticias\/geral\/servidores\/pesquisadores-e-extensionistas-da-utfpr-sao-homenageados-no-sei-sicite\">pesquisadores e os extensionistas de destaque<\/a>.<\/p>\n\n\n\n<p>O&nbsp;SEI-Sicite \u00e9 realizado anualmente pelas pr\u00f3-reitorias de Rela\u00e7\u00f5es Empresariais e Comunit\u00e1rias e de Pesquisa e P\u00f3s-Gradua\u00e7\u00e3o, com organiza\u00e7\u00e3o local das diretorias de Rela\u00e7\u00f5es Empresariais e Comunit\u00e1rias e de Pesquisa e P\u00f3s-Gradua\u00e7\u00e3o. A pr\u00f3xima edi\u00e7\u00e3o, em 2026, ser\u00e1 realizada no Campus&nbsp;Corn\u00e9lio Proc\u00f3pio&nbsp;.<\/p>\n\n\n\n<h3 class=\"wp-block-heading\" id=\"trabalhos-sei-sicite\"><a href=\"https:\/\/www.utfpr.edu.br\/noticias\/geral\/maior-edicao-do-sei-sicite-reune-mais-de-3-6-mil-participantes#trabalhos-sei-sicite\"><\/a>Trabalhos&nbsp;SEI-Sicite<\/h3>\n\n\n\n<p>Entre os dias 20 e 23 de outubro, foram apresentados 1.447 trabalhos. Os melhores foram premiados na solenidade de encerramento no audit\u00f3rio do Campus&nbsp;Curitiba&nbsp;no dia 24 do mesmo m\u00eas. A classifica\u00e7\u00e3o foi feita de acordo com as notas das avalia\u00e7\u00f5es atribu\u00eddas ao resumo e \u00e0 apresenta\u00e7\u00e3o, em formato remoto ou presencial.<\/p>\n\n\n\n<p>No&nbsp;SEI&nbsp;, entre os autores dos 468 resumos, 11 estudantes receberam o trof\u00e9u e outros nove receberam men\u00e7\u00e3o honrosa, em 10 \u00e1reas do conhecimento.<\/p>\n\n\n\n<p>J\u00e1 no Sicite, 30 alunos ganharam trof\u00e9us, entre os 979 concorrentes. Tamb\u00e9m foram concedidas 25 men\u00e7\u00f5es honrosas para os que ficaram com o 2\u00ba lugar em sess\u00f5es maiores e os melhores trabalhos nas sess\u00f5es menores. Al\u00e9m disso, nove estudantes foram considerados \u201cdestaques CNPq\u201d, por apresentarem os melhores trabalhos como bolsistas nas tr\u00eas grandes \u00e1reas Ci\u00eancias da Vida, Humanidades e Exatas.<\/p>\n\n\n\n<p>Confira os vencedores a seguir.<\/p>\n\n\n\n<p><strong>Premiados no&nbsp;SEI<br><\/strong>&#8211; Comunica\u00e7\u00e3o &#8211; Matheus Duarte Gouveia de Souza<br>&#8211; Cultura &#8211; Matheus Barusso<br>&#8211; Direitos Humanos &#8211; Gabriel Santos Afini da Silva<br>&#8211; Educa\u00e7\u00e3o &#8211; Mateus Batichotti Silva e Sabrina Cavalcante de Queiroz<br>&#8211; Inova\u00e7\u00e3o &#8211; Hiago Galindo de Almeida<br>&#8211; Meio Ambiente &#8211; &nbsp;Emily de Souza Silva Prado<br>&#8211; Sa\u00fade &#8211; Iara Machado Menezes<br>&#8211; Tecnologia e Produ\u00e7\u00e3o &#8211; Alice Gomes da Silva<br>&#8211; Trabalho &#8211; Daniel Rissardi Polasso<br>&#8211; Equipes de Competi\u00e7\u00e3o &#8211; Ruan Mateus Trizotti<\/p>\n\n\n\n<p><strong>Men\u00e7\u00e3o honrosa no&nbsp;SEI<\/strong><br>&#8211; Educa\u00e7\u00e3o &#8211; Lucas Rosskamp Larsen, Ezequiel Vinicius De Andrade Machado, Beatriz Milanezi Lopes e Guilherme Pandolfi<br>&#8211; Inova\u00e7\u00e3o &#8211; Jo\u00e3o Pedro dos Reis Mendes<br>&#8211; Meio Ambiente &#8211; Karen Eduarda Ribeiro Perius<br>&#8211; Tecnologia e Produ\u00e7\u00e3o &#8211; Gustavo Arcoverde de Morais e Daniele Orella Costa<br>&#8211; Equipes de Competi\u00e7\u00e3o &#8211; Bruno Augusto Nascimento de Agostinho<\/p>\n\n\n\n<p><strong>Premiados e Destaques no CNPq no Sicite<\/strong><br>&#8211; Administra\u00e7\u00e3o e Economia &#8211; Giovana Rodrigues Santana<br>&#8211; Lingu\u00edstica\/Letras\/Artes &#8211; Ta\u00eds Theisen<\/p>\n\n\n\n<p><strong>Premiados no Sicite<br><\/strong>&#8211; Agronomia &#8211; Juliana Nunes de Jesus<br>&#8211; Biotecnologia &#8211; Luana Yukari Arai Scharff<br>&#8211; Ci\u00eancia da Computa\u00e7\u00e3o &#8211; Ot\u00e1vio Lu\u00eds Hruba<br>&#8211; Ci\u00eancia e Tecnologia de Alimentos &#8211; Maycon Jonathan Brandt Gross<br>&#8211; Ci\u00eancias Agr\u00e1rias &#8211; Ebelyn Laut\u00e9rio Ferreira<br>&#8211; Ci\u00eancias Ambientais &#8211; Cassiano Aparecido de Souza<br>&#8211; Ci\u00eancias Biol\u00f3gicas &#8211; Karla Cassiani Antunes Varela<br>&#8211; Educa\u00e7\u00e3o e Ensino &#8211; Aurora Schiavon<br>&#8211; Engenharia de Produ\u00e7\u00e3o &#8211; Kleberson Jean Ribeiro<br>&#8211; Engenharia Ambiental &#8211; Cassiano Aparecido de Souza<br>&#8211; Engenharia Biom\u00e9dica &#8211; Isabela Mary Sasaki e Silva<br>&#8211; Engenharia Civil &#8211; Nathan Andrade Ignacio<br>&#8211; Engenharia de Computa\u00e7\u00e3o\/Software &#8211; Matheus Bonfim da Rocha e Gustavo Henrique Bruno Dos Santos<br>&#8211; Engenharia El\u00e9trica &#8211; Diogo Silverio Agustini e Vitor Antonio Palma de Mattos<br>&#8211; Engenharia Eletr\u00f4nica &#8211; Lucas Erlo Dambros<br>&#8211; Engenharia de Materiais &#8211; Cecillia Crummenauer Tanner<br>&#8211; Engenharia Mec\u00e2nica &#8211; Matheus Alexandre De Lara Belo e Pedro Otavio Winyk<br>&#8211; Engenharia Sanit\u00e1ria &#8211; Isabela Rita Dos Santos Rossi<br>&#8211; Engenharia Qu\u00edmica &#8211; Vinicius Augusto Barbuio Biloria e Emanuel Vinicius Crisostomo De Souza<br>&#8211; F\u00edsica e Astronomia &#8211; Gabriela Mariano da Silva<br>&#8211; Geoci\u00eancias &#8211; Eduarda Schmitt de Souza<br>&#8211; Interdisciplinar &#8211; Rafael Azevedo da Silva<br>&#8211; Matem\u00e1tica\/Estat\u00edstica\/Probabilidade &#8211; Gustavo Freitas Magalhaes<br>&#8211; Qu\u00edmica &#8211; Izadora Luiza Maggi Zort\u00e9a e Gabriel dos Santos Pereira<\/p>\n\n\n\n<p><strong>Destaque CNPq no Sicite<br><\/strong>&#8211; Agronomia &#8211; Gabrielly Mosoli de Oliveira<br>&#8211; Arquitetura e Urbanismo &#8211; Giuliano Nepomuceno Brizolla<br>&#8211; Biotecnologia &#8211; Lucas Loff Lunkes<br>&#8211; Ci\u00eancia da Computa\u00e7\u00e3o &#8211; Isabela Yasmim Osowski<br>&#8211; Engenharia Biom\u00e9dica &#8211; Henrique Inacio<br>&#8211; Engenharia El\u00e9trica &#8211; Gabriela Esteves Barbosa<br>&#8211; Qu\u00edmica &#8211; Talita Rasador Valesan<\/p>\n\n\n\n<p><strong>Men\u00e7\u00e3o Honrosa no Sicite<br><\/strong>&#8211; Biotecnologia &#8211; Carlos Vin\u00edcius de Carvalho Matos<br>&#8211; Ci\u00eancia e Tecnologia de Alimentos &#8211; Kaique Vieira Militao Custodio<br>&#8211; Ci\u00eancias Ambientais &#8211; Esther Soares Assun\u00e7\u00e3o<br>&#8211; Ci\u00eancias Humanas &#8211; T\u00e1ssia Castelli<br>&#8211; Ci\u00eancias Sociais &#8211; Renato Matheus Scarabelot Corte<br>&#8211; Comunica\u00e7\u00e3o &#8211; S\u00e2mela Aldrea Leite De Oliveira<br>&#8211; Desenho &#8211; Natalia Santa Cruz Figueiredo<br>&#8211; Engenharia de Produ\u00e7\u00e3o &#8211; Ana Beatriz Silveira Valencio<br>&#8211; Engenharia Ambiental &#8211; Isabela Nunes Francisco<br>&#8211; Engenharia de Computa\u00e7\u00e3o\/Software &#8211; Davi Regonatti Rodrigues<br>&#8211; Engenharia El\u00e9trica &#8211; Henrique Facin<br>&#8211; Engenharia Florestal &#8211; Kamily Vitoria de Barros S\u00e9<br>&#8211; Engenharia Mec\u00e2nica &#8211; Matheus Guaita Rodrigues<br>&#8211; Engenharia Nuclear &#8211; Christian Luiz Loos De Oliveira<br>&#8211; F\u00edsica e Astronomia &#8211; Maria Fernanda De Bastiani<br>&#8211; Qu\u00edmica &#8211; Andr\u00e9 Luis Sassaki de Oliveira<br>&#8211; Zoologia &#8211; Gabriel Gon\u00e7alves<br>&#8211; Zootecnia &#8211; Lucas Rocha de Moraes<br>&#8211; Radiologia &#8211; Ester Borges Rodrigues<br>&#8211; Sa\u00fade &#8211; Vit\u00f3ria Augusta Sarges Teixeira<\/p>\n","protected":false},"excerpt":{"rendered":"<p>Estudantes receberam trof\u00e9us em reconhecimento pelos melhores trabalhos<\/p>\n","protected":false},"author":413,"featured_media":5898,"comment_status":"closed","ping_status":"open","sticky":false,"template":"","format":"standard","meta":{"site-sidebar-layout":"default","site-content-layout":"","ast-site-content-layout":"default","site-content-style":"default","site-sidebar-style":"default","ast-global-header-display":"","ast-banner-title-visibility":"","ast-main-header-display":"","ast-hfb-above-header-display":"","ast-hfb-below-header-display":"","ast-hfb-mobile-header-display":"","site-post-title":"","ast-breadcrumbs-content":"","ast-featured-img":"","footer-sml-layout":"","ast-disable-related-posts":"","theme-transparent-header-meta":"","adv-header-id-meta":"","stick-header-meta":"","header-above-stick-meta":"","header-main-stick-meta":"","header-below-stick-meta":"","astra-migrate-meta-layouts":"set","ast-page-background-enabled":"default","ast-page-background-meta":{"desktop":{"background-color":"var(--ast-global-color-4)","background-image":"","background-repeat":"repeat","background-position":"center center","background-size":"auto","background-attachment":"scroll","background-type":"","background-media":"","overlay-type":"","overlay-color":"","overlay-opacity":"","overlay-gradient":""},"tablet":{"background-color":"","background-image":"","background-repeat":"repeat","background-position":"center center","background-size":"auto","background-attachment":"scroll","background-type":"","background-media":"","overlay-type":"","overlay-color":"","overlay-opacity":"","overlay-gradient":""},"mobile":{"background-color":"","background-image":"","background-repeat":"repeat","background-position":"center center","background-size":"auto","background-attachment":"scroll","background-type":"","background-media":"","overlay-type":"","overlay-color":"","overlay-opacity":"","overlay-gradient":""}},"ast-content-background-meta":{"desktop":{"background-color":"var(--ast-global-color-5)","background-image":"","background-repeat":"repeat","background-position":"center center","background-size":"auto","background-attachment":"scroll","background-type":"","background-media":"","overlay-type":"","overlay-color":"","overlay-opacity":"","overlay-gradient":""},"tablet":{"background-color":"var(--ast-global-color-5)","background-image":"","background-repeat":"repeat","background-position":"center center","background-size":"auto","background-attachment":"scroll","background-type":"","background-media":"","overlay-type":"","overlay-color":"","overlay-opacity":"","overlay-gradient":""},"mobile":{"background-color":"var(--ast-global-color-5)","background-image":"","background-repeat":"repeat","background-position":"center center","background-size":"auto","background-attachment":"scroll","background-type":"","background-media":"","overlay-type":"","overlay-color":"","overlay-opacity":"","overlay-gradient":""}},"footnotes":""},"categories":[27],"tags":[],"class_list":["post-5897","post","type-post","status-publish","format-standard","has-post-thumbnail","hentry","category-noticias-da-utfpr"],"yoast_head":"<!-- This site is optimized with the Yoast SEO plugin v27.4 - https:\/\/yoast.com\/product\/yoast-seo-wordpress\/ -->\n<title>Maior edi\u00e7\u00e3o do\u00a0SEI-Sicite re\u00fane mais de 3,6 mil participantes - DAQBi<\/title>\n<meta name=\"robots\" content=\"index, follow, max-snippet:-1, max-image-preview:large, max-video-preview:-1\" \/>\n<link rel=\"canonical\" href=\"https:\/\/utfpr.curitiba.br\/daqbi\/maior-edicao-do-sei-sicite-reune-mais-de-36-mil-participantes\/\" \/>\n<meta property=\"og:locale\" content=\"pt_BR\" \/>\n<meta property=\"og:type\" content=\"article\" \/>\n<meta property=\"og:title\" content=\"Maior edi\u00e7\u00e3o do\u00a0SEI-Sicite re\u00fane mais de 3,6 mil participantes - DAQBi\" \/>\n<meta property=\"og:description\" content=\"Estudantes receberam trof\u00e9us em reconhecimento pelos melhores trabalhos\" \/>\n<meta property=\"og:url\" content=\"https:\/\/utfpr.curitiba.br\/daqbi\/maior-edicao-do-sei-sicite-reune-mais-de-36-mil-participantes\/\" \/>\n<meta property=\"og:site_name\" content=\"DAQBi\" \/>\n<meta property=\"article:published_time\" content=\"2025-10-29T15:34:33+00:00\" \/>\n<meta property=\"article:modified_time\" content=\"2025-10-29T15:34:37+00:00\" \/>\n<meta property=\"og:image\" content=\"https:\/\/utfpr-ct-static-content.s3.amazonaws.com\/utfpr.curitiba.br\/wp-content\/uploads\/sites\/149\/2025\/10\/image-1200-2da55b9534bf04f80f16888174c79dd5.png\" \/>\n\t<meta property=\"og:image:width\" content=\"768\" \/>\n\t<meta property=\"og:image:height\" content=\"508\" \/>\n\t<meta property=\"og:image:type\" content=\"image\/png\" \/>\n<meta name=\"author\" content=\"LUIZ EDUARDO DE OLIVEIRA DA ROCHA\" \/>\n<meta name=\"twitter:card\" content=\"summary_large_image\" \/>\n<meta name=\"twitter:label1\" content=\"Written by\" \/>\n\t<meta name=\"twitter:data1\" content=\"LUIZ EDUARDO DE OLIVEIRA DA ROCHA\" \/>\n\t<meta name=\"twitter:label2\" content=\"Est. reading time\" \/>\n\t<meta name=\"twitter:data2\" content=\"5 minutos\" \/>\n<script type=\"application\/ld+json\" class=\"yoast-schema-graph\">{\"@context\":\"https:\\\/\\\/schema.org\",\"@graph\":[{\"@type\":\"Article\",\"@id\":\"https:\\\/\\\/utfpr.curitiba.br\\\/daqbi\\\/maior-edicao-do-sei-sicite-reune-mais-de-36-mil-participantes\\\/#article\",\"isPartOf\":{\"@id\":\"https:\\\/\\\/utfpr.curitiba.br\\\/daqbi\\\/maior-edicao-do-sei-sicite-reune-mais-de-36-mil-participantes\\\/\"},\"author\":{\"name\":\"LUIZ EDUARDO DE OLIVEIRA DA ROCHA\",\"@id\":\"https:\\\/\\\/utfpr.curitiba.br\\\/daqbi\\\/#\\\/schema\\\/person\\\/11d05fbf0ae1da84e9856c6a850e4aaf\"},\"headline\":\"Maior edi\u00e7\u00e3o do\u00a0SEI-Sicite re\u00fane mais de 3,6 mil participantes\",\"datePublished\":\"2025-10-29T15:34:33+00:00\",\"dateModified\":\"2025-10-29T15:34:37+00:00\",\"mainEntityOfPage\":{\"@id\":\"https:\\\/\\\/utfpr.curitiba.br\\\/daqbi\\\/maior-edicao-do-sei-sicite-reune-mais-de-36-mil-participantes\\\/\"},\"wordCount\":1040,\"publisher\":{\"@id\":\"https:\\\/\\\/utfpr.curitiba.br\\\/daqbi\\\/#organization\"},\"image\":{\"@id\":\"https:\\\/\\\/utfpr.curitiba.br\\\/daqbi\\\/maior-edicao-do-sei-sicite-reune-mais-de-36-mil-participantes\\\/#primaryimage\"},\"thumbnailUrl\":\"https:\\\/\\\/utfpr-ct-static-content.s3.amazonaws.com\\\/utfpr.curitiba.br\\\/wp-content\\\/uploads\\\/sites\\\/149\\\/2025\\\/10\\\/image-1200-2da55b9534bf04f80f16888174c79dd5.png\",\"articleSection\":[\"Noticias da UTFPR\"],\"inLanguage\":\"pt-BR\"},{\"@type\":\"WebPage\",\"@id\":\"https:\\\/\\\/utfpr.curitiba.br\\\/daqbi\\\/maior-edicao-do-sei-sicite-reune-mais-de-36-mil-participantes\\\/\",\"url\":\"https:\\\/\\\/utfpr.curitiba.br\\\/daqbi\\\/maior-edicao-do-sei-sicite-reune-mais-de-36-mil-participantes\\\/\",\"name\":\"Maior edi\u00e7\u00e3o do\u00a0SEI-Sicite re\u00fane mais de 3,6 mil participantes - DAQBi\",\"isPartOf\":{\"@id\":\"https:\\\/\\\/utfpr.curitiba.br\\\/daqbi\\\/#website\"},\"primaryImageOfPage\":{\"@id\":\"https:\\\/\\\/utfpr.curitiba.br\\\/daqbi\\\/maior-edicao-do-sei-sicite-reune-mais-de-36-mil-participantes\\\/#primaryimage\"},\"image\":{\"@id\":\"https:\\\/\\\/utfpr.curitiba.br\\\/daqbi\\\/maior-edicao-do-sei-sicite-reune-mais-de-36-mil-participantes\\\/#primaryimage\"},\"thumbnailUrl\":\"https:\\\/\\\/utfpr-ct-static-content.s3.amazonaws.com\\\/utfpr.curitiba.br\\\/wp-content\\\/uploads\\\/sites\\\/149\\\/2025\\\/10\\\/image-1200-2da55b9534bf04f80f16888174c79dd5.png\",\"datePublished\":\"2025-10-29T15:34:33+00:00\",\"dateModified\":\"2025-10-29T15:34:37+00:00\",\"breadcrumb\":{\"@id\":\"https:\\\/\\\/utfpr.curitiba.br\\\/daqbi\\\/maior-edicao-do-sei-sicite-reune-mais-de-36-mil-participantes\\\/#breadcrumb\"},\"inLanguage\":\"pt-BR\",\"potentialAction\":[{\"@type\":\"ReadAction\",\"target\":[\"https:\\\/\\\/utfpr.curitiba.br\\\/daqbi\\\/maior-edicao-do-sei-sicite-reune-mais-de-36-mil-participantes\\\/\"]}]},{\"@type\":\"ImageObject\",\"inLanguage\":\"pt-BR\",\"@id\":\"https:\\\/\\\/utfpr.curitiba.br\\\/daqbi\\\/maior-edicao-do-sei-sicite-reune-mais-de-36-mil-participantes\\\/#primaryimage\",\"url\":\"https:\\\/\\\/utfpr-ct-static-content.s3.amazonaws.com\\\/utfpr.curitiba.br\\\/wp-content\\\/uploads\\\/sites\\\/149\\\/2025\\\/10\\\/image-1200-2da55b9534bf04f80f16888174c79dd5.png\",\"contentUrl\":\"https:\\\/\\\/utfpr-ct-static-content.s3.amazonaws.com\\\/utfpr.curitiba.br\\\/wp-content\\\/uploads\\\/sites\\\/149\\\/2025\\\/10\\\/image-1200-2da55b9534bf04f80f16888174c79dd5.png\",\"width\":768,\"height\":508},{\"@type\":\"BreadcrumbList\",\"@id\":\"https:\\\/\\\/utfpr.curitiba.br\\\/daqbi\\\/maior-edicao-do-sei-sicite-reune-mais-de-36-mil-participantes\\\/#breadcrumb\",\"itemListElement\":[{\"@type\":\"ListItem\",\"position\":1,\"name\":\"Home\",\"item\":\"https:\\\/\\\/utfpr.curitiba.br\\\/daqbi\\\/\"},{\"@type\":\"ListItem\",\"position\":2,\"name\":\"Maior edi\u00e7\u00e3o do\u00a0SEI-Sicite re\u00fane mais de 3,6 mil participantes\"}]},{\"@type\":\"WebSite\",\"@id\":\"https:\\\/\\\/utfpr.curitiba.br\\\/daqbi\\\/#website\",\"url\":\"https:\\\/\\\/utfpr.curitiba.br\\\/daqbi\\\/\",\"name\":\"DAQBi\",\"description\":\"Departamento Acad\u00eamico de Qu\u00edmica e Biologia - UTFPR Campus Curitiba\",\"publisher\":{\"@id\":\"https:\\\/\\\/utfpr.curitiba.br\\\/daqbi\\\/#organization\"},\"alternateName\":\"Daqbi Curitiba - UTFPR\",\"potentialAction\":[{\"@type\":\"SearchAction\",\"target\":{\"@type\":\"EntryPoint\",\"urlTemplate\":\"https:\\\/\\\/utfpr.curitiba.br\\\/daqbi\\\/?s={search_term_string}\"},\"query-input\":{\"@type\":\"PropertyValueSpecification\",\"valueRequired\":true,\"valueName\":\"search_term_string\"}}],\"inLanguage\":\"pt-BR\"},{\"@type\":\"Organization\",\"@id\":\"https:\\\/\\\/utfpr.curitiba.br\\\/daqbi\\\/#organization\",\"name\":\"Departamento Acad\u00eamico de Qu\u00edmica e Biologia UTFPR Curitiba\",\"alternateName\":\"DAQBI curitiba - Universidade Tecnol\u00f3gica Federal do Paran\u00e1\",\"url\":\"https:\\\/\\\/utfpr.curitiba.br\\\/daqbi\\\/\",\"logo\":{\"@type\":\"ImageObject\",\"inLanguage\":\"pt-BR\",\"@id\":\"https:\\\/\\\/utfpr.curitiba.br\\\/daqbi\\\/#\\\/schema\\\/logo\\\/image\\\/\",\"url\":\"https:\\\/\\\/utfpr-ct-static-content.s3.amazonaws.com\\\/utfpr.curitiba.br\\\/wp-content\\\/uploads\\\/sites\\\/149\\\/2023\\\/04\\\/daqbi_curto.png\",\"contentUrl\":\"https:\\\/\\\/utfpr-ct-static-content.s3.amazonaws.com\\\/utfpr.curitiba.br\\\/wp-content\\\/uploads\\\/sites\\\/149\\\/2023\\\/04\\\/daqbi_curto.png\",\"width\":600,\"height\":261,\"caption\":\"Departamento Acad\u00eamico de Qu\u00edmica e Biologia UTFPR Curitiba\"},\"image\":{\"@id\":\"https:\\\/\\\/utfpr.curitiba.br\\\/daqbi\\\/#\\\/schema\\\/logo\\\/image\\\/\"}},{\"@type\":\"Person\",\"@id\":\"https:\\\/\\\/utfpr.curitiba.br\\\/daqbi\\\/#\\\/schema\\\/person\\\/11d05fbf0ae1da84e9856c6a850e4aaf\",\"name\":\"LUIZ EDUARDO DE OLIVEIRA DA ROCHA\",\"image\":{\"@type\":\"ImageObject\",\"inLanguage\":\"pt-BR\",\"@id\":\"https:\\\/\\\/secure.gravatar.com\\\/avatar\\\/3301e2e7983219592643c5980b9c41c8aa4eca3a82fe21aa86aa906ce84e46cd?s=96&d=mm&r=g\",\"url\":\"https:\\\/\\\/secure.gravatar.com\\\/avatar\\\/3301e2e7983219592643c5980b9c41c8aa4eca3a82fe21aa86aa906ce84e46cd?s=96&d=mm&r=g\",\"contentUrl\":\"https:\\\/\\\/secure.gravatar.com\\\/avatar\\\/3301e2e7983219592643c5980b9c41c8aa4eca3a82fe21aa86aa906ce84e46cd?s=96&d=mm&r=g\",\"caption\":\"LUIZ EDUARDO DE OLIVEIRA DA ROCHA\"},\"url\":\"https:\\\/\\\/utfpr.curitiba.br\\\/daqbi\\\/author\\\/e-lerocha\\\/\"}]}<\/script>\n<!-- \/ Yoast SEO plugin. -->","yoast_head_json":{"title":"Maior edi\u00e7\u00e3o do\u00a0SEI-Sicite re\u00fane mais de 3,6 mil participantes - DAQBi","robots":{"index":"index","follow":"follow","max-snippet":"max-snippet:-1","max-image-preview":"max-image-preview:large","max-video-preview":"max-video-preview:-1"},"canonical":"https:\/\/utfpr.curitiba.br\/daqbi\/maior-edicao-do-sei-sicite-reune-mais-de-36-mil-participantes\/","og_locale":"pt_BR","og_type":"article","og_title":"Maior edi\u00e7\u00e3o do\u00a0SEI-Sicite re\u00fane mais de 3,6 mil participantes - DAQBi","og_description":"Estudantes receberam trof\u00e9us em reconhecimento pelos melhores trabalhos","og_url":"https:\/\/utfpr.curitiba.br\/daqbi\/maior-edicao-do-sei-sicite-reune-mais-de-36-mil-participantes\/","og_site_name":"DAQBi","article_published_time":"2025-10-29T15:34:33+00:00","article_modified_time":"2025-10-29T15:34:37+00:00","og_image":[{"width":768,"height":508,"url":"https:\/\/utfpr-ct-static-content.s3.amazonaws.com\/utfpr.curitiba.br\/wp-content\/uploads\/sites\/149\/2025\/10\/image-1200-2da55b9534bf04f80f16888174c79dd5.png","type":"image\/png"}],"author":"LUIZ EDUARDO DE OLIVEIRA DA ROCHA","twitter_card":"summary_large_image","twitter_misc":{"Written by":"LUIZ EDUARDO DE OLIVEIRA DA ROCHA","Est. reading time":"5 minutos"},"schema":{"@context":"https:\/\/schema.org","@graph":[{"@type":"Article","@id":"https:\/\/utfpr.curitiba.br\/daqbi\/maior-edicao-do-sei-sicite-reune-mais-de-36-mil-participantes\/#article","isPartOf":{"@id":"https:\/\/utfpr.curitiba.br\/daqbi\/maior-edicao-do-sei-sicite-reune-mais-de-36-mil-participantes\/"},"author":{"name":"LUIZ EDUARDO DE OLIVEIRA DA ROCHA","@id":"https:\/\/utfpr.curitiba.br\/daqbi\/#\/schema\/person\/11d05fbf0ae1da84e9856c6a850e4aaf"},"headline":"Maior edi\u00e7\u00e3o do\u00a0SEI-Sicite re\u00fane mais de 3,6 mil participantes","datePublished":"2025-10-29T15:34:33+00:00","dateModified":"2025-10-29T15:34:37+00:00","mainEntityOfPage":{"@id":"https:\/\/utfpr.curitiba.br\/daqbi\/maior-edicao-do-sei-sicite-reune-mais-de-36-mil-participantes\/"},"wordCount":1040,"publisher":{"@id":"https:\/\/utfpr.curitiba.br\/daqbi\/#organization"},"image":{"@id":"https:\/\/utfpr.curitiba.br\/daqbi\/maior-edicao-do-sei-sicite-reune-mais-de-36-mil-participantes\/#primaryimage"},"thumbnailUrl":"https:\/\/utfpr-ct-static-content.s3.amazonaws.com\/utfpr.curitiba.br\/wp-content\/uploads\/sites\/149\/2025\/10\/image-1200-2da55b9534bf04f80f16888174c79dd5.png","articleSection":["Noticias da UTFPR"],"inLanguage":"pt-BR"},{"@type":"WebPage","@id":"https:\/\/utfpr.curitiba.br\/daqbi\/maior-edicao-do-sei-sicite-reune-mais-de-36-mil-participantes\/","url":"https:\/\/utfpr.curitiba.br\/daqbi\/maior-edicao-do-sei-sicite-reune-mais-de-36-mil-participantes\/","name":"Maior edi\u00e7\u00e3o do\u00a0SEI-Sicite re\u00fane mais de 3,6 mil participantes - DAQBi","isPartOf":{"@id":"https:\/\/utfpr.curitiba.br\/daqbi\/#website"},"primaryImageOfPage":{"@id":"https:\/\/utfpr.curitiba.br\/daqbi\/maior-edicao-do-sei-sicite-reune-mais-de-36-mil-participantes\/#primaryimage"},"image":{"@id":"https:\/\/utfpr.curitiba.br\/daqbi\/maior-edicao-do-sei-sicite-reune-mais-de-36-mil-participantes\/#primaryimage"},"thumbnailUrl":"https:\/\/utfpr-ct-static-content.s3.amazonaws.com\/utfpr.curitiba.br\/wp-content\/uploads\/sites\/149\/2025\/10\/image-1200-2da55b9534bf04f80f16888174c79dd5.png","datePublished":"2025-10-29T15:34:33+00:00","dateModified":"2025-10-29T15:34:37+00:00","breadcrumb":{"@id":"https:\/\/utfpr.curitiba.br\/daqbi\/maior-edicao-do-sei-sicite-reune-mais-de-36-mil-participantes\/#breadcrumb"},"inLanguage":"pt-BR","potentialAction":[{"@type":"ReadAction","target":["https:\/\/utfpr.curitiba.br\/daqbi\/maior-edicao-do-sei-sicite-reune-mais-de-36-mil-participantes\/"]}]},{"@type":"ImageObject","inLanguage":"pt-BR","@id":"https:\/\/utfpr.curitiba.br\/daqbi\/maior-edicao-do-sei-sicite-reune-mais-de-36-mil-participantes\/#primaryimage","url":"https:\/\/utfpr-ct-static-content.s3.amazonaws.com\/utfpr.curitiba.br\/wp-content\/uploads\/sites\/149\/2025\/10\/image-1200-2da55b9534bf04f80f16888174c79dd5.png","contentUrl":"https:\/\/utfpr-ct-static-content.s3.amazonaws.com\/utfpr.curitiba.br\/wp-content\/uploads\/sites\/149\/2025\/10\/image-1200-2da55b9534bf04f80f16888174c79dd5.png","width":768,"height":508},{"@type":"BreadcrumbList","@id":"https:\/\/utfpr.curitiba.br\/daqbi\/maior-edicao-do-sei-sicite-reune-mais-de-36-mil-participantes\/#breadcrumb","itemListElement":[{"@type":"ListItem","position":1,"name":"Home","item":"https:\/\/utfpr.curitiba.br\/daqbi\/"},{"@type":"ListItem","position":2,"name":"Maior edi\u00e7\u00e3o do\u00a0SEI-Sicite re\u00fane mais de 3,6 mil participantes"}]},{"@type":"WebSite","@id":"https:\/\/utfpr.curitiba.br\/daqbi\/#website","url":"https:\/\/utfpr.curitiba.br\/daqbi\/","name":"DAQBi","description":"Departamento Acad\u00eamico de Qu\u00edmica e Biologia - UTFPR Campus Curitiba","publisher":{"@id":"https:\/\/utfpr.curitiba.br\/daqbi\/#organization"},"alternateName":"Daqbi Curitiba - UTFPR","potentialAction":[{"@type":"SearchAction","target":{"@type":"EntryPoint","urlTemplate":"https:\/\/utfpr.curitiba.br\/daqbi\/?s={search_term_string}"},"query-input":{"@type":"PropertyValueSpecification","valueRequired":true,"valueName":"search_term_string"}}],"inLanguage":"pt-BR"},{"@type":"Organization","@id":"https:\/\/utfpr.curitiba.br\/daqbi\/#organization","name":"Departamento Acad\u00eamico de Qu\u00edmica e Biologia UTFPR Curitiba","alternateName":"DAQBI curitiba - Universidade Tecnol\u00f3gica Federal do Paran\u00e1","url":"https:\/\/utfpr.curitiba.br\/daqbi\/","logo":{"@type":"ImageObject","inLanguage":"pt-BR","@id":"https:\/\/utfpr.curitiba.br\/daqbi\/#\/schema\/logo\/image\/","url":"https:\/\/utfpr-ct-static-content.s3.amazonaws.com\/utfpr.curitiba.br\/wp-content\/uploads\/sites\/149\/2023\/04\/daqbi_curto.png","contentUrl":"https:\/\/utfpr-ct-static-content.s3.amazonaws.com\/utfpr.curitiba.br\/wp-content\/uploads\/sites\/149\/2023\/04\/daqbi_curto.png","width":600,"height":261,"caption":"Departamento Acad\u00eamico de Qu\u00edmica e Biologia UTFPR Curitiba"},"image":{"@id":"https:\/\/utfpr.curitiba.br\/daqbi\/#\/schema\/logo\/image\/"}},{"@type":"Person","@id":"https:\/\/utfpr.curitiba.br\/daqbi\/#\/schema\/person\/11d05fbf0ae1da84e9856c6a850e4aaf","name":"LUIZ EDUARDO DE OLIVEIRA DA ROCHA","image":{"@type":"ImageObject","inLanguage":"pt-BR","@id":"https:\/\/secure.gravatar.com\/avatar\/3301e2e7983219592643c5980b9c41c8aa4eca3a82fe21aa86aa906ce84e46cd?s=96&d=mm&r=g","url":"https:\/\/secure.gravatar.com\/avatar\/3301e2e7983219592643c5980b9c41c8aa4eca3a82fe21aa86aa906ce84e46cd?s=96&d=mm&r=g","contentUrl":"https:\/\/secure.gravatar.com\/avatar\/3301e2e7983219592643c5980b9c41c8aa4eca3a82fe21aa86aa906ce84e46cd?s=96&d=mm&r=g","caption":"LUIZ EDUARDO DE OLIVEIRA DA ROCHA"},"url":"https:\/\/utfpr.curitiba.br\/daqbi\/author\/e-lerocha\/"}]}},"_links":{"self":[{"href":"https:\/\/utfpr.curitiba.br\/daqbi\/wp-json\/wp\/v2\/posts\/5897","targetHints":{"allow":["GET"]}}],"collection":[{"href":"https:\/\/utfpr.curitiba.br\/daqbi\/wp-json\/wp\/v2\/posts"}],"about":[{"href":"https:\/\/utfpr.curitiba.br\/daqbi\/wp-json\/wp\/v2\/types\/post"}],"author":[{"embeddable":true,"href":"https:\/\/utfpr.curitiba.br\/daqbi\/wp-json\/wp\/v2\/users\/413"}],"replies":[{"embeddable":true,"href":"https:\/\/utfpr.curitiba.br\/daqbi\/wp-json\/wp\/v2\/comments?post=5897"}],"version-history":[{"count":1,"href":"https:\/\/utfpr.curitiba.br\/daqbi\/wp-json\/wp\/v2\/posts\/5897\/revisions"}],"predecessor-version":[{"id":5899,"href":"https:\/\/utfpr.curitiba.br\/daqbi\/wp-json\/wp\/v2\/posts\/5897\/revisions\/5899"}],"wp:featuredmedia":[{"embeddable":true,"href":"https:\/\/utfpr.curitiba.br\/daqbi\/wp-json\/wp\/v2\/media\/5898"}],"wp:attachment":[{"href":"https:\/\/utfpr.curitiba.br\/daqbi\/wp-json\/wp\/v2\/media?parent=5897"}],"wp:term":[{"taxonomy":"category","embeddable":true,"href":"https:\/\/utfpr.curitiba.br\/daqbi\/wp-json\/wp\/v2\/categories?post=5897"},{"taxonomy":"post_tag","embeddable":true,"href":"https:\/\/utfpr.curitiba.br\/daqbi\/wp-json\/wp\/v2\/tags?post=5897"}],"curies":[{"name":"wp","href":"https:\/\/api.w.org\/{rel}","templated":true}]}}