{"id":5888,"date":"2025-10-22T13:57:26","date_gmt":"2025-10-22T16:57:26","guid":{"rendered":"https:\/\/utfpr.curitiba.br\/daqbi\/?p=5888"},"modified":"2025-10-24T12:34:07","modified_gmt":"2025-10-24T15:34:07","slug":"abertura-do-sei-sicite-destaca-a-insercao-de-meninas-na-ciencia","status":"publish","type":"post","link":"https:\/\/utfpr.curitiba.br\/daqbi\/abertura-do-sei-sicite-destaca-a-insercao-de-meninas-na-ciencia\/","title":{"rendered":"Abertura do\u00a0SEI-Sicite destaca a inser\u00e7\u00e3o de meninas na ci\u00eancia"},"content":{"rendered":"\n<p><strong>Maior evento institucional da UTFPR ocorre no Campus Curitiba at\u00e9 sexta (25)<\/strong><\/p>\n\n\n\n<p><\/p>\n\n\n\n<p>A inser\u00e7\u00e3o de meninas e mulheres na ci\u00eancia foi o tema da palestra de abertura da edi\u00e7\u00e3o 2025 dos semin\u00e1rios de Extens\u00e3o e Inova\u00e7\u00e3o (SEI) e Inicia\u00e7\u00e3o Cient\u00edfica e Tecnol\u00f3gica (Sicite) da UTFPR, o maior evento institucional da Universidade, e que ocorre at\u00e9 esta sexta-feira (25) no Campus&nbsp;Curitiba&nbsp;. O evento re\u00fane apresenta\u00e7\u00f5es de trabalhos desenvolvidos por estudantes e servidores dos 13 campi ao longo do \u00faltimo ano.<\/p>\n\n\n\n<p>A palestra de abertura, realizada nesta ter\u00e7a (21) no Audit\u00f3rio da Sede Centro, foi ministrada por Maurici Luzia Del Monego, professora do Campus&nbsp;Curitiba&nbsp;e coordenadora do projeto de extens\u00e3o &#8216;Meninas nas Ci\u00eancias&#8217;.<\/p>\n\n\n\n<p>Segundo a professora, as \u00e1reas cient\u00edficas t\u00eam um hist\u00f3rico de baixa participa\u00e7\u00e3o de mulheres. Uma solu\u00e7\u00e3o encontrada, ent\u00e3o, foi criar uma estrat\u00e9gia de aproxima\u00e7\u00e3o com esse p\u00fablico ainda ao longo do ensino b\u00e1sico, baseado na ideia de que &#8220;as meninas nas ci\u00eancias de hoje ser\u00e3o as mulheres cientistas do amanh\u00e3&#8221;.<\/p>\n\n\n\n<p>E tudo iniciou com o objetivo de preparar as estudantes para as olimp\u00edadas de qu\u00edmica. Com o amadurecimento do projeto, outras \u00e1reas do conhecimento foram englobadas, possibilitando a participa\u00e7\u00e3o de um p\u00fablico maior nas atividades. &#8220;Hoje, temos alunas de gradua\u00e7\u00e3o nos nossos cursos que participaram do projeto quando estudavam na educa\u00e7\u00e3o b\u00e1sica. Isso \u00e9 um reflexo concreto do resultado desse trabalho&#8221;, destaca.<\/p>\n\n\n\n<p>Para o reitor Everton Lozano, esta edi\u00e7\u00e3o tem um car\u00e1ter especial, pois o evento retorna ao campus que deu origem \u00e0 institui\u00e7\u00e3o no m\u00eas em que se comemora os 20 anos de transforma\u00e7\u00e3o em Universidade Tecnol\u00f3gica. &#8220;O que move a UTFPR \u00e9 que somos inquietos. Temos dificuldades, desafios, mas temos um diferencial: somos a primeira universidade tecnol\u00f3gica do Brasil e a maior federal multicampi, uma refer\u00eancia na interioriza\u00e7\u00e3o do ensino superior&#8221;, disse.<\/p>\n\n\n\n<p>Com o tema &#8216;Reunindo Ideias que Transformam o Mundo&#8217;, a 15\u00aa edi\u00e7\u00e3o do&nbsp;SEI&nbsp;e a 30\u00aa do Sicite, o evento recebeu 1.537 trabalhos e 3.647 participantes inscritos &#8211; a maior edi\u00e7\u00e3o dos semin\u00e1rios j\u00e1 realizada, segundo os organizadores. Ainda, a programa\u00e7\u00e3o conta com atividades integradas \u00e0 Semana da Sustentabilidade do Campus&nbsp;Curitiba&nbsp;, visitas, apresenta\u00e7\u00f5es culturais e exposi\u00e7\u00f5es.<\/p>\n\n\n\n<p>Os eventos s\u00e3o promovidos pelas pr\u00f3-reitorias de Rela\u00e7\u00f5es Empresariais e Comunit\u00e1rias e de Pesquisa e P\u00f3s-Gradua\u00e7\u00e3o, e organizados localmente pelas diretorias de Rela\u00e7\u00f5es Empresariais e Comunit\u00e1rias e de Pesquisa e P\u00f3s-Gradua\u00e7\u00e3o do Campus&nbsp;Curitiba&nbsp;.<\/p>\n\n\n\n<h3 class=\"wp-block-heading\" id=\"homenagens\"><a href=\"https:\/\/www.utfpr.edu.br\/noticias\/geral\/abertura-do-sei-sicite-destaca-a-insercao-de-meninas-na-ciencia#homenagens\"><\/a>Homenagens<\/h3>\n\n\n\n<p>Durante a mesa de abertura do evento, a UTFPR recebeu duas homenagens em raz\u00e3o dos 20 anos da transforma\u00e7\u00e3o em Universidade Tecnol\u00f3gica: votos de congratula\u00e7\u00f5es e aplausos da C\u00e2mara Municipal de&nbsp;Curitiba&nbsp;, proposta pelos vereadores Nori Seto e La\u00eds Le\u00e3o; e men\u00e7\u00e3o honrosa da Assembleia Legislativa do Paran\u00e1, proposta pelo deputado Jairo Tamura e entregue aos diretores-gerais dos campi, ao reitor e \u00e0 vice-reitora.<\/p>\n\n\n\n<h3 class=\"wp-block-heading\" id=\"programa\u00e7\u00e3o\"><a href=\"https:\/\/www.utfpr.edu.br\/noticias\/geral\/abertura-do-sei-sicite-destaca-a-insercao-de-meninas-na-ciencia#programa%C3%A7%C3%A3o\"><\/a>Programa\u00e7\u00e3o<\/h3>\n\n\n\n<p>O&nbsp;SEI-Sicite conta com apresenta\u00e7\u00f5es de trabalhos nos tr\u00eas primeiros dias de forma remota e no quarto dia presencialmente. O evento premiar\u00e1 os melhores trabalhos, teses e disserta\u00e7\u00f5es, al\u00e9m de oferecer a Feira de Economia Solid\u00e1ria (TecSol), exposi\u00e7\u00f5es de projetos acad\u00eamicos e grupos estudantis, cinco palestras plen\u00e1rias e uma s\u00e9rie de minicursos e oficinas sobre temas como sustentabilidade, propriedade intelectual, seguran\u00e7a cibern\u00e9tica, inclus\u00e3o, ci\u00eancia, carreira e cultura digital.<\/p>\n\n\n\n<p>A programa\u00e7\u00e3o inclui ainda visitas a espa\u00e7os culturais da cidade e da pr\u00f3pria Universidade, como museus, o Parque Cient\u00edfico e Tecnol\u00f3gico, al\u00e9m de atividades esportivas, recreativas e culturais &#8211; a programa\u00e7\u00e3o completa pode ser conferida na&nbsp;<a href=\"https:\/\/www.even3.com.br\/sei-sicite-2025-593680\/\">p\u00e1gina do&nbsp;SEI-Sicite<\/a>.<\/p>\n\n\n\n<p><\/p>\n","protected":false},"excerpt":{"rendered":"<p>Maior evento institucional da UTFPR ocorre no Campus Curitiba at\u00e9 sexta (25)<\/p>\n","protected":false},"author":413,"featured_media":5889,"comment_status":"closed","ping_status":"open","sticky":false,"template":"","format":"standard","meta":{"site-sidebar-layout":"default","site-content-layout":"","ast-site-content-layout":"default","site-content-style":"default","site-sidebar-style":"default","ast-global-header-display":"","ast-banner-title-visibility":"","ast-main-header-display":"","ast-hfb-above-header-display":"","ast-hfb-below-header-display":"","ast-hfb-mobile-header-display":"","site-post-title":"","ast-breadcrumbs-content":"","ast-featured-img":"","footer-sml-layout":"","ast-disable-related-posts":"","theme-transparent-header-meta":"","adv-header-id-meta":"","stick-header-meta":"","header-above-stick-meta":"","header-main-stick-meta":"","header-below-stick-meta":"","astra-migrate-meta-layouts":"set","ast-page-background-enabled":"default","ast-page-background-meta":{"desktop":{"background-color":"var(--ast-global-color-4)","background-image":"","background-repeat":"repeat","background-position":"center center","background-size":"auto","background-attachment":"scroll","background-type":"","background-media":"","overlay-type":"","overlay-color":"","overlay-opacity":"","overlay-gradient":""},"tablet":{"background-color":"","background-image":"","background-repeat":"repeat","background-position":"center center","background-size":"auto","background-attachment":"scroll","background-type":"","background-media":"","overlay-type":"","overlay-color":"","overlay-opacity":"","overlay-gradient":""},"mobile":{"background-color":"","background-image":"","background-repeat":"repeat","background-position":"center center","background-size":"auto","background-attachment":"scroll","background-type":"","background-media":"","overlay-type":"","overlay-color":"","overlay-opacity":"","overlay-gradient":""}},"ast-content-background-meta":{"desktop":{"background-color":"var(--ast-global-color-5)","background-image":"","background-repeat":"repeat","background-position":"center center","background-size":"auto","background-attachment":"scroll","background-type":"","background-media":"","overlay-type":"","overlay-color":"","overlay-opacity":"","overlay-gradient":""},"tablet":{"background-color":"var(--ast-global-color-5)","background-image":"","background-repeat":"repeat","background-position":"center center","background-size":"auto","background-attachment":"scroll","background-type":"","background-media":"","overlay-type":"","overlay-color":"","overlay-opacity":"","overlay-gradient":""},"mobile":{"background-color":"var(--ast-global-color-5)","background-image":"","background-repeat":"repeat","background-position":"center center","background-size":"auto","background-attachment":"scroll","background-type":"","background-media":"","overlay-type":"","overlay-color":"","overlay-opacity":"","overlay-gradient":""}},"footnotes":""},"categories":[29,27],"tags":[],"class_list":["post-5888","post","type-post","status-publish","format-standard","has-post-thumbnail","hentry","category-extensao-pt","category-noticias-da-utfpr"],"yoast_head":"<!-- This site is optimized with the Yoast SEO plugin v27.4 - https:\/\/yoast.com\/product\/yoast-seo-wordpress\/ -->\n<title>Abertura do\u00a0SEI-Sicite destaca a inser\u00e7\u00e3o de meninas na ci\u00eancia - DAQBi<\/title>\n<meta name=\"robots\" content=\"index, follow, max-snippet:-1, max-image-preview:large, max-video-preview:-1\" \/>\n<link rel=\"canonical\" href=\"https:\/\/utfpr.curitiba.br\/daqbi\/abertura-do-sei-sicite-destaca-a-insercao-de-meninas-na-ciencia\/\" \/>\n<meta property=\"og:locale\" content=\"pt_BR\" \/>\n<meta property=\"og:type\" content=\"article\" \/>\n<meta property=\"og:title\" content=\"Abertura do\u00a0SEI-Sicite destaca a inser\u00e7\u00e3o de meninas na ci\u00eancia - DAQBi\" \/>\n<meta property=\"og:description\" content=\"Maior evento institucional da UTFPR ocorre no Campus Curitiba at\u00e9 sexta (25)\" \/>\n<meta property=\"og:url\" content=\"https:\/\/utfpr.curitiba.br\/daqbi\/abertura-do-sei-sicite-destaca-a-insercao-de-meninas-na-ciencia\/\" \/>\n<meta property=\"og:site_name\" content=\"DAQBi\" \/>\n<meta property=\"article:published_time\" content=\"2025-10-22T16:57:26+00:00\" \/>\n<meta property=\"article:modified_time\" content=\"2025-10-24T15:34:07+00:00\" \/>\n<meta property=\"og:image\" content=\"https:\/\/utfpr-ct-static-content.s3.amazonaws.com\/utfpr.curitiba.br\/wp-content\/uploads\/sites\/149\/2025\/10\/image-1200-3916678e1dc625e16fb801bf21f5dbda.png\" \/>\n\t<meta property=\"og:image:width\" content=\"768\" \/>\n\t<meta property=\"og:image:height\" content=\"508\" \/>\n\t<meta property=\"og:image:type\" content=\"image\/png\" \/>\n<meta name=\"author\" content=\"LUIZ EDUARDO DE OLIVEIRA DA ROCHA\" \/>\n<meta name=\"twitter:card\" content=\"summary_large_image\" \/>\n<meta name=\"twitter:label1\" content=\"Written by\" \/>\n\t<meta name=\"twitter:data1\" content=\"LUIZ EDUARDO DE OLIVEIRA DA ROCHA\" \/>\n\t<meta name=\"twitter:label2\" content=\"Est. reading time\" \/>\n\t<meta name=\"twitter:data2\" content=\"4 minutos\" \/>\n<script type=\"application\/ld+json\" class=\"yoast-schema-graph\">{\"@context\":\"https:\\\/\\\/schema.org\",\"@graph\":[{\"@type\":\"Article\",\"@id\":\"https:\\\/\\\/utfpr.curitiba.br\\\/daqbi\\\/abertura-do-sei-sicite-destaca-a-insercao-de-meninas-na-ciencia\\\/#article\",\"isPartOf\":{\"@id\":\"https:\\\/\\\/utfpr.curitiba.br\\\/daqbi\\\/abertura-do-sei-sicite-destaca-a-insercao-de-meninas-na-ciencia\\\/\"},\"author\":{\"name\":\"LUIZ EDUARDO DE OLIVEIRA DA ROCHA\",\"@id\":\"https:\\\/\\\/utfpr.curitiba.br\\\/daqbi\\\/#\\\/schema\\\/person\\\/11d05fbf0ae1da84e9856c6a850e4aaf\"},\"headline\":\"Abertura do\u00a0SEI-Sicite destaca a inser\u00e7\u00e3o de meninas na ci\u00eancia\",\"datePublished\":\"2025-10-22T16:57:26+00:00\",\"dateModified\":\"2025-10-24T15:34:07+00:00\",\"mainEntityOfPage\":{\"@id\":\"https:\\\/\\\/utfpr.curitiba.br\\\/daqbi\\\/abertura-do-sei-sicite-destaca-a-insercao-de-meninas-na-ciencia\\\/\"},\"wordCount\":662,\"publisher\":{\"@id\":\"https:\\\/\\\/utfpr.curitiba.br\\\/daqbi\\\/#organization\"},\"image\":{\"@id\":\"https:\\\/\\\/utfpr.curitiba.br\\\/daqbi\\\/abertura-do-sei-sicite-destaca-a-insercao-de-meninas-na-ciencia\\\/#primaryimage\"},\"thumbnailUrl\":\"https:\\\/\\\/utfpr-ct-static-content.s3.amazonaws.com\\\/utfpr.curitiba.br\\\/wp-content\\\/uploads\\\/sites\\\/149\\\/2025\\\/10\\\/image-1200-3916678e1dc625e16fb801bf21f5dbda.png\",\"articleSection\":[\"Extens\u00e3o\",\"Noticias da UTFPR\"],\"inLanguage\":\"pt-BR\"},{\"@type\":\"WebPage\",\"@id\":\"https:\\\/\\\/utfpr.curitiba.br\\\/daqbi\\\/abertura-do-sei-sicite-destaca-a-insercao-de-meninas-na-ciencia\\\/\",\"url\":\"https:\\\/\\\/utfpr.curitiba.br\\\/daqbi\\\/abertura-do-sei-sicite-destaca-a-insercao-de-meninas-na-ciencia\\\/\",\"name\":\"Abertura do\u00a0SEI-Sicite destaca a inser\u00e7\u00e3o de meninas na ci\u00eancia - DAQBi\",\"isPartOf\":{\"@id\":\"https:\\\/\\\/utfpr.curitiba.br\\\/daqbi\\\/#website\"},\"primaryImageOfPage\":{\"@id\":\"https:\\\/\\\/utfpr.curitiba.br\\\/daqbi\\\/abertura-do-sei-sicite-destaca-a-insercao-de-meninas-na-ciencia\\\/#primaryimage\"},\"image\":{\"@id\":\"https:\\\/\\\/utfpr.curitiba.br\\\/daqbi\\\/abertura-do-sei-sicite-destaca-a-insercao-de-meninas-na-ciencia\\\/#primaryimage\"},\"thumbnailUrl\":\"https:\\\/\\\/utfpr-ct-static-content.s3.amazonaws.com\\\/utfpr.curitiba.br\\\/wp-content\\\/uploads\\\/sites\\\/149\\\/2025\\\/10\\\/image-1200-3916678e1dc625e16fb801bf21f5dbda.png\",\"datePublished\":\"2025-10-22T16:57:26+00:00\",\"dateModified\":\"2025-10-24T15:34:07+00:00\",\"breadcrumb\":{\"@id\":\"https:\\\/\\\/utfpr.curitiba.br\\\/daqbi\\\/abertura-do-sei-sicite-destaca-a-insercao-de-meninas-na-ciencia\\\/#breadcrumb\"},\"inLanguage\":\"pt-BR\",\"potentialAction\":[{\"@type\":\"ReadAction\",\"target\":[\"https:\\\/\\\/utfpr.curitiba.br\\\/daqbi\\\/abertura-do-sei-sicite-destaca-a-insercao-de-meninas-na-ciencia\\\/\"]}]},{\"@type\":\"ImageObject\",\"inLanguage\":\"pt-BR\",\"@id\":\"https:\\\/\\\/utfpr.curitiba.br\\\/daqbi\\\/abertura-do-sei-sicite-destaca-a-insercao-de-meninas-na-ciencia\\\/#primaryimage\",\"url\":\"https:\\\/\\\/utfpr-ct-static-content.s3.amazonaws.com\\\/utfpr.curitiba.br\\\/wp-content\\\/uploads\\\/sites\\\/149\\\/2025\\\/10\\\/image-1200-3916678e1dc625e16fb801bf21f5dbda.png\",\"contentUrl\":\"https:\\\/\\\/utfpr-ct-static-content.s3.amazonaws.com\\\/utfpr.curitiba.br\\\/wp-content\\\/uploads\\\/sites\\\/149\\\/2025\\\/10\\\/image-1200-3916678e1dc625e16fb801bf21f5dbda.png\",\"width\":768,\"height\":508},{\"@type\":\"BreadcrumbList\",\"@id\":\"https:\\\/\\\/utfpr.curitiba.br\\\/daqbi\\\/abertura-do-sei-sicite-destaca-a-insercao-de-meninas-na-ciencia\\\/#breadcrumb\",\"itemListElement\":[{\"@type\":\"ListItem\",\"position\":1,\"name\":\"Home\",\"item\":\"https:\\\/\\\/utfpr.curitiba.br\\\/daqbi\\\/\"},{\"@type\":\"ListItem\",\"position\":2,\"name\":\"Abertura do\u00a0SEI-Sicite destaca a inser\u00e7\u00e3o de meninas na ci\u00eancia\"}]},{\"@type\":\"WebSite\",\"@id\":\"https:\\\/\\\/utfpr.curitiba.br\\\/daqbi\\\/#website\",\"url\":\"https:\\\/\\\/utfpr.curitiba.br\\\/daqbi\\\/\",\"name\":\"DAQBi\",\"description\":\"Departamento Acad\u00eamico de Qu\u00edmica e Biologia - UTFPR Campus Curitiba\",\"publisher\":{\"@id\":\"https:\\\/\\\/utfpr.curitiba.br\\\/daqbi\\\/#organization\"},\"alternateName\":\"Daqbi Curitiba - UTFPR\",\"potentialAction\":[{\"@type\":\"SearchAction\",\"target\":{\"@type\":\"EntryPoint\",\"urlTemplate\":\"https:\\\/\\\/utfpr.curitiba.br\\\/daqbi\\\/?s={search_term_string}\"},\"query-input\":{\"@type\":\"PropertyValueSpecification\",\"valueRequired\":true,\"valueName\":\"search_term_string\"}}],\"inLanguage\":\"pt-BR\"},{\"@type\":\"Organization\",\"@id\":\"https:\\\/\\\/utfpr.curitiba.br\\\/daqbi\\\/#organization\",\"name\":\"Departamento Acad\u00eamico de Qu\u00edmica e Biologia UTFPR Curitiba\",\"alternateName\":\"DAQBI curitiba - Universidade Tecnol\u00f3gica Federal do Paran\u00e1\",\"url\":\"https:\\\/\\\/utfpr.curitiba.br\\\/daqbi\\\/\",\"logo\":{\"@type\":\"ImageObject\",\"inLanguage\":\"pt-BR\",\"@id\":\"https:\\\/\\\/utfpr.curitiba.br\\\/daqbi\\\/#\\\/schema\\\/logo\\\/image\\\/\",\"url\":\"https:\\\/\\\/utfpr-ct-static-content.s3.amazonaws.com\\\/utfpr.curitiba.br\\\/wp-content\\\/uploads\\\/sites\\\/149\\\/2023\\\/04\\\/daqbi_curto.png\",\"contentUrl\":\"https:\\\/\\\/utfpr-ct-static-content.s3.amazonaws.com\\\/utfpr.curitiba.br\\\/wp-content\\\/uploads\\\/sites\\\/149\\\/2023\\\/04\\\/daqbi_curto.png\",\"width\":600,\"height\":261,\"caption\":\"Departamento Acad\u00eamico de Qu\u00edmica e Biologia UTFPR Curitiba\"},\"image\":{\"@id\":\"https:\\\/\\\/utfpr.curitiba.br\\\/daqbi\\\/#\\\/schema\\\/logo\\\/image\\\/\"}},{\"@type\":\"Person\",\"@id\":\"https:\\\/\\\/utfpr.curitiba.br\\\/daqbi\\\/#\\\/schema\\\/person\\\/11d05fbf0ae1da84e9856c6a850e4aaf\",\"name\":\"LUIZ EDUARDO DE OLIVEIRA DA ROCHA\",\"image\":{\"@type\":\"ImageObject\",\"inLanguage\":\"pt-BR\",\"@id\":\"https:\\\/\\\/secure.gravatar.com\\\/avatar\\\/3301e2e7983219592643c5980b9c41c8aa4eca3a82fe21aa86aa906ce84e46cd?s=96&d=mm&r=g\",\"url\":\"https:\\\/\\\/secure.gravatar.com\\\/avatar\\\/3301e2e7983219592643c5980b9c41c8aa4eca3a82fe21aa86aa906ce84e46cd?s=96&d=mm&r=g\",\"contentUrl\":\"https:\\\/\\\/secure.gravatar.com\\\/avatar\\\/3301e2e7983219592643c5980b9c41c8aa4eca3a82fe21aa86aa906ce84e46cd?s=96&d=mm&r=g\",\"caption\":\"LUIZ EDUARDO DE OLIVEIRA DA ROCHA\"},\"url\":\"https:\\\/\\\/utfpr.curitiba.br\\\/daqbi\\\/author\\\/e-lerocha\\\/\"}]}<\/script>\n<!-- \/ Yoast SEO plugin. -->","yoast_head_json":{"title":"Abertura do\u00a0SEI-Sicite destaca a inser\u00e7\u00e3o de meninas na ci\u00eancia - DAQBi","robots":{"index":"index","follow":"follow","max-snippet":"max-snippet:-1","max-image-preview":"max-image-preview:large","max-video-preview":"max-video-preview:-1"},"canonical":"https:\/\/utfpr.curitiba.br\/daqbi\/abertura-do-sei-sicite-destaca-a-insercao-de-meninas-na-ciencia\/","og_locale":"pt_BR","og_type":"article","og_title":"Abertura do\u00a0SEI-Sicite destaca a inser\u00e7\u00e3o de meninas na ci\u00eancia - DAQBi","og_description":"Maior evento institucional da UTFPR ocorre no Campus Curitiba at\u00e9 sexta (25)","og_url":"https:\/\/utfpr.curitiba.br\/daqbi\/abertura-do-sei-sicite-destaca-a-insercao-de-meninas-na-ciencia\/","og_site_name":"DAQBi","article_published_time":"2025-10-22T16:57:26+00:00","article_modified_time":"2025-10-24T15:34:07+00:00","og_image":[{"width":768,"height":508,"url":"https:\/\/utfpr-ct-static-content.s3.amazonaws.com\/utfpr.curitiba.br\/wp-content\/uploads\/sites\/149\/2025\/10\/image-1200-3916678e1dc625e16fb801bf21f5dbda.png","type":"image\/png"}],"author":"LUIZ EDUARDO DE OLIVEIRA DA ROCHA","twitter_card":"summary_large_image","twitter_misc":{"Written by":"LUIZ EDUARDO DE OLIVEIRA DA ROCHA","Est. reading time":"4 minutos"},"schema":{"@context":"https:\/\/schema.org","@graph":[{"@type":"Article","@id":"https:\/\/utfpr.curitiba.br\/daqbi\/abertura-do-sei-sicite-destaca-a-insercao-de-meninas-na-ciencia\/#article","isPartOf":{"@id":"https:\/\/utfpr.curitiba.br\/daqbi\/abertura-do-sei-sicite-destaca-a-insercao-de-meninas-na-ciencia\/"},"author":{"name":"LUIZ EDUARDO DE OLIVEIRA DA ROCHA","@id":"https:\/\/utfpr.curitiba.br\/daqbi\/#\/schema\/person\/11d05fbf0ae1da84e9856c6a850e4aaf"},"headline":"Abertura do\u00a0SEI-Sicite destaca a inser\u00e7\u00e3o de meninas na ci\u00eancia","datePublished":"2025-10-22T16:57:26+00:00","dateModified":"2025-10-24T15:34:07+00:00","mainEntityOfPage":{"@id":"https:\/\/utfpr.curitiba.br\/daqbi\/abertura-do-sei-sicite-destaca-a-insercao-de-meninas-na-ciencia\/"},"wordCount":662,"publisher":{"@id":"https:\/\/utfpr.curitiba.br\/daqbi\/#organization"},"image":{"@id":"https:\/\/utfpr.curitiba.br\/daqbi\/abertura-do-sei-sicite-destaca-a-insercao-de-meninas-na-ciencia\/#primaryimage"},"thumbnailUrl":"https:\/\/utfpr-ct-static-content.s3.amazonaws.com\/utfpr.curitiba.br\/wp-content\/uploads\/sites\/149\/2025\/10\/image-1200-3916678e1dc625e16fb801bf21f5dbda.png","articleSection":["Extens\u00e3o","Noticias da UTFPR"],"inLanguage":"pt-BR"},{"@type":"WebPage","@id":"https:\/\/utfpr.curitiba.br\/daqbi\/abertura-do-sei-sicite-destaca-a-insercao-de-meninas-na-ciencia\/","url":"https:\/\/utfpr.curitiba.br\/daqbi\/abertura-do-sei-sicite-destaca-a-insercao-de-meninas-na-ciencia\/","name":"Abertura do\u00a0SEI-Sicite destaca a inser\u00e7\u00e3o de meninas na ci\u00eancia - DAQBi","isPartOf":{"@id":"https:\/\/utfpr.curitiba.br\/daqbi\/#website"},"primaryImageOfPage":{"@id":"https:\/\/utfpr.curitiba.br\/daqbi\/abertura-do-sei-sicite-destaca-a-insercao-de-meninas-na-ciencia\/#primaryimage"},"image":{"@id":"https:\/\/utfpr.curitiba.br\/daqbi\/abertura-do-sei-sicite-destaca-a-insercao-de-meninas-na-ciencia\/#primaryimage"},"thumbnailUrl":"https:\/\/utfpr-ct-static-content.s3.amazonaws.com\/utfpr.curitiba.br\/wp-content\/uploads\/sites\/149\/2025\/10\/image-1200-3916678e1dc625e16fb801bf21f5dbda.png","datePublished":"2025-10-22T16:57:26+00:00","dateModified":"2025-10-24T15:34:07+00:00","breadcrumb":{"@id":"https:\/\/utfpr.curitiba.br\/daqbi\/abertura-do-sei-sicite-destaca-a-insercao-de-meninas-na-ciencia\/#breadcrumb"},"inLanguage":"pt-BR","potentialAction":[{"@type":"ReadAction","target":["https:\/\/utfpr.curitiba.br\/daqbi\/abertura-do-sei-sicite-destaca-a-insercao-de-meninas-na-ciencia\/"]}]},{"@type":"ImageObject","inLanguage":"pt-BR","@id":"https:\/\/utfpr.curitiba.br\/daqbi\/abertura-do-sei-sicite-destaca-a-insercao-de-meninas-na-ciencia\/#primaryimage","url":"https:\/\/utfpr-ct-static-content.s3.amazonaws.com\/utfpr.curitiba.br\/wp-content\/uploads\/sites\/149\/2025\/10\/image-1200-3916678e1dc625e16fb801bf21f5dbda.png","contentUrl":"https:\/\/utfpr-ct-static-content.s3.amazonaws.com\/utfpr.curitiba.br\/wp-content\/uploads\/sites\/149\/2025\/10\/image-1200-3916678e1dc625e16fb801bf21f5dbda.png","width":768,"height":508},{"@type":"BreadcrumbList","@id":"https:\/\/utfpr.curitiba.br\/daqbi\/abertura-do-sei-sicite-destaca-a-insercao-de-meninas-na-ciencia\/#breadcrumb","itemListElement":[{"@type":"ListItem","position":1,"name":"Home","item":"https:\/\/utfpr.curitiba.br\/daqbi\/"},{"@type":"ListItem","position":2,"name":"Abertura do\u00a0SEI-Sicite destaca a inser\u00e7\u00e3o de meninas na ci\u00eancia"}]},{"@type":"WebSite","@id":"https:\/\/utfpr.curitiba.br\/daqbi\/#website","url":"https:\/\/utfpr.curitiba.br\/daqbi\/","name":"DAQBi","description":"Departamento Acad\u00eamico de Qu\u00edmica e Biologia - UTFPR Campus Curitiba","publisher":{"@id":"https:\/\/utfpr.curitiba.br\/daqbi\/#organization"},"alternateName":"Daqbi Curitiba - UTFPR","potentialAction":[{"@type":"SearchAction","target":{"@type":"EntryPoint","urlTemplate":"https:\/\/utfpr.curitiba.br\/daqbi\/?s={search_term_string}"},"query-input":{"@type":"PropertyValueSpecification","valueRequired":true,"valueName":"search_term_string"}}],"inLanguage":"pt-BR"},{"@type":"Organization","@id":"https:\/\/utfpr.curitiba.br\/daqbi\/#organization","name":"Departamento Acad\u00eamico de Qu\u00edmica e Biologia UTFPR Curitiba","alternateName":"DAQBI curitiba - Universidade Tecnol\u00f3gica Federal do Paran\u00e1","url":"https:\/\/utfpr.curitiba.br\/daqbi\/","logo":{"@type":"ImageObject","inLanguage":"pt-BR","@id":"https:\/\/utfpr.curitiba.br\/daqbi\/#\/schema\/logo\/image\/","url":"https:\/\/utfpr-ct-static-content.s3.amazonaws.com\/utfpr.curitiba.br\/wp-content\/uploads\/sites\/149\/2023\/04\/daqbi_curto.png","contentUrl":"https:\/\/utfpr-ct-static-content.s3.amazonaws.com\/utfpr.curitiba.br\/wp-content\/uploads\/sites\/149\/2023\/04\/daqbi_curto.png","width":600,"height":261,"caption":"Departamento Acad\u00eamico de Qu\u00edmica e Biologia UTFPR Curitiba"},"image":{"@id":"https:\/\/utfpr.curitiba.br\/daqbi\/#\/schema\/logo\/image\/"}},{"@type":"Person","@id":"https:\/\/utfpr.curitiba.br\/daqbi\/#\/schema\/person\/11d05fbf0ae1da84e9856c6a850e4aaf","name":"LUIZ EDUARDO DE OLIVEIRA DA ROCHA","image":{"@type":"ImageObject","inLanguage":"pt-BR","@id":"https:\/\/secure.gravatar.com\/avatar\/3301e2e7983219592643c5980b9c41c8aa4eca3a82fe21aa86aa906ce84e46cd?s=96&d=mm&r=g","url":"https:\/\/secure.gravatar.com\/avatar\/3301e2e7983219592643c5980b9c41c8aa4eca3a82fe21aa86aa906ce84e46cd?s=96&d=mm&r=g","contentUrl":"https:\/\/secure.gravatar.com\/avatar\/3301e2e7983219592643c5980b9c41c8aa4eca3a82fe21aa86aa906ce84e46cd?s=96&d=mm&r=g","caption":"LUIZ EDUARDO DE OLIVEIRA DA ROCHA"},"url":"https:\/\/utfpr.curitiba.br\/daqbi\/author\/e-lerocha\/"}]}},"_links":{"self":[{"href":"https:\/\/utfpr.curitiba.br\/daqbi\/wp-json\/wp\/v2\/posts\/5888","targetHints":{"allow":["GET"]}}],"collection":[{"href":"https:\/\/utfpr.curitiba.br\/daqbi\/wp-json\/wp\/v2\/posts"}],"about":[{"href":"https:\/\/utfpr.curitiba.br\/daqbi\/wp-json\/wp\/v2\/types\/post"}],"author":[{"embeddable":true,"href":"https:\/\/utfpr.curitiba.br\/daqbi\/wp-json\/wp\/v2\/users\/413"}],"replies":[{"embeddable":true,"href":"https:\/\/utfpr.curitiba.br\/daqbi\/wp-json\/wp\/v2\/comments?post=5888"}],"version-history":[{"count":3,"href":"https:\/\/utfpr.curitiba.br\/daqbi\/wp-json\/wp\/v2\/posts\/5888\/revisions"}],"predecessor-version":[{"id":5892,"href":"https:\/\/utfpr.curitiba.br\/daqbi\/wp-json\/wp\/v2\/posts\/5888\/revisions\/5892"}],"wp:featuredmedia":[{"embeddable":true,"href":"https:\/\/utfpr.curitiba.br\/daqbi\/wp-json\/wp\/v2\/media\/5889"}],"wp:attachment":[{"href":"https:\/\/utfpr.curitiba.br\/daqbi\/wp-json\/wp\/v2\/media?parent=5888"}],"wp:term":[{"taxonomy":"category","embeddable":true,"href":"https:\/\/utfpr.curitiba.br\/daqbi\/wp-json\/wp\/v2\/categories?post=5888"},{"taxonomy":"post_tag","embeddable":true,"href":"https:\/\/utfpr.curitiba.br\/daqbi\/wp-json\/wp\/v2\/tags?post=5888"}],"curies":[{"name":"wp","href":"https:\/\/api.w.org\/{rel}","templated":true}]}}