{"id":5836,"date":"2025-10-14T15:51:27","date_gmt":"2025-10-14T18:51:27","guid":{"rendered":"https:\/\/utfpr.curitiba.br\/daqbi\/?p=5836"},"modified":"2025-10-14T15:51:31","modified_gmt":"2025-10-14T18:51:31","slug":"utfpr-realiza-sei-sicite-entre-20-e-24-de-outubro-em-curitiba","status":"publish","type":"post","link":"https:\/\/utfpr.curitiba.br\/daqbi\/utfpr-realiza-sei-sicite-entre-20-e-24-de-outubro-em-curitiba\/","title":{"rendered":"UTFPR realiza\u00a0SEI-Sicite entre 20 e 24 de outubro em\u00a0Curitiba"},"content":{"rendered":"\n<p><\/p>\n\n\n\n<p>A UTFPR promover\u00e1 os Semin\u00e1rios de Extens\u00e3o e Inova\u00e7\u00e3o e de Inicia\u00e7\u00e3o Cient\u00edfica e Tecnol\u00f3gica (SEI-SICITE 2025), na pr\u00f3xima semana, de 20 a 24 de outubro, na Sede Centro do Campus&nbsp;Curitiba&nbsp;. Ser\u00e1 o maior encontro institucional que re\u00fane as produ\u00e7\u00f5es e os projetos de pesquisa, extens\u00e3o, inova\u00e7\u00e3o, empreendedorismo e competi\u00e7\u00e3o.<\/p>\n\n\n\n<p>A edi\u00e7\u00e3o deste ano adota o tema \u201cReunindo ideias que transformam o mundo\u201d, em integra\u00e7\u00e3o \u00e0 Semana da Sustentabilidade do Campus&nbsp;Curitiba&nbsp;e \u00e0s comemora\u00e7\u00f5es dos 20 anos de transforma\u00e7\u00e3o da UTFPR em Universidade Tecnol\u00f3gica. Est\u00e3o previstas apresenta\u00e7\u00f5es de trabalhos, exposi\u00e7\u00f5es, minicursos, oficinas, visitas t\u00e9cnicas, atividades culturais e esportivas, al\u00e9m de sess\u00f5es plen\u00e1rias e premia\u00e7\u00f5es. As cerim\u00f4nias de abertura e encerramento do evento ser\u00e3o transmitidas no&nbsp;<a href=\"https:\/\/www.youtube.com\/canaldautfpr\">canal oficial da UTFPR<\/a>, no Youtube.<\/p>\n\n\n\n<p>Para o reitor da UTFPR, Everton Lozano, \u00e9 uma oportunidade para celebrar o protagonismos de estudantes e pesquisadores. &#8220;\u00c9 uma oportunidade de abrir as portas da UTFPR para a sociedade, mostrar resultados que transformam realidades e incentivar novas conex\u00f5es entre ci\u00eancia, cultura e inova\u00e7\u00e3o. Ao completar 20 anos como Universidade Tecnol\u00f3gica, reafirmamos nosso compromisso com a forma\u00e7\u00e3o de excel\u00eancia, a pesquisa de impacto p\u00fablico e a inclus\u00e3o&#8221;, afirma.<\/p>\n\n\n\n<p>O&nbsp;SEI-Sicite contar\u00e1 com a presen\u00e7a de estudantes e docentes dos 13 campi, em formato h\u00edbrido. Quem quiser participar como ouvinte tamb\u00e9m pode se inscrever gratuitamente no&nbsp;<a href=\"https:\/\/www.even3.com.br\/sei-sicite-2025-593680\/\">site do evento<\/a>.<\/p>\n\n\n\n<p><strong>Programa\u00e7\u00e3o resumida<\/strong><strong><br><\/strong>O&nbsp;SEI-Sicite acontecer\u00e1 de 20 a 24 de outubro, na Sede Centro do Campus&nbsp;Curitiba&nbsp;. Nos tr\u00eas primeiros dias, das 8h \u00e0s 17h, ser\u00e3o feitas as apresenta\u00e7\u00f5es dos trabalhos na modalidade remota e no pen\u00faltimo dia de forma presencial.<\/p>\n\n\n\n<p>O evento promover\u00e1 a Feira de Economia Solid\u00e1ria (TecSol), al\u00e9m de trazer as exposi\u00e7\u00f5es de projetos como: Arquivo, Acal\u00e2ntis Aerodesign, Azure Bears, Bears Cheerleading, Crossbots e F\u00f3rmula SAE e o grupo de teatro da UTFPR (TUT). Tamb\u00e9m est\u00e3o agendados minicursos e oficinas, abordando temas como idea\u00e7\u00e3o, intelig\u00eancia emocional, economia solid\u00e1ria, ensino de l\u00ednguas, sustentabilidade, propriedade intelectual e seguran\u00e7a cibern\u00e9tica.<\/p>\n\n\n\n<p>Durante a semana, ser\u00e3o realizadas visitas a locais da cidade, como o Museu Oscar Niemeyer, o Museu da Imagem e do Som, a Unilivre, a Fazenda Urbana, o Planet\u00e1rio, a Solu\u00e7\u00e3o Selantes e o Parque Estadual Serra da Baitaca. Tamb\u00e9m a espa\u00e7os da UTFPR, como o Parque Cient\u00edfico e Tecnol\u00f3gico\/Fabtech e o Centro de Pesquisa em Reologia e Fluidos N\u00e3o Newtonianos (Cernn). Al\u00e9m disso, estar\u00e3o agendadas atividades de esporte, recrea\u00e7\u00e3o e lazer, como v\u00f4lei e futsal; e de cultura, como mostra de anima\u00e7\u00e3o, m\u00fasica, teatro e dos N\u00facleo de Estudos Afro-Brasileiros e Ind\u00edgenas (Neabis).<\/p>\n\n\n\n<p>No dia 22, das 19h30 \u00e0s 21h30, ser\u00e1 realizada a premia\u00e7\u00e3o das melhores teses e disserta\u00e7\u00f5es da Universidade. No dia 24, das 9h \u00e0s 13h, tamb\u00e9m ter\u00e1 a entrega de um pr\u00eamio aos melhores trabalhos do&nbsp;SEI-Sicite.<\/p>\n\n\n\n<p><strong>Palestras plen\u00e1rias<\/strong><br>A programa\u00e7\u00e3o conta com cinco palestras plen\u00e1rias que abrangem uma diversidade de temas, articulando inclus\u00e3o, ci\u00eancia, carreira e cultura digital ao longo de tr\u00eas dias, no audit\u00f3rio da Sede Centro do Campus&nbsp;Curitiba&nbsp;.<br><br>No dia 20, \u00e0s 19h, a professora da UTFPR Maurici Monego aborda o tema de Meninas na Ci\u00eancia\ufeff. No dia 22, \u00e0s 17h30, a professora e influenciadora Paula Gabriela apresenta Vida Acad\u00eamica \u00e0 Constru\u00e7\u00e3o de Autoridade: Criatividade, Carreira e Redes Sociais\ufeff, conectando produ\u00e7\u00e3o acad\u00eamica, posicionamento profissional e estrat\u00e9gias de conte\u00fado. J\u00e1 no dia 23, acontecem tr\u00eas palestras em tr\u00eas hor\u00e1rios distintos. \u00c0s 13h30, professor da UEL Eduardo Jussiani fala sobre desafios e oportunidades da divulga\u00e7\u00e3o cient\u00edfica\ufeff. \u00c0s 17h, estrategista de comunica\u00e7\u00e3o Luciana Burko aborda marca pessoal e o futuro da carreira. \u00c0s 19h, os estudantes Mateus Mendes e Washington Wu explicam sobre o cen\u00e1rio universit\u00e1rio de e-sports e seu impacto na gera\u00e7\u00e3o Z.<\/p>\n\n\n\n<p>Confira a programa\u00e7\u00e3o completa no&nbsp;<a href=\"https:\/\/www.even3.com.br\/sei-sicite-2025-593680\/\">site do&nbsp;SEI-Sicite<\/a>.<\/p>\n\n\n\n<h3 class=\"wp-block-heading\" id=\"mais-sobre\"><a href=\"https:\/\/www.utfpr.edu.br\/noticias\/geral\/utfpr-realiza-sei-sicite-entre-20-e-24-de-outubro-em-curitiba#mais-sobre\"><\/a>Mais sobre<\/h3>\n\n\n\n<p><strong><\/strong>Esta \u00e9 a 15\u00aa edi\u00e7\u00e3o do&nbsp;SEI&nbsp;e a 30\u00aa do Sicite. Os eventos s\u00e3o organizados anualmente em um dos 13 campi da UTFPR, em parceria com as Pr\u00f3-Reitorias de Rela\u00e7\u00f5es Empresariais e Comunit\u00e1rias (Prorec) e de Pesquisa e P\u00f3s-Gradua\u00e7\u00e3o (PROPPG) e diretorias locais das respectivas \u00e1reas (DIREC e DIRPPG). O objetivo \u00e9 mostrar o que \u00e9 produzido na Universidade nas \u00e1reas de extens\u00e3o, inova\u00e7\u00e3o e inicia\u00e7\u00e3o cient\u00edfica e em desenvolvimento tecnol\u00f3gico e inova\u00e7\u00e3o.<\/p>\n\n\n\n<p><\/p>\n","protected":false},"excerpt":{"rendered":"<p>Maior evento institucional, cient\u00edfico e tecnol\u00f3gico \u00e9 aberto e gratuito \u00e0 comunidade<\/p>\n","protected":false},"author":413,"featured_media":5837,"comment_status":"closed","ping_status":"open","sticky":false,"template":"","format":"standard","meta":{"site-sidebar-layout":"default","site-content-layout":"","ast-site-content-layout":"default","site-content-style":"default","site-sidebar-style":"default","ast-global-header-display":"","ast-banner-title-visibility":"","ast-main-header-display":"","ast-hfb-above-header-display":"","ast-hfb-below-header-display":"","ast-hfb-mobile-header-display":"","site-post-title":"","ast-breadcrumbs-content":"","ast-featured-img":"","footer-sml-layout":"","ast-disable-related-posts":"","theme-transparent-header-meta":"","adv-header-id-meta":"","stick-header-meta":"","header-above-stick-meta":"","header-main-stick-meta":"","header-below-stick-meta":"","astra-migrate-meta-layouts":"set","ast-page-background-enabled":"default","ast-page-background-meta":{"desktop":{"background-color":"var(--ast-global-color-4)","background-image":"","background-repeat":"repeat","background-position":"center center","background-size":"auto","background-attachment":"scroll","background-type":"","background-media":"","overlay-type":"","overlay-color":"","overlay-opacity":"","overlay-gradient":""},"tablet":{"background-color":"","background-image":"","background-repeat":"repeat","background-position":"center center","background-size":"auto","background-attachment":"scroll","background-type":"","background-media":"","overlay-type":"","overlay-color":"","overlay-opacity":"","overlay-gradient":""},"mobile":{"background-color":"","background-image":"","background-repeat":"repeat","background-position":"center center","background-size":"auto","background-attachment":"scroll","background-type":"","background-media":"","overlay-type":"","overlay-color":"","overlay-opacity":"","overlay-gradient":""}},"ast-content-background-meta":{"desktop":{"background-color":"var(--ast-global-color-5)","background-image":"","background-repeat":"repeat","background-position":"center center","background-size":"auto","background-attachment":"scroll","background-type":"","background-media":"","overlay-type":"","overlay-color":"","overlay-opacity":"","overlay-gradient":""},"tablet":{"background-color":"var(--ast-global-color-5)","background-image":"","background-repeat":"repeat","background-position":"center center","background-size":"auto","background-attachment":"scroll","background-type":"","background-media":"","overlay-type":"","overlay-color":"","overlay-opacity":"","overlay-gradient":""},"mobile":{"background-color":"var(--ast-global-color-5)","background-image":"","background-repeat":"repeat","background-position":"center center","background-size":"auto","background-attachment":"scroll","background-type":"","background-media":"","overlay-type":"","overlay-color":"","overlay-opacity":"","overlay-gradient":""}},"footnotes":""},"categories":[27],"tags":[],"class_list":["post-5836","post","type-post","status-publish","format-standard","has-post-thumbnail","hentry","category-noticias-da-utfpr"],"yoast_head":"<!-- This site is optimized with the Yoast SEO plugin v27.4 - https:\/\/yoast.com\/product\/yoast-seo-wordpress\/ -->\n<title>UTFPR realiza\u00a0SEI-Sicite entre 20 e 24 de outubro em\u00a0Curitiba - DAQBi<\/title>\n<meta name=\"robots\" content=\"index, follow, max-snippet:-1, max-image-preview:large, max-video-preview:-1\" \/>\n<link rel=\"canonical\" href=\"https:\/\/utfpr.curitiba.br\/daqbi\/utfpr-realiza-sei-sicite-entre-20-e-24-de-outubro-em-curitiba\/\" \/>\n<meta property=\"og:locale\" content=\"pt_BR\" \/>\n<meta property=\"og:type\" content=\"article\" \/>\n<meta property=\"og:title\" content=\"UTFPR realiza\u00a0SEI-Sicite entre 20 e 24 de outubro em\u00a0Curitiba - DAQBi\" \/>\n<meta property=\"og:description\" content=\"Maior evento institucional, cient\u00edfico e tecnol\u00f3gico \u00e9 aberto e gratuito \u00e0 comunidade\" \/>\n<meta property=\"og:url\" content=\"https:\/\/utfpr.curitiba.br\/daqbi\/utfpr-realiza-sei-sicite-entre-20-e-24-de-outubro-em-curitiba\/\" \/>\n<meta property=\"og:site_name\" content=\"DAQBi\" \/>\n<meta property=\"article:published_time\" content=\"2025-10-14T18:51:27+00:00\" \/>\n<meta property=\"article:modified_time\" content=\"2025-10-14T18:51:31+00:00\" \/>\n<meta property=\"og:image\" content=\"https:\/\/utfpr-ct-static-content.s3.amazonaws.com\/utfpr.curitiba.br\/wp-content\/uploads\/sites\/149\/2025\/10\/sei-sicite-2.png\" \/>\n\t<meta property=\"og:image:width\" content=\"768\" \/>\n\t<meta property=\"og:image:height\" content=\"508\" \/>\n\t<meta property=\"og:image:type\" content=\"image\/png\" \/>\n<meta name=\"author\" content=\"LUIZ EDUARDO DE OLIVEIRA DA ROCHA\" \/>\n<meta name=\"twitter:card\" content=\"summary_large_image\" \/>\n<meta name=\"twitter:label1\" content=\"Written by\" \/>\n\t<meta name=\"twitter:data1\" content=\"LUIZ EDUARDO DE OLIVEIRA DA ROCHA\" \/>\n\t<meta name=\"twitter:label2\" content=\"Est. reading time\" \/>\n\t<meta name=\"twitter:data2\" content=\"4 minutos\" \/>\n<script type=\"application\/ld+json\" class=\"yoast-schema-graph\">{\"@context\":\"https:\\\/\\\/schema.org\",\"@graph\":[{\"@type\":\"Article\",\"@id\":\"https:\\\/\\\/utfpr.curitiba.br\\\/daqbi\\\/utfpr-realiza-sei-sicite-entre-20-e-24-de-outubro-em-curitiba\\\/#article\",\"isPartOf\":{\"@id\":\"https:\\\/\\\/utfpr.curitiba.br\\\/daqbi\\\/utfpr-realiza-sei-sicite-entre-20-e-24-de-outubro-em-curitiba\\\/\"},\"author\":{\"name\":\"LUIZ EDUARDO DE OLIVEIRA DA ROCHA\",\"@id\":\"https:\\\/\\\/utfpr.curitiba.br\\\/daqbi\\\/#\\\/schema\\\/person\\\/11d05fbf0ae1da84e9856c6a850e4aaf\"},\"headline\":\"UTFPR realiza\u00a0SEI-Sicite entre 20 e 24 de outubro em\u00a0Curitiba\",\"datePublished\":\"2025-10-14T18:51:27+00:00\",\"dateModified\":\"2025-10-14T18:51:31+00:00\",\"mainEntityOfPage\":{\"@id\":\"https:\\\/\\\/utfpr.curitiba.br\\\/daqbi\\\/utfpr-realiza-sei-sicite-entre-20-e-24-de-outubro-em-curitiba\\\/\"},\"wordCount\":801,\"publisher\":{\"@id\":\"https:\\\/\\\/utfpr.curitiba.br\\\/daqbi\\\/#organization\"},\"image\":{\"@id\":\"https:\\\/\\\/utfpr.curitiba.br\\\/daqbi\\\/utfpr-realiza-sei-sicite-entre-20-e-24-de-outubro-em-curitiba\\\/#primaryimage\"},\"thumbnailUrl\":\"https:\\\/\\\/utfpr-ct-static-content.s3.amazonaws.com\\\/utfpr.curitiba.br\\\/wp-content\\\/uploads\\\/sites\\\/149\\\/2025\\\/10\\\/sei-sicite-2.png\",\"articleSection\":[\"Noticias da UTFPR\"],\"inLanguage\":\"pt-BR\"},{\"@type\":\"WebPage\",\"@id\":\"https:\\\/\\\/utfpr.curitiba.br\\\/daqbi\\\/utfpr-realiza-sei-sicite-entre-20-e-24-de-outubro-em-curitiba\\\/\",\"url\":\"https:\\\/\\\/utfpr.curitiba.br\\\/daqbi\\\/utfpr-realiza-sei-sicite-entre-20-e-24-de-outubro-em-curitiba\\\/\",\"name\":\"UTFPR realiza\u00a0SEI-Sicite entre 20 e 24 de outubro em\u00a0Curitiba - DAQBi\",\"isPartOf\":{\"@id\":\"https:\\\/\\\/utfpr.curitiba.br\\\/daqbi\\\/#website\"},\"primaryImageOfPage\":{\"@id\":\"https:\\\/\\\/utfpr.curitiba.br\\\/daqbi\\\/utfpr-realiza-sei-sicite-entre-20-e-24-de-outubro-em-curitiba\\\/#primaryimage\"},\"image\":{\"@id\":\"https:\\\/\\\/utfpr.curitiba.br\\\/daqbi\\\/utfpr-realiza-sei-sicite-entre-20-e-24-de-outubro-em-curitiba\\\/#primaryimage\"},\"thumbnailUrl\":\"https:\\\/\\\/utfpr-ct-static-content.s3.amazonaws.com\\\/utfpr.curitiba.br\\\/wp-content\\\/uploads\\\/sites\\\/149\\\/2025\\\/10\\\/sei-sicite-2.png\",\"datePublished\":\"2025-10-14T18:51:27+00:00\",\"dateModified\":\"2025-10-14T18:51:31+00:00\",\"breadcrumb\":{\"@id\":\"https:\\\/\\\/utfpr.curitiba.br\\\/daqbi\\\/utfpr-realiza-sei-sicite-entre-20-e-24-de-outubro-em-curitiba\\\/#breadcrumb\"},\"inLanguage\":\"pt-BR\",\"potentialAction\":[{\"@type\":\"ReadAction\",\"target\":[\"https:\\\/\\\/utfpr.curitiba.br\\\/daqbi\\\/utfpr-realiza-sei-sicite-entre-20-e-24-de-outubro-em-curitiba\\\/\"]}]},{\"@type\":\"ImageObject\",\"inLanguage\":\"pt-BR\",\"@id\":\"https:\\\/\\\/utfpr.curitiba.br\\\/daqbi\\\/utfpr-realiza-sei-sicite-entre-20-e-24-de-outubro-em-curitiba\\\/#primaryimage\",\"url\":\"https:\\\/\\\/utfpr-ct-static-content.s3.amazonaws.com\\\/utfpr.curitiba.br\\\/wp-content\\\/uploads\\\/sites\\\/149\\\/2025\\\/10\\\/sei-sicite-2.png\",\"contentUrl\":\"https:\\\/\\\/utfpr-ct-static-content.s3.amazonaws.com\\\/utfpr.curitiba.br\\\/wp-content\\\/uploads\\\/sites\\\/149\\\/2025\\\/10\\\/sei-sicite-2.png\",\"width\":768,\"height\":508},{\"@type\":\"BreadcrumbList\",\"@id\":\"https:\\\/\\\/utfpr.curitiba.br\\\/daqbi\\\/utfpr-realiza-sei-sicite-entre-20-e-24-de-outubro-em-curitiba\\\/#breadcrumb\",\"itemListElement\":[{\"@type\":\"ListItem\",\"position\":1,\"name\":\"Home\",\"item\":\"https:\\\/\\\/utfpr.curitiba.br\\\/daqbi\\\/\"},{\"@type\":\"ListItem\",\"position\":2,\"name\":\"UTFPR realiza\u00a0SEI-Sicite entre 20 e 24 de outubro em\u00a0Curitiba\"}]},{\"@type\":\"WebSite\",\"@id\":\"https:\\\/\\\/utfpr.curitiba.br\\\/daqbi\\\/#website\",\"url\":\"https:\\\/\\\/utfpr.curitiba.br\\\/daqbi\\\/\",\"name\":\"DAQBi\",\"description\":\"Departamento Acad\u00eamico de Qu\u00edmica e Biologia - UTFPR Campus Curitiba\",\"publisher\":{\"@id\":\"https:\\\/\\\/utfpr.curitiba.br\\\/daqbi\\\/#organization\"},\"alternateName\":\"Daqbi Curitiba - UTFPR\",\"potentialAction\":[{\"@type\":\"SearchAction\",\"target\":{\"@type\":\"EntryPoint\",\"urlTemplate\":\"https:\\\/\\\/utfpr.curitiba.br\\\/daqbi\\\/?s={search_term_string}\"},\"query-input\":{\"@type\":\"PropertyValueSpecification\",\"valueRequired\":true,\"valueName\":\"search_term_string\"}}],\"inLanguage\":\"pt-BR\"},{\"@type\":\"Organization\",\"@id\":\"https:\\\/\\\/utfpr.curitiba.br\\\/daqbi\\\/#organization\",\"name\":\"Departamento Acad\u00eamico de Qu\u00edmica e Biologia UTFPR Curitiba\",\"alternateName\":\"DAQBI curitiba - Universidade Tecnol\u00f3gica Federal do Paran\u00e1\",\"url\":\"https:\\\/\\\/utfpr.curitiba.br\\\/daqbi\\\/\",\"logo\":{\"@type\":\"ImageObject\",\"inLanguage\":\"pt-BR\",\"@id\":\"https:\\\/\\\/utfpr.curitiba.br\\\/daqbi\\\/#\\\/schema\\\/logo\\\/image\\\/\",\"url\":\"https:\\\/\\\/utfpr-ct-static-content.s3.amazonaws.com\\\/utfpr.curitiba.br\\\/wp-content\\\/uploads\\\/sites\\\/149\\\/2023\\\/04\\\/daqbi_curto.png\",\"contentUrl\":\"https:\\\/\\\/utfpr-ct-static-content.s3.amazonaws.com\\\/utfpr.curitiba.br\\\/wp-content\\\/uploads\\\/sites\\\/149\\\/2023\\\/04\\\/daqbi_curto.png\",\"width\":600,\"height\":261,\"caption\":\"Departamento Acad\u00eamico de Qu\u00edmica e Biologia UTFPR Curitiba\"},\"image\":{\"@id\":\"https:\\\/\\\/utfpr.curitiba.br\\\/daqbi\\\/#\\\/schema\\\/logo\\\/image\\\/\"}},{\"@type\":\"Person\",\"@id\":\"https:\\\/\\\/utfpr.curitiba.br\\\/daqbi\\\/#\\\/schema\\\/person\\\/11d05fbf0ae1da84e9856c6a850e4aaf\",\"name\":\"LUIZ EDUARDO DE OLIVEIRA DA ROCHA\",\"image\":{\"@type\":\"ImageObject\",\"inLanguage\":\"pt-BR\",\"@id\":\"https:\\\/\\\/secure.gravatar.com\\\/avatar\\\/3301e2e7983219592643c5980b9c41c8aa4eca3a82fe21aa86aa906ce84e46cd?s=96&d=mm&r=g\",\"url\":\"https:\\\/\\\/secure.gravatar.com\\\/avatar\\\/3301e2e7983219592643c5980b9c41c8aa4eca3a82fe21aa86aa906ce84e46cd?s=96&d=mm&r=g\",\"contentUrl\":\"https:\\\/\\\/secure.gravatar.com\\\/avatar\\\/3301e2e7983219592643c5980b9c41c8aa4eca3a82fe21aa86aa906ce84e46cd?s=96&d=mm&r=g\",\"caption\":\"LUIZ EDUARDO DE OLIVEIRA DA ROCHA\"},\"url\":\"https:\\\/\\\/utfpr.curitiba.br\\\/daqbi\\\/author\\\/e-lerocha\\\/\"}]}<\/script>\n<!-- \/ Yoast SEO plugin. -->","yoast_head_json":{"title":"UTFPR realiza\u00a0SEI-Sicite entre 20 e 24 de outubro em\u00a0Curitiba - DAQBi","robots":{"index":"index","follow":"follow","max-snippet":"max-snippet:-1","max-image-preview":"max-image-preview:large","max-video-preview":"max-video-preview:-1"},"canonical":"https:\/\/utfpr.curitiba.br\/daqbi\/utfpr-realiza-sei-sicite-entre-20-e-24-de-outubro-em-curitiba\/","og_locale":"pt_BR","og_type":"article","og_title":"UTFPR realiza\u00a0SEI-Sicite entre 20 e 24 de outubro em\u00a0Curitiba - DAQBi","og_description":"Maior evento institucional, cient\u00edfico e tecnol\u00f3gico \u00e9 aberto e gratuito \u00e0 comunidade","og_url":"https:\/\/utfpr.curitiba.br\/daqbi\/utfpr-realiza-sei-sicite-entre-20-e-24-de-outubro-em-curitiba\/","og_site_name":"DAQBi","article_published_time":"2025-10-14T18:51:27+00:00","article_modified_time":"2025-10-14T18:51:31+00:00","og_image":[{"width":768,"height":508,"url":"https:\/\/utfpr-ct-static-content.s3.amazonaws.com\/utfpr.curitiba.br\/wp-content\/uploads\/sites\/149\/2025\/10\/sei-sicite-2.png","type":"image\/png"}],"author":"LUIZ EDUARDO DE OLIVEIRA DA ROCHA","twitter_card":"summary_large_image","twitter_misc":{"Written by":"LUIZ EDUARDO DE OLIVEIRA DA ROCHA","Est. reading time":"4 minutos"},"schema":{"@context":"https:\/\/schema.org","@graph":[{"@type":"Article","@id":"https:\/\/utfpr.curitiba.br\/daqbi\/utfpr-realiza-sei-sicite-entre-20-e-24-de-outubro-em-curitiba\/#article","isPartOf":{"@id":"https:\/\/utfpr.curitiba.br\/daqbi\/utfpr-realiza-sei-sicite-entre-20-e-24-de-outubro-em-curitiba\/"},"author":{"name":"LUIZ EDUARDO DE OLIVEIRA DA ROCHA","@id":"https:\/\/utfpr.curitiba.br\/daqbi\/#\/schema\/person\/11d05fbf0ae1da84e9856c6a850e4aaf"},"headline":"UTFPR realiza\u00a0SEI-Sicite entre 20 e 24 de outubro em\u00a0Curitiba","datePublished":"2025-10-14T18:51:27+00:00","dateModified":"2025-10-14T18:51:31+00:00","mainEntityOfPage":{"@id":"https:\/\/utfpr.curitiba.br\/daqbi\/utfpr-realiza-sei-sicite-entre-20-e-24-de-outubro-em-curitiba\/"},"wordCount":801,"publisher":{"@id":"https:\/\/utfpr.curitiba.br\/daqbi\/#organization"},"image":{"@id":"https:\/\/utfpr.curitiba.br\/daqbi\/utfpr-realiza-sei-sicite-entre-20-e-24-de-outubro-em-curitiba\/#primaryimage"},"thumbnailUrl":"https:\/\/utfpr-ct-static-content.s3.amazonaws.com\/utfpr.curitiba.br\/wp-content\/uploads\/sites\/149\/2025\/10\/sei-sicite-2.png","articleSection":["Noticias da UTFPR"],"inLanguage":"pt-BR"},{"@type":"WebPage","@id":"https:\/\/utfpr.curitiba.br\/daqbi\/utfpr-realiza-sei-sicite-entre-20-e-24-de-outubro-em-curitiba\/","url":"https:\/\/utfpr.curitiba.br\/daqbi\/utfpr-realiza-sei-sicite-entre-20-e-24-de-outubro-em-curitiba\/","name":"UTFPR realiza\u00a0SEI-Sicite entre 20 e 24 de outubro em\u00a0Curitiba - DAQBi","isPartOf":{"@id":"https:\/\/utfpr.curitiba.br\/daqbi\/#website"},"primaryImageOfPage":{"@id":"https:\/\/utfpr.curitiba.br\/daqbi\/utfpr-realiza-sei-sicite-entre-20-e-24-de-outubro-em-curitiba\/#primaryimage"},"image":{"@id":"https:\/\/utfpr.curitiba.br\/daqbi\/utfpr-realiza-sei-sicite-entre-20-e-24-de-outubro-em-curitiba\/#primaryimage"},"thumbnailUrl":"https:\/\/utfpr-ct-static-content.s3.amazonaws.com\/utfpr.curitiba.br\/wp-content\/uploads\/sites\/149\/2025\/10\/sei-sicite-2.png","datePublished":"2025-10-14T18:51:27+00:00","dateModified":"2025-10-14T18:51:31+00:00","breadcrumb":{"@id":"https:\/\/utfpr.curitiba.br\/daqbi\/utfpr-realiza-sei-sicite-entre-20-e-24-de-outubro-em-curitiba\/#breadcrumb"},"inLanguage":"pt-BR","potentialAction":[{"@type":"ReadAction","target":["https:\/\/utfpr.curitiba.br\/daqbi\/utfpr-realiza-sei-sicite-entre-20-e-24-de-outubro-em-curitiba\/"]}]},{"@type":"ImageObject","inLanguage":"pt-BR","@id":"https:\/\/utfpr.curitiba.br\/daqbi\/utfpr-realiza-sei-sicite-entre-20-e-24-de-outubro-em-curitiba\/#primaryimage","url":"https:\/\/utfpr-ct-static-content.s3.amazonaws.com\/utfpr.curitiba.br\/wp-content\/uploads\/sites\/149\/2025\/10\/sei-sicite-2.png","contentUrl":"https:\/\/utfpr-ct-static-content.s3.amazonaws.com\/utfpr.curitiba.br\/wp-content\/uploads\/sites\/149\/2025\/10\/sei-sicite-2.png","width":768,"height":508},{"@type":"BreadcrumbList","@id":"https:\/\/utfpr.curitiba.br\/daqbi\/utfpr-realiza-sei-sicite-entre-20-e-24-de-outubro-em-curitiba\/#breadcrumb","itemListElement":[{"@type":"ListItem","position":1,"name":"Home","item":"https:\/\/utfpr.curitiba.br\/daqbi\/"},{"@type":"ListItem","position":2,"name":"UTFPR realiza\u00a0SEI-Sicite entre 20 e 24 de outubro em\u00a0Curitiba"}]},{"@type":"WebSite","@id":"https:\/\/utfpr.curitiba.br\/daqbi\/#website","url":"https:\/\/utfpr.curitiba.br\/daqbi\/","name":"DAQBi","description":"Departamento Acad\u00eamico de Qu\u00edmica e Biologia - UTFPR Campus Curitiba","publisher":{"@id":"https:\/\/utfpr.curitiba.br\/daqbi\/#organization"},"alternateName":"Daqbi Curitiba - UTFPR","potentialAction":[{"@type":"SearchAction","target":{"@type":"EntryPoint","urlTemplate":"https:\/\/utfpr.curitiba.br\/daqbi\/?s={search_term_string}"},"query-input":{"@type":"PropertyValueSpecification","valueRequired":true,"valueName":"search_term_string"}}],"inLanguage":"pt-BR"},{"@type":"Organization","@id":"https:\/\/utfpr.curitiba.br\/daqbi\/#organization","name":"Departamento Acad\u00eamico de Qu\u00edmica e Biologia UTFPR Curitiba","alternateName":"DAQBI curitiba - Universidade Tecnol\u00f3gica Federal do Paran\u00e1","url":"https:\/\/utfpr.curitiba.br\/daqbi\/","logo":{"@type":"ImageObject","inLanguage":"pt-BR","@id":"https:\/\/utfpr.curitiba.br\/daqbi\/#\/schema\/logo\/image\/","url":"https:\/\/utfpr-ct-static-content.s3.amazonaws.com\/utfpr.curitiba.br\/wp-content\/uploads\/sites\/149\/2023\/04\/daqbi_curto.png","contentUrl":"https:\/\/utfpr-ct-static-content.s3.amazonaws.com\/utfpr.curitiba.br\/wp-content\/uploads\/sites\/149\/2023\/04\/daqbi_curto.png","width":600,"height":261,"caption":"Departamento Acad\u00eamico de Qu\u00edmica e Biologia UTFPR Curitiba"},"image":{"@id":"https:\/\/utfpr.curitiba.br\/daqbi\/#\/schema\/logo\/image\/"}},{"@type":"Person","@id":"https:\/\/utfpr.curitiba.br\/daqbi\/#\/schema\/person\/11d05fbf0ae1da84e9856c6a850e4aaf","name":"LUIZ EDUARDO DE OLIVEIRA DA ROCHA","image":{"@type":"ImageObject","inLanguage":"pt-BR","@id":"https:\/\/secure.gravatar.com\/avatar\/3301e2e7983219592643c5980b9c41c8aa4eca3a82fe21aa86aa906ce84e46cd?s=96&d=mm&r=g","url":"https:\/\/secure.gravatar.com\/avatar\/3301e2e7983219592643c5980b9c41c8aa4eca3a82fe21aa86aa906ce84e46cd?s=96&d=mm&r=g","contentUrl":"https:\/\/secure.gravatar.com\/avatar\/3301e2e7983219592643c5980b9c41c8aa4eca3a82fe21aa86aa906ce84e46cd?s=96&d=mm&r=g","caption":"LUIZ EDUARDO DE OLIVEIRA DA ROCHA"},"url":"https:\/\/utfpr.curitiba.br\/daqbi\/author\/e-lerocha\/"}]}},"_links":{"self":[{"href":"https:\/\/utfpr.curitiba.br\/daqbi\/wp-json\/wp\/v2\/posts\/5836","targetHints":{"allow":["GET"]}}],"collection":[{"href":"https:\/\/utfpr.curitiba.br\/daqbi\/wp-json\/wp\/v2\/posts"}],"about":[{"href":"https:\/\/utfpr.curitiba.br\/daqbi\/wp-json\/wp\/v2\/types\/post"}],"author":[{"embeddable":true,"href":"https:\/\/utfpr.curitiba.br\/daqbi\/wp-json\/wp\/v2\/users\/413"}],"replies":[{"embeddable":true,"href":"https:\/\/utfpr.curitiba.br\/daqbi\/wp-json\/wp\/v2\/comments?post=5836"}],"version-history":[{"count":1,"href":"https:\/\/utfpr.curitiba.br\/daqbi\/wp-json\/wp\/v2\/posts\/5836\/revisions"}],"predecessor-version":[{"id":5838,"href":"https:\/\/utfpr.curitiba.br\/daqbi\/wp-json\/wp\/v2\/posts\/5836\/revisions\/5838"}],"wp:featuredmedia":[{"embeddable":true,"href":"https:\/\/utfpr.curitiba.br\/daqbi\/wp-json\/wp\/v2\/media\/5837"}],"wp:attachment":[{"href":"https:\/\/utfpr.curitiba.br\/daqbi\/wp-json\/wp\/v2\/media?parent=5836"}],"wp:term":[{"taxonomy":"category","embeddable":true,"href":"https:\/\/utfpr.curitiba.br\/daqbi\/wp-json\/wp\/v2\/categories?post=5836"},{"taxonomy":"post_tag","embeddable":true,"href":"https:\/\/utfpr.curitiba.br\/daqbi\/wp-json\/wp\/v2\/tags?post=5836"}],"curies":[{"name":"wp","href":"https:\/\/api.w.org\/{rel}","templated":true}]}}