{"id":5764,"date":"2025-10-10T14:43:23","date_gmt":"2025-10-10T17:43:23","guid":{"rendered":"https:\/\/utfpr.curitiba.br\/daqbi\/?p=5764"},"modified":"2025-10-10T15:06:58","modified_gmt":"2025-10-10T18:06:58","slug":"vem-ai-o-sei-sicite","status":"publish","type":"post","link":"https:\/\/utfpr.curitiba.br\/daqbi\/vem-ai-o-sei-sicite\/","title":{"rendered":"Vem a\u00ed o\u00a0SEI-SICITE"},"content":{"rendered":"\n<p>O maior encontro acad\u00eamico da UTFPR acontecer\u00e1 de 20 a 24 de outubro, em&nbsp;Curitiba<\/p>\n\n\n\n<p><\/p>\n\n\n\n<p>Ap\u00f3s mais de uma d\u00e9cada, o campus&nbsp;Curitiba&nbsp;da UTFPR recebe novamente o&nbsp;SEI-SICITE, evento que re\u00fane o Semin\u00e1rio de Extens\u00e3o e Inova\u00e7\u00e3o (SEI) e o Semin\u00e1rio de Inicia\u00e7\u00e3o Cient\u00edfica e Tecnol\u00f3gica (SICITE). Acad\u00eamicos de todos os campi da Tecnol\u00f3gica vir\u00e3o para a cidade participar desta confraterniza\u00e7\u00e3o cient\u00edfica.<\/p>\n\n\n\n<p>No SICITE, estudantes de inicia\u00e7\u00e3o cient\u00edfica apresentam resultados de pesquisas nas \u00e1reas de ci\u00eancia e tecnologia, evidenciando m\u00e9todos, achados e aplica\u00e7\u00f5es. J\u00e1 o&nbsp;SEI&nbsp;d\u00e1 visibilidade \u00e0s a\u00e7\u00f5es de extens\u00e3o universit\u00e1ria e a projetos de inova\u00e7\u00e3o que ampliam o di\u00e1logo da UTFPR com a sociedade e aproximam a produ\u00e7\u00e3o acad\u00eamica de demandas reais da comunidade.<\/p>\n\n\n\n<p><strong>Tradi\u00e7\u00e3o<\/strong><\/p>\n\n\n\n<p>O evento tem trajet\u00f3ria hist\u00f3rica na institui\u00e7\u00e3o. O SICITE ocorreu pela primeira vez em 1996, quando a UTFPR ainda era o CEFET, antecedendo a transforma\u00e7\u00e3o em universidade em 2005. Desde ent\u00e3o, consolidou-se como espa\u00e7o tradicional de divulga\u00e7\u00e3o cient\u00edfica e tecnol\u00f3gica, agora somado ao&nbsp;SEI&nbsp;, fortalecendo a integra\u00e7\u00e3o entre pesquisa, extens\u00e3o e inova\u00e7\u00e3o.<\/p>\n\n\n\n<p><strong>Programa\u00e7\u00e3o<\/strong><\/p>\n\n\n\n<p>Ao longo da programa\u00e7\u00e3o, a comunidade universit\u00e1ria e o p\u00fablico externo poder\u00e3o conhecer trabalhos em diferentes \u00e1reas. As atividades incluem palestras presenciais (algumas com transmiss\u00e3o), oficinas pr\u00e1ticas, visitas t\u00e9cnicas e atividades socioculturais e recreativas. As apresenta\u00e7\u00f5es de trabalhos dos participantes se dar\u00e3o nas modalidades presencial e on-line. As inscri\u00e7\u00f5es para ouvintes s\u00e3o abertas a todos e ficam dispon\u00edveis at\u00e9 24 de outubro.<\/p>\n\n\n\n<p>Para mais informa\u00e7\u00f5es, visite o&nbsp;<a href=\"https:\/\/www.even3.com.br\/sei-sicite-2025-593680\/\">site do&nbsp;SEI-SICITE<\/a>, onde tamb\u00e9m \u00e9 poss\u00edvel realizar inscri\u00e7\u00f5es, ou o&nbsp;<a href=\"https:\/\/www.instagram.com\/sei_sicite\/\">perfil de Instagram do evento.<\/a><\/p>\n\n\n\n<p><\/p>\n","protected":false},"excerpt":{"rendered":"<p>O maior encontro acad\u00eamico da UTFPR acontecer\u00e1 de 20 a 24 de outubro, em Curitiba<\/p>\n","protected":false},"author":413,"featured_media":5765,"comment_status":"closed","ping_status":"open","sticky":false,"template":"","format":"standard","meta":{"site-sidebar-layout":"default","site-content-layout":"","ast-site-content-layout":"default","site-content-style":"default","site-sidebar-style":"default","ast-global-header-display":"","ast-banner-title-visibility":"","ast-main-header-display":"","ast-hfb-above-header-display":"","ast-hfb-below-header-display":"","ast-hfb-mobile-header-display":"","site-post-title":"","ast-breadcrumbs-content":"","ast-featured-img":"","footer-sml-layout":"","ast-disable-related-posts":"","theme-transparent-header-meta":"","adv-header-id-meta":"","stick-header-meta":"","header-above-stick-meta":"","header-main-stick-meta":"","header-below-stick-meta":"","astra-migrate-meta-layouts":"set","ast-page-background-enabled":"default","ast-page-background-meta":{"desktop":{"background-color":"var(--ast-global-color-4)","background-image":"","background-repeat":"repeat","background-position":"center center","background-size":"auto","background-attachment":"scroll","background-type":"","background-media":"","overlay-type":"","overlay-color":"","overlay-opacity":"","overlay-gradient":""},"tablet":{"background-color":"","background-image":"","background-repeat":"repeat","background-position":"center center","background-size":"auto","background-attachment":"scroll","background-type":"","background-media":"","overlay-type":"","overlay-color":"","overlay-opacity":"","overlay-gradient":""},"mobile":{"background-color":"","background-image":"","background-repeat":"repeat","background-position":"center center","background-size":"auto","background-attachment":"scroll","background-type":"","background-media":"","overlay-type":"","overlay-color":"","overlay-opacity":"","overlay-gradient":""}},"ast-content-background-meta":{"desktop":{"background-color":"var(--ast-global-color-5)","background-image":"","background-repeat":"repeat","background-position":"center center","background-size":"auto","background-attachment":"scroll","background-type":"","background-media":"","overlay-type":"","overlay-color":"","overlay-opacity":"","overlay-gradient":""},"tablet":{"background-color":"var(--ast-global-color-5)","background-image":"","background-repeat":"repeat","background-position":"center center","background-size":"auto","background-attachment":"scroll","background-type":"","background-media":"","overlay-type":"","overlay-color":"","overlay-opacity":"","overlay-gradient":""},"mobile":{"background-color":"var(--ast-global-color-5)","background-image":"","background-repeat":"repeat","background-position":"center center","background-size":"auto","background-attachment":"scroll","background-type":"","background-media":"","overlay-type":"","overlay-color":"","overlay-opacity":"","overlay-gradient":""}},"footnotes":""},"categories":[27],"tags":[],"class_list":["post-5764","post","type-post","status-publish","format-standard","has-post-thumbnail","hentry","category-noticias-da-utfpr"],"yoast_head":"<!-- This site is optimized with the Yoast SEO plugin v27.4 - https:\/\/yoast.com\/product\/yoast-seo-wordpress\/ -->\n<title>Vem a\u00ed o\u00a0SEI-SICITE - DAQBi<\/title>\n<meta name=\"robots\" content=\"index, follow, max-snippet:-1, max-image-preview:large, max-video-preview:-1\" \/>\n<link rel=\"canonical\" href=\"https:\/\/utfpr.curitiba.br\/daqbi\/vem-ai-o-sei-sicite\/\" \/>\n<meta property=\"og:locale\" content=\"pt_BR\" \/>\n<meta property=\"og:type\" content=\"article\" \/>\n<meta property=\"og:title\" content=\"Vem a\u00ed o\u00a0SEI-SICITE - DAQBi\" \/>\n<meta property=\"og:description\" content=\"O maior encontro acad\u00eamico da UTFPR acontecer\u00e1 de 20 a 24 de outubro, em Curitiba\" \/>\n<meta property=\"og:url\" content=\"https:\/\/utfpr.curitiba.br\/daqbi\/vem-ai-o-sei-sicite\/\" \/>\n<meta property=\"og:site_name\" content=\"DAQBi\" \/>\n<meta property=\"article:published_time\" content=\"2025-10-10T17:43:23+00:00\" \/>\n<meta property=\"article:modified_time\" content=\"2025-10-10T18:06:58+00:00\" \/>\n<meta property=\"og:image\" content=\"https:\/\/utfpr-ct-static-content.s3.amazonaws.com\/utfpr.curitiba.br\/wp-content\/uploads\/sites\/149\/2025\/10\/sei-sicite.png\" \/>\n\t<meta property=\"og:image:width\" content=\"664\" \/>\n\t<meta property=\"og:image:height\" content=\"454\" \/>\n\t<meta property=\"og:image:type\" content=\"image\/png\" \/>\n<meta name=\"author\" content=\"LUIZ EDUARDO DE OLIVEIRA DA ROCHA\" \/>\n<meta name=\"twitter:card\" content=\"summary_large_image\" \/>\n<meta name=\"twitter:label1\" content=\"Written by\" \/>\n\t<meta name=\"twitter:data1\" content=\"LUIZ EDUARDO DE OLIVEIRA DA ROCHA\" \/>\n\t<meta name=\"twitter:label2\" content=\"Est. reading time\" \/>\n\t<meta name=\"twitter:data2\" content=\"2 minutos\" \/>\n<script type=\"application\/ld+json\" class=\"yoast-schema-graph\">{\"@context\":\"https:\\\/\\\/schema.org\",\"@graph\":[{\"@type\":\"Article\",\"@id\":\"https:\\\/\\\/utfpr.curitiba.br\\\/daqbi\\\/vem-ai-o-sei-sicite\\\/#article\",\"isPartOf\":{\"@id\":\"https:\\\/\\\/utfpr.curitiba.br\\\/daqbi\\\/vem-ai-o-sei-sicite\\\/\"},\"author\":{\"name\":\"LUIZ EDUARDO DE OLIVEIRA DA ROCHA\",\"@id\":\"https:\\\/\\\/utfpr.curitiba.br\\\/daqbi\\\/#\\\/schema\\\/person\\\/11d05fbf0ae1da84e9856c6a850e4aaf\"},\"headline\":\"Vem a\u00ed o\u00a0SEI-SICITE\",\"datePublished\":\"2025-10-10T17:43:23+00:00\",\"dateModified\":\"2025-10-10T18:06:58+00:00\",\"mainEntityOfPage\":{\"@id\":\"https:\\\/\\\/utfpr.curitiba.br\\\/daqbi\\\/vem-ai-o-sei-sicite\\\/\"},\"wordCount\":322,\"publisher\":{\"@id\":\"https:\\\/\\\/utfpr.curitiba.br\\\/daqbi\\\/#organization\"},\"image\":{\"@id\":\"https:\\\/\\\/utfpr.curitiba.br\\\/daqbi\\\/vem-ai-o-sei-sicite\\\/#primaryimage\"},\"thumbnailUrl\":\"https:\\\/\\\/utfpr-ct-static-content.s3.amazonaws.com\\\/utfpr.curitiba.br\\\/wp-content\\\/uploads\\\/sites\\\/149\\\/2025\\\/10\\\/sei-sicite.png\",\"articleSection\":[\"Noticias da UTFPR\"],\"inLanguage\":\"pt-BR\"},{\"@type\":\"WebPage\",\"@id\":\"https:\\\/\\\/utfpr.curitiba.br\\\/daqbi\\\/vem-ai-o-sei-sicite\\\/\",\"url\":\"https:\\\/\\\/utfpr.curitiba.br\\\/daqbi\\\/vem-ai-o-sei-sicite\\\/\",\"name\":\"Vem a\u00ed o\u00a0SEI-SICITE - DAQBi\",\"isPartOf\":{\"@id\":\"https:\\\/\\\/utfpr.curitiba.br\\\/daqbi\\\/#website\"},\"primaryImageOfPage\":{\"@id\":\"https:\\\/\\\/utfpr.curitiba.br\\\/daqbi\\\/vem-ai-o-sei-sicite\\\/#primaryimage\"},\"image\":{\"@id\":\"https:\\\/\\\/utfpr.curitiba.br\\\/daqbi\\\/vem-ai-o-sei-sicite\\\/#primaryimage\"},\"thumbnailUrl\":\"https:\\\/\\\/utfpr-ct-static-content.s3.amazonaws.com\\\/utfpr.curitiba.br\\\/wp-content\\\/uploads\\\/sites\\\/149\\\/2025\\\/10\\\/sei-sicite.png\",\"datePublished\":\"2025-10-10T17:43:23+00:00\",\"dateModified\":\"2025-10-10T18:06:58+00:00\",\"breadcrumb\":{\"@id\":\"https:\\\/\\\/utfpr.curitiba.br\\\/daqbi\\\/vem-ai-o-sei-sicite\\\/#breadcrumb\"},\"inLanguage\":\"pt-BR\",\"potentialAction\":[{\"@type\":\"ReadAction\",\"target\":[\"https:\\\/\\\/utfpr.curitiba.br\\\/daqbi\\\/vem-ai-o-sei-sicite\\\/\"]}]},{\"@type\":\"ImageObject\",\"inLanguage\":\"pt-BR\",\"@id\":\"https:\\\/\\\/utfpr.curitiba.br\\\/daqbi\\\/vem-ai-o-sei-sicite\\\/#primaryimage\",\"url\":\"https:\\\/\\\/utfpr-ct-static-content.s3.amazonaws.com\\\/utfpr.curitiba.br\\\/wp-content\\\/uploads\\\/sites\\\/149\\\/2025\\\/10\\\/sei-sicite.png\",\"contentUrl\":\"https:\\\/\\\/utfpr-ct-static-content.s3.amazonaws.com\\\/utfpr.curitiba.br\\\/wp-content\\\/uploads\\\/sites\\\/149\\\/2025\\\/10\\\/sei-sicite.png\",\"width\":664,\"height\":454},{\"@type\":\"BreadcrumbList\",\"@id\":\"https:\\\/\\\/utfpr.curitiba.br\\\/daqbi\\\/vem-ai-o-sei-sicite\\\/#breadcrumb\",\"itemListElement\":[{\"@type\":\"ListItem\",\"position\":1,\"name\":\"Home\",\"item\":\"https:\\\/\\\/utfpr.curitiba.br\\\/daqbi\\\/\"},{\"@type\":\"ListItem\",\"position\":2,\"name\":\"Vem a\u00ed o\u00a0SEI-SICITE\"}]},{\"@type\":\"WebSite\",\"@id\":\"https:\\\/\\\/utfpr.curitiba.br\\\/daqbi\\\/#website\",\"url\":\"https:\\\/\\\/utfpr.curitiba.br\\\/daqbi\\\/\",\"name\":\"DAQBi\",\"description\":\"Departamento Acad\u00eamico de Qu\u00edmica e Biologia - UTFPR Campus Curitiba\",\"publisher\":{\"@id\":\"https:\\\/\\\/utfpr.curitiba.br\\\/daqbi\\\/#organization\"},\"alternateName\":\"Daqbi Curitiba - UTFPR\",\"potentialAction\":[{\"@type\":\"SearchAction\",\"target\":{\"@type\":\"EntryPoint\",\"urlTemplate\":\"https:\\\/\\\/utfpr.curitiba.br\\\/daqbi\\\/?s={search_term_string}\"},\"query-input\":{\"@type\":\"PropertyValueSpecification\",\"valueRequired\":true,\"valueName\":\"search_term_string\"}}],\"inLanguage\":\"pt-BR\"},{\"@type\":\"Organization\",\"@id\":\"https:\\\/\\\/utfpr.curitiba.br\\\/daqbi\\\/#organization\",\"name\":\"Departamento Acad\u00eamico de Qu\u00edmica e Biologia UTFPR Curitiba\",\"alternateName\":\"DAQBI curitiba - Universidade Tecnol\u00f3gica Federal do Paran\u00e1\",\"url\":\"https:\\\/\\\/utfpr.curitiba.br\\\/daqbi\\\/\",\"logo\":{\"@type\":\"ImageObject\",\"inLanguage\":\"pt-BR\",\"@id\":\"https:\\\/\\\/utfpr.curitiba.br\\\/daqbi\\\/#\\\/schema\\\/logo\\\/image\\\/\",\"url\":\"https:\\\/\\\/utfpr-ct-static-content.s3.amazonaws.com\\\/utfpr.curitiba.br\\\/wp-content\\\/uploads\\\/sites\\\/149\\\/2023\\\/04\\\/daqbi_curto.png\",\"contentUrl\":\"https:\\\/\\\/utfpr-ct-static-content.s3.amazonaws.com\\\/utfpr.curitiba.br\\\/wp-content\\\/uploads\\\/sites\\\/149\\\/2023\\\/04\\\/daqbi_curto.png\",\"width\":600,\"height\":261,\"caption\":\"Departamento Acad\u00eamico de Qu\u00edmica e Biologia UTFPR Curitiba\"},\"image\":{\"@id\":\"https:\\\/\\\/utfpr.curitiba.br\\\/daqbi\\\/#\\\/schema\\\/logo\\\/image\\\/\"}},{\"@type\":\"Person\",\"@id\":\"https:\\\/\\\/utfpr.curitiba.br\\\/daqbi\\\/#\\\/schema\\\/person\\\/11d05fbf0ae1da84e9856c6a850e4aaf\",\"name\":\"LUIZ EDUARDO DE OLIVEIRA DA ROCHA\",\"image\":{\"@type\":\"ImageObject\",\"inLanguage\":\"pt-BR\",\"@id\":\"https:\\\/\\\/secure.gravatar.com\\\/avatar\\\/3301e2e7983219592643c5980b9c41c8aa4eca3a82fe21aa86aa906ce84e46cd?s=96&d=mm&r=g\",\"url\":\"https:\\\/\\\/secure.gravatar.com\\\/avatar\\\/3301e2e7983219592643c5980b9c41c8aa4eca3a82fe21aa86aa906ce84e46cd?s=96&d=mm&r=g\",\"contentUrl\":\"https:\\\/\\\/secure.gravatar.com\\\/avatar\\\/3301e2e7983219592643c5980b9c41c8aa4eca3a82fe21aa86aa906ce84e46cd?s=96&d=mm&r=g\",\"caption\":\"LUIZ EDUARDO DE OLIVEIRA DA ROCHA\"},\"url\":\"https:\\\/\\\/utfpr.curitiba.br\\\/daqbi\\\/author\\\/e-lerocha\\\/\"}]}<\/script>\n<!-- \/ Yoast SEO plugin. -->","yoast_head_json":{"title":"Vem a\u00ed o\u00a0SEI-SICITE - DAQBi","robots":{"index":"index","follow":"follow","max-snippet":"max-snippet:-1","max-image-preview":"max-image-preview:large","max-video-preview":"max-video-preview:-1"},"canonical":"https:\/\/utfpr.curitiba.br\/daqbi\/vem-ai-o-sei-sicite\/","og_locale":"pt_BR","og_type":"article","og_title":"Vem a\u00ed o\u00a0SEI-SICITE - DAQBi","og_description":"O maior encontro acad\u00eamico da UTFPR acontecer\u00e1 de 20 a 24 de outubro, em Curitiba","og_url":"https:\/\/utfpr.curitiba.br\/daqbi\/vem-ai-o-sei-sicite\/","og_site_name":"DAQBi","article_published_time":"2025-10-10T17:43:23+00:00","article_modified_time":"2025-10-10T18:06:58+00:00","og_image":[{"width":664,"height":454,"url":"https:\/\/utfpr-ct-static-content.s3.amazonaws.com\/utfpr.curitiba.br\/wp-content\/uploads\/sites\/149\/2025\/10\/sei-sicite.png","type":"image\/png"}],"author":"LUIZ EDUARDO DE OLIVEIRA DA ROCHA","twitter_card":"summary_large_image","twitter_misc":{"Written by":"LUIZ EDUARDO DE OLIVEIRA DA ROCHA","Est. reading time":"2 minutos"},"schema":{"@context":"https:\/\/schema.org","@graph":[{"@type":"Article","@id":"https:\/\/utfpr.curitiba.br\/daqbi\/vem-ai-o-sei-sicite\/#article","isPartOf":{"@id":"https:\/\/utfpr.curitiba.br\/daqbi\/vem-ai-o-sei-sicite\/"},"author":{"name":"LUIZ EDUARDO DE OLIVEIRA DA ROCHA","@id":"https:\/\/utfpr.curitiba.br\/daqbi\/#\/schema\/person\/11d05fbf0ae1da84e9856c6a850e4aaf"},"headline":"Vem a\u00ed o\u00a0SEI-SICITE","datePublished":"2025-10-10T17:43:23+00:00","dateModified":"2025-10-10T18:06:58+00:00","mainEntityOfPage":{"@id":"https:\/\/utfpr.curitiba.br\/daqbi\/vem-ai-o-sei-sicite\/"},"wordCount":322,"publisher":{"@id":"https:\/\/utfpr.curitiba.br\/daqbi\/#organization"},"image":{"@id":"https:\/\/utfpr.curitiba.br\/daqbi\/vem-ai-o-sei-sicite\/#primaryimage"},"thumbnailUrl":"https:\/\/utfpr-ct-static-content.s3.amazonaws.com\/utfpr.curitiba.br\/wp-content\/uploads\/sites\/149\/2025\/10\/sei-sicite.png","articleSection":["Noticias da UTFPR"],"inLanguage":"pt-BR"},{"@type":"WebPage","@id":"https:\/\/utfpr.curitiba.br\/daqbi\/vem-ai-o-sei-sicite\/","url":"https:\/\/utfpr.curitiba.br\/daqbi\/vem-ai-o-sei-sicite\/","name":"Vem a\u00ed o\u00a0SEI-SICITE - DAQBi","isPartOf":{"@id":"https:\/\/utfpr.curitiba.br\/daqbi\/#website"},"primaryImageOfPage":{"@id":"https:\/\/utfpr.curitiba.br\/daqbi\/vem-ai-o-sei-sicite\/#primaryimage"},"image":{"@id":"https:\/\/utfpr.curitiba.br\/daqbi\/vem-ai-o-sei-sicite\/#primaryimage"},"thumbnailUrl":"https:\/\/utfpr-ct-static-content.s3.amazonaws.com\/utfpr.curitiba.br\/wp-content\/uploads\/sites\/149\/2025\/10\/sei-sicite.png","datePublished":"2025-10-10T17:43:23+00:00","dateModified":"2025-10-10T18:06:58+00:00","breadcrumb":{"@id":"https:\/\/utfpr.curitiba.br\/daqbi\/vem-ai-o-sei-sicite\/#breadcrumb"},"inLanguage":"pt-BR","potentialAction":[{"@type":"ReadAction","target":["https:\/\/utfpr.curitiba.br\/daqbi\/vem-ai-o-sei-sicite\/"]}]},{"@type":"ImageObject","inLanguage":"pt-BR","@id":"https:\/\/utfpr.curitiba.br\/daqbi\/vem-ai-o-sei-sicite\/#primaryimage","url":"https:\/\/utfpr-ct-static-content.s3.amazonaws.com\/utfpr.curitiba.br\/wp-content\/uploads\/sites\/149\/2025\/10\/sei-sicite.png","contentUrl":"https:\/\/utfpr-ct-static-content.s3.amazonaws.com\/utfpr.curitiba.br\/wp-content\/uploads\/sites\/149\/2025\/10\/sei-sicite.png","width":664,"height":454},{"@type":"BreadcrumbList","@id":"https:\/\/utfpr.curitiba.br\/daqbi\/vem-ai-o-sei-sicite\/#breadcrumb","itemListElement":[{"@type":"ListItem","position":1,"name":"Home","item":"https:\/\/utfpr.curitiba.br\/daqbi\/"},{"@type":"ListItem","position":2,"name":"Vem a\u00ed o\u00a0SEI-SICITE"}]},{"@type":"WebSite","@id":"https:\/\/utfpr.curitiba.br\/daqbi\/#website","url":"https:\/\/utfpr.curitiba.br\/daqbi\/","name":"DAQBi","description":"Departamento Acad\u00eamico de Qu\u00edmica e Biologia - UTFPR Campus Curitiba","publisher":{"@id":"https:\/\/utfpr.curitiba.br\/daqbi\/#organization"},"alternateName":"Daqbi Curitiba - UTFPR","potentialAction":[{"@type":"SearchAction","target":{"@type":"EntryPoint","urlTemplate":"https:\/\/utfpr.curitiba.br\/daqbi\/?s={search_term_string}"},"query-input":{"@type":"PropertyValueSpecification","valueRequired":true,"valueName":"search_term_string"}}],"inLanguage":"pt-BR"},{"@type":"Organization","@id":"https:\/\/utfpr.curitiba.br\/daqbi\/#organization","name":"Departamento Acad\u00eamico de Qu\u00edmica e Biologia UTFPR Curitiba","alternateName":"DAQBI curitiba - Universidade Tecnol\u00f3gica Federal do Paran\u00e1","url":"https:\/\/utfpr.curitiba.br\/daqbi\/","logo":{"@type":"ImageObject","inLanguage":"pt-BR","@id":"https:\/\/utfpr.curitiba.br\/daqbi\/#\/schema\/logo\/image\/","url":"https:\/\/utfpr-ct-static-content.s3.amazonaws.com\/utfpr.curitiba.br\/wp-content\/uploads\/sites\/149\/2023\/04\/daqbi_curto.png","contentUrl":"https:\/\/utfpr-ct-static-content.s3.amazonaws.com\/utfpr.curitiba.br\/wp-content\/uploads\/sites\/149\/2023\/04\/daqbi_curto.png","width":600,"height":261,"caption":"Departamento Acad\u00eamico de Qu\u00edmica e Biologia UTFPR Curitiba"},"image":{"@id":"https:\/\/utfpr.curitiba.br\/daqbi\/#\/schema\/logo\/image\/"}},{"@type":"Person","@id":"https:\/\/utfpr.curitiba.br\/daqbi\/#\/schema\/person\/11d05fbf0ae1da84e9856c6a850e4aaf","name":"LUIZ EDUARDO DE OLIVEIRA DA ROCHA","image":{"@type":"ImageObject","inLanguage":"pt-BR","@id":"https:\/\/secure.gravatar.com\/avatar\/3301e2e7983219592643c5980b9c41c8aa4eca3a82fe21aa86aa906ce84e46cd?s=96&d=mm&r=g","url":"https:\/\/secure.gravatar.com\/avatar\/3301e2e7983219592643c5980b9c41c8aa4eca3a82fe21aa86aa906ce84e46cd?s=96&d=mm&r=g","contentUrl":"https:\/\/secure.gravatar.com\/avatar\/3301e2e7983219592643c5980b9c41c8aa4eca3a82fe21aa86aa906ce84e46cd?s=96&d=mm&r=g","caption":"LUIZ EDUARDO DE OLIVEIRA DA ROCHA"},"url":"https:\/\/utfpr.curitiba.br\/daqbi\/author\/e-lerocha\/"}]}},"_links":{"self":[{"href":"https:\/\/utfpr.curitiba.br\/daqbi\/wp-json\/wp\/v2\/posts\/5764","targetHints":{"allow":["GET"]}}],"collection":[{"href":"https:\/\/utfpr.curitiba.br\/daqbi\/wp-json\/wp\/v2\/posts"}],"about":[{"href":"https:\/\/utfpr.curitiba.br\/daqbi\/wp-json\/wp\/v2\/types\/post"}],"author":[{"embeddable":true,"href":"https:\/\/utfpr.curitiba.br\/daqbi\/wp-json\/wp\/v2\/users\/413"}],"replies":[{"embeddable":true,"href":"https:\/\/utfpr.curitiba.br\/daqbi\/wp-json\/wp\/v2\/comments?post=5764"}],"version-history":[{"count":3,"href":"https:\/\/utfpr.curitiba.br\/daqbi\/wp-json\/wp\/v2\/posts\/5764\/revisions"}],"predecessor-version":[{"id":5770,"href":"https:\/\/utfpr.curitiba.br\/daqbi\/wp-json\/wp\/v2\/posts\/5764\/revisions\/5770"}],"wp:featuredmedia":[{"embeddable":true,"href":"https:\/\/utfpr.curitiba.br\/daqbi\/wp-json\/wp\/v2\/media\/5765"}],"wp:attachment":[{"href":"https:\/\/utfpr.curitiba.br\/daqbi\/wp-json\/wp\/v2\/media?parent=5764"}],"wp:term":[{"taxonomy":"category","embeddable":true,"href":"https:\/\/utfpr.curitiba.br\/daqbi\/wp-json\/wp\/v2\/categories?post=5764"},{"taxonomy":"post_tag","embeddable":true,"href":"https:\/\/utfpr.curitiba.br\/daqbi\/wp-json\/wp\/v2\/tags?post=5764"}],"curies":[{"name":"wp","href":"https:\/\/api.w.org\/{rel}","templated":true}]}}