{"id":5761,"date":"2025-10-10T14:39:45","date_gmt":"2025-10-10T17:39:45","guid":{"rendered":"https:\/\/utfpr.curitiba.br\/daqbi\/?p=5761"},"modified":"2025-10-10T15:10:52","modified_gmt":"2025-10-10T18:10:52","slug":"viii-simposio-de-graduacao-e-pos-graduacao-do-daqbi-realizou-palestras-minicursos-e-feira-de-estagio","status":"publish","type":"post","link":"https:\/\/utfpr.curitiba.br\/daqbi\/viii-simposio-de-graduacao-e-pos-graduacao-do-daqbi-realizou-palestras-minicursos-e-feira-de-estagio\/","title":{"rendered":"VIII Simp\u00f3sio de Gradua\u00e7\u00e3o e P\u00f3s-Gradua\u00e7\u00e3o do DAQBI realizou palestras , minicursos e feira de est\u00e1gio"},"content":{"rendered":"\n<p>Evento realizado na sede Ecoville reuniu tend\u00eancias de pesquisa e de mercado<\/p>\n\n\n\n<p>A oitava edi\u00e7\u00e3o do Simp\u00f3sio do Departamento Acad\u00eamico de Qu\u00edmica e Biologia (VIII SIMDAQBI) aconteceu entre os dias 25 e 29 de agosto na sede Ecoville do campus&nbsp;Curitiba&nbsp;, demonstrando a import\u00e2ncia desse tipo de atividade para os acad\u00eamicos, departamento e institui\u00e7\u00e3o. A coordena\u00e7\u00e3o do evento coube \u00e0 professora Aliandra Gra\u00f1a de Medeiros, e a vice-coordenadora foi a professora Cristiane Piliss\u00e3o, contando com uma comiss\u00e3o organizadora de 55 integrantes, entre servidores e estudantes.<\/p>\n\n\n\n<p><br>Durante os cinco dias de evento, a organiza\u00e7\u00e3o trouxe para os 397 inscritos 15 palestras presenciais, tr\u00eas on-line, nove minicursos, quatro visitas t\u00e9cnicas, uma feira de est\u00e1gios, uma mesa-redonda, apresenta\u00e7\u00f5es orais e de p\u00f4steres de trabalhos cient\u00edficos produzidos no DAQBI. Tamb\u00e9m foram realizadas atividades de extens\u00e3o, com apresenta\u00e7\u00e3o de projetos e trabalhos, al\u00e9m da visita de alunos de escolas p\u00fablicas.<\/p>\n\n\n\n<h3 class=\"wp-block-heading\" id=\"evento\"><a href=\"https:\/\/www.utfpr.edu.br\/noticias\/curitiba\/viii-simposio-de-graduacao-e-pos-graduacao-do-daqbi-realizou-palestras-minicursos-e-feira-de-estagio#evento\"><\/a><br>Evento<\/h3>\n\n\n\n<p>Compuseram a mesa de abertura o diretor-geral do Campus&nbsp;Curitiba&nbsp;, professor Paulo Daniel Batista de Sousa, a pr\u00f3-reitora de pesquisa e p\u00f3s-gradua\u00e7\u00e3o, professora Michele Potrich e a diretora de pesquisa e p\u00f3s-gradua\u00e7\u00e3o do campus, professora L\u00facia Regina Rocha. O evento contou com apresenta\u00e7\u00e3o do Grupo Vocal Ter\u00e7a Maior, um dos grupos corais da UTFPR.<\/p>\n\n\n\n<p>Eventos como \u201co SIMDAQBI t\u00eam um papel essencial n\u00e3o s\u00f3 na forma\u00e7\u00e3o acad\u00eamica, mas tamb\u00e9m na vida universit\u00e1ria. Muitos estudantes apresentam seus primeiros trabalhos, fortalecem sua perman\u00eancia no curso, fazem amizades, ampliam horizontes e vivenciam aprendizados que v\u00e3o al\u00e9m da sala de aula. S\u00e3o atividades que&nbsp; d\u00e3o sentido \u00e0 vida acad\u00eamica e marcam a trajet\u00f3ria de quem participa&#8221;, declarou o professor Guilherme Schneider, diretor de gradua\u00e7\u00e3o e educa\u00e7\u00e3o profissional do Campus&nbsp;Curitiba&nbsp;e integrante da mesa de abertura.&nbsp;<\/p>\n\n\n\n<h3 class=\"wp-block-heading\" id=\"cultura-economia-e-integra\u00e7\u00e3o\"><a href=\"https:\/\/www.utfpr.edu.br\/noticias\/curitiba\/viii-simposio-de-graduacao-e-pos-graduacao-do-daqbi-realizou-palestras-minicursos-e-feira-de-estagio#cultura-economia-e-integra%C3%A7%C3%A3o\"><\/a>Cultura, economia e integra\u00e7\u00e3o<\/h3>\n\n\n\n<p>O Simp\u00f3sio tamb\u00e9m realizou exposi\u00e7\u00e3o dos produtores vinculados \u00e0 Tecsol, a Incubadora de Economia Solid\u00e1ria do Campus&nbsp;Curitiba&nbsp;. Os participantes tiveram atividade de socializa\u00e7\u00e3o, promovida pelos centros acad\u00eamicos; e um momento de &#8220;portas abertas&#8221;, onde puderam conhecer os diversos laborat\u00f3rios do DAQBI. Para deixar os momentos mais agrad\u00e1veis, foram oferecidos coffee breaks \u201ccaprichados\u201d com salgados, doces e bolos &#8211; inclusive com preocupa\u00e7\u00e3o de inclus\u00e3o para intolerantes \u00e0 lactose, vegetarianos e veganos.<\/p>\n\n\n\n<p>&#8220;Al\u00e9m de contribuir para a perman\u00eancia no evento, o momento da alimenta\u00e7\u00e3o \u00e9 importante para gerar socializa\u00e7\u00e3o e que as pessoas se sintam acolhidas, que percebam que houve uma preocupa\u00e7\u00e3o da organiza\u00e7\u00e3o com seu bem-estar&#8221;, contou a coordenadora Aliandra.<\/p>\n\n\n\n<h3 class=\"wp-block-heading\" id=\"visitas-t\u00e9cnicas\"><a href=\"https:\/\/www.utfpr.edu.br\/noticias\/curitiba\/viii-simposio-de-graduacao-e-pos-graduacao-do-daqbi-realizou-palestras-minicursos-e-feira-de-estagio#visitas-t%C3%A9cnicas\"><\/a>Visitas t\u00e9cnicas&nbsp;<\/h3>\n\n\n\n<p>Trazendo para os acad\u00eamicos possibilidades de mercado, bem como uma parte da experi\u00eancia produtiva concreta, foram realizadas visitas \u00e0s plantas operacionais de diversas empresas.&nbsp;<\/p>\n\n\n\n<p>Os estudantes conheceram a Esta\u00e7\u00e3o de Tratamento de \u00c1gua Miringuava, da SANEPAR, em S\u00e3o Jos\u00e9 dos Pinhais; a AMBEV, fabricante de bebidas, em Almirante Tamandar\u00e9; a Volkswagen, tamb\u00e9m em S. Jos\u00e9; e a BodeBrown, cervejaria artesanal, em&nbsp;Curitiba&nbsp;.<\/p>\n\n\n\n<figure class=\"wp-block-image\"><img decoding=\"async\" src=\"https:\/\/www.utfpr.edu.br\/noticias\/curitiba\/viii-simposio-de-graduacao-e-pos-graduacao-do-daqbi-realizou-palestras-minicursos-e-feira-de-estagio\/foto-portal-1.png\/@@images\/image\" alt=\"\" \/><\/figure>\n\n\n\n<h3 class=\"wp-block-heading\" id=\"palestras-tend\u00eancias-vertentes-e-debates\"><a href=\"https:\/\/www.utfpr.edu.br\/noticias\/curitiba\/viii-simposio-de-graduacao-e-pos-graduacao-do-daqbi-realizou-palestras-minicursos-e-feira-de-estagio#palestras-tend%C3%AAncias-vertentes-e-debates\"><\/a>Palestras: tend\u00eancias, vertentes e debates<\/h3>\n\n\n\n<p>Dentre as diversas palestras de pesquisadores e profissionais, destacam-se a realizada na abertura do SIMDAQBI, com o professor pesquisador Sandro Amico, da UFRGS, trazendo o tema das fibras naturais, um vasto campo no estudo dos materiais; a da profa. Cl\u00e9sia Nascentes (UFMG), falando sobre a qu\u00edmica forense, e como a ci\u00eancia e tecnologia podem ajudar na resolu\u00e7\u00e3o de crimes; e, no encerramento, falou a professora Elisa Orth (UFPR) sobre agrot\u00f3xicos e desastres qu\u00edmicos.<\/p>\n\n\n\n<p>Al\u00e9m destes temas, houve tamb\u00e9m convidados palestrando sobre espectroscopia, fabrica\u00e7\u00e3o de cosm\u00e9ticos, an\u00e1lise de pesticidas na pr\u00e1tica, habilidades pessoais, sobre a incuba\u00e7\u00e3o de empresas pela UTFPR, licenciamento ambiental, perman\u00eancia estudantil, redu\u00e7\u00e3o de desigualdades, valoriza\u00e7\u00e3o das mulheres nas ci\u00eancias e v\u00e1rios outros.<\/p>\n\n\n\n<h3 class=\"wp-block-heading\" id=\"exposi\u00e7\u00e3o-de-trabalhos-do-departamento-e-p\u00f3s\"><a href=\"https:\/\/www.utfpr.edu.br\/noticias\/curitiba\/viii-simposio-de-graduacao-e-pos-graduacao-do-daqbi-realizou-palestras-minicursos-e-feira-de-estagio#exposi%C3%A7%C3%A3o-de-trabalhos-do-departamento-e-p%C3%B3s\"><\/a>Exposi\u00e7\u00e3o de trabalhos do departamento e p\u00f3s<\/h3>\n\n\n\n<p>Os estudantes tiveram tamb\u00e9m a oportunidade de conhecer a produ\u00e7\u00e3o cient\u00edfica de colegas da gradua\u00e7\u00e3o e da p\u00f3s, realizando uma troca de saberes e experi\u00eancias onde ocorre influ\u00eancia m\u00fatua e inspira\u00e7\u00e3o, al\u00e9m de receberem avalia\u00e7\u00f5es, o que contribui com o aprimoramento. Foram 72 trabalhos submetidos no total, que eram indicados para apresenta\u00e7\u00e3o oral ou p\u00f4steres, a partir da avalia\u00e7\u00e3o de 43 acad\u00eamicos, entre professores, t\u00e9cnicos, p\u00f3s-graduandos e doutores externos.<\/p>\n\n\n\n<p>O DAQBI abriga os programas de p\u00f3s-gradua\u00e7\u00e3o (PPGs) em Qu\u00edmica (PPGQ), em Ci\u00eancia e Tecnologia Ambiental (PPGCTA) e em Forma\u00e7\u00e3o Cient\u00edfica, Educacional e Tecnol\u00f3gica (PPGFCET). Professores e estudantes destes cursos tamb\u00e9m fizeram apresenta\u00e7\u00e3o para os estudantes da gradua\u00e7\u00e3o, mostrando as possibilidades de desenvolvimento da carreira acad\u00eamica e de \u00e1reas de pesquisa.<\/p>\n\n\n\n<h3 class=\"wp-block-heading\" id=\"minicursos-feira-de-est\u00e1gio-e-momento-de-extens\u00e3o\"><a href=\"https:\/\/www.utfpr.edu.br\/noticias\/curitiba\/viii-simposio-de-graduacao-e-pos-graduacao-do-daqbi-realizou-palestras-minicursos-e-feira-de-estagio#minicursos-feira-de-est%C3%A1gio-e-momento-de-extens%C3%A3o\"><\/a>Minicursos, feira de est\u00e1gio e momento de extens\u00e3o<\/h3>\n\n\n\n<p>Os participantes realizaram minicursos, entendendo aspectos espec\u00edficos e pr\u00e1ticos da pesquisa nas \u00e1reas de abordagem do DAQBI, transmitidos em um formato \u00e1gil e agrad\u00e1vel &#8211; uma oportunidade exclusiva do Simp\u00f3sio. Na quarta, dia 27, com a feira de est\u00e1gios, os estudantes puderam conhecer oportunidades para inser\u00e7\u00e3o no mercado e obten\u00e7\u00e3o de experi\u00eancia com a &#8220;m\u00e3o na massa&#8221; &#8211; sendo a primeira edi\u00e7\u00e3o do evento a realizar esta atividade.<\/p>\n\n\n\n<p>Sendo um dos pilares da universidade p\u00fablica, a extens\u00e3o n\u00e3o podia ficar de fora do evento. As depend\u00eancias do DAQBI receberam a visita de estudantes de escolas p\u00fablicas dos n\u00edveis fundamental e m\u00e9dio. Eles realizaram experimentos simples, especialmente preparados para despertar nas crian\u00e7as o gosto pela ci\u00eancia, e passearam pelas salas, observando apresenta\u00e7\u00f5es de trabalhos cient\u00edficos dos graduandos, com p\u00f4steres e divers\u00e3o.<\/p>\n\n\n\n<p><\/p>\n","protected":false},"excerpt":{"rendered":"<p>Evento realizado na sede Ecoville reuniu tend\u00eancias de pesquisa e de mercado<\/p>\n","protected":false},"author":413,"featured_media":5762,"comment_status":"closed","ping_status":"open","sticky":false,"template":"","format":"standard","meta":{"site-sidebar-layout":"default","site-content-layout":"","ast-site-content-layout":"default","site-content-style":"default","site-sidebar-style":"default","ast-global-header-display":"","ast-banner-title-visibility":"","ast-main-header-display":"","ast-hfb-above-header-display":"","ast-hfb-below-header-display":"","ast-hfb-mobile-header-display":"","site-post-title":"","ast-breadcrumbs-content":"","ast-featured-img":"","footer-sml-layout":"","ast-disable-related-posts":"","theme-transparent-header-meta":"","adv-header-id-meta":"","stick-header-meta":"","header-above-stick-meta":"","header-main-stick-meta":"","header-below-stick-meta":"","astra-migrate-meta-layouts":"set","ast-page-background-enabled":"default","ast-page-background-meta":{"desktop":{"background-color":"var(--ast-global-color-4)","background-image":"","background-repeat":"repeat","background-position":"center center","background-size":"auto","background-attachment":"scroll","background-type":"","background-media":"","overlay-type":"","overlay-color":"","overlay-opacity":"","overlay-gradient":""},"tablet":{"background-color":"","background-image":"","background-repeat":"repeat","background-position":"center center","background-size":"auto","background-attachment":"scroll","background-type":"","background-media":"","overlay-type":"","overlay-color":"","overlay-opacity":"","overlay-gradient":""},"mobile":{"background-color":"","background-image":"","background-repeat":"repeat","background-position":"center center","background-size":"auto","background-attachment":"scroll","background-type":"","background-media":"","overlay-type":"","overlay-color":"","overlay-opacity":"","overlay-gradient":""}},"ast-content-background-meta":{"desktop":{"background-color":"var(--ast-global-color-5)","background-image":"","background-repeat":"repeat","background-position":"center center","background-size":"auto","background-attachment":"scroll","background-type":"","background-media":"","overlay-type":"","overlay-color":"","overlay-opacity":"","overlay-gradient":""},"tablet":{"background-color":"var(--ast-global-color-5)","background-image":"","background-repeat":"repeat","background-position":"center center","background-size":"auto","background-attachment":"scroll","background-type":"","background-media":"","overlay-type":"","overlay-color":"","overlay-opacity":"","overlay-gradient":""},"mobile":{"background-color":"var(--ast-global-color-5)","background-image":"","background-repeat":"repeat","background-position":"center center","background-size":"auto","background-attachment":"scroll","background-type":"","background-media":"","overlay-type":"","overlay-color":"","overlay-opacity":"","overlay-gradient":""}},"footnotes":""},"categories":[28,27],"tags":[],"class_list":["post-5761","post","type-post","status-publish","format-standard","has-post-thumbnail","hentry","category-departamento-pt","category-noticias-da-utfpr"],"yoast_head":"<!-- This site is optimized with the Yoast SEO plugin v27.4 - https:\/\/yoast.com\/product\/yoast-seo-wordpress\/ -->\n<title>VIII Simp\u00f3sio de Gradua\u00e7\u00e3o e P\u00f3s-Gradua\u00e7\u00e3o do DAQBI realizou palestras , minicursos e feira de est\u00e1gio - DAQBi<\/title>\n<meta name=\"robots\" content=\"index, follow, max-snippet:-1, max-image-preview:large, max-video-preview:-1\" \/>\n<link rel=\"canonical\" href=\"https:\/\/utfpr.curitiba.br\/daqbi\/viii-simposio-de-graduacao-e-pos-graduacao-do-daqbi-realizou-palestras-minicursos-e-feira-de-estagio\/\" \/>\n<meta property=\"og:locale\" content=\"pt_BR\" \/>\n<meta property=\"og:type\" content=\"article\" \/>\n<meta property=\"og:title\" content=\"VIII Simp\u00f3sio de Gradua\u00e7\u00e3o e P\u00f3s-Gradua\u00e7\u00e3o do DAQBI realizou palestras , minicursos e feira de est\u00e1gio - DAQBi\" \/>\n<meta property=\"og:description\" content=\"Evento realizado na sede Ecoville reuniu tend\u00eancias de pesquisa e de mercado\" \/>\n<meta property=\"og:url\" content=\"https:\/\/utfpr.curitiba.br\/daqbi\/viii-simposio-de-graduacao-e-pos-graduacao-do-daqbi-realizou-palestras-minicursos-e-feira-de-estagio\/\" \/>\n<meta property=\"og:site_name\" content=\"DAQBi\" \/>\n<meta property=\"article:published_time\" content=\"2025-10-10T17:39:45+00:00\" \/>\n<meta property=\"article:modified_time\" content=\"2025-10-10T18:10:52+00:00\" \/>\n<meta property=\"og:image\" content=\"https:\/\/utfpr-ct-static-content.s3.amazonaws.com\/utfpr.curitiba.br\/wp-content\/uploads\/sites\/149\/2025\/10\/Simdaqbi.png\" \/>\n\t<meta property=\"og:image:width\" content=\"664\" \/>\n\t<meta property=\"og:image:height\" content=\"454\" \/>\n\t<meta property=\"og:image:type\" content=\"image\/png\" \/>\n<meta name=\"author\" content=\"LUIZ EDUARDO DE OLIVEIRA DA ROCHA\" \/>\n<meta name=\"twitter:card\" content=\"summary_large_image\" \/>\n<meta name=\"twitter:label1\" content=\"Written by\" \/>\n\t<meta name=\"twitter:data1\" content=\"LUIZ EDUARDO DE OLIVEIRA DA ROCHA\" \/>\n\t<meta name=\"twitter:label2\" content=\"Est. reading time\" \/>\n\t<meta name=\"twitter:data2\" content=\"6 minutos\" \/>\n<script type=\"application\/ld+json\" class=\"yoast-schema-graph\">{\"@context\":\"https:\\\/\\\/schema.org\",\"@graph\":[{\"@type\":\"Article\",\"@id\":\"https:\\\/\\\/utfpr.curitiba.br\\\/daqbi\\\/viii-simposio-de-graduacao-e-pos-graduacao-do-daqbi-realizou-palestras-minicursos-e-feira-de-estagio\\\/#article\",\"isPartOf\":{\"@id\":\"https:\\\/\\\/utfpr.curitiba.br\\\/daqbi\\\/viii-simposio-de-graduacao-e-pos-graduacao-do-daqbi-realizou-palestras-minicursos-e-feira-de-estagio\\\/\"},\"author\":{\"name\":\"LUIZ EDUARDO DE OLIVEIRA DA ROCHA\",\"@id\":\"https:\\\/\\\/utfpr.curitiba.br\\\/daqbi\\\/#\\\/schema\\\/person\\\/11d05fbf0ae1da84e9856c6a850e4aaf\"},\"headline\":\"VIII Simp\u00f3sio de Gradua\u00e7\u00e3o e P\u00f3s-Gradua\u00e7\u00e3o do DAQBI realizou palestras , minicursos e feira de est\u00e1gio\",\"datePublished\":\"2025-10-10T17:39:45+00:00\",\"dateModified\":\"2025-10-10T18:10:52+00:00\",\"mainEntityOfPage\":{\"@id\":\"https:\\\/\\\/utfpr.curitiba.br\\\/daqbi\\\/viii-simposio-de-graduacao-e-pos-graduacao-do-daqbi-realizou-palestras-minicursos-e-feira-de-estagio\\\/\"},\"wordCount\":1005,\"publisher\":{\"@id\":\"https:\\\/\\\/utfpr.curitiba.br\\\/daqbi\\\/#organization\"},\"image\":{\"@id\":\"https:\\\/\\\/utfpr.curitiba.br\\\/daqbi\\\/viii-simposio-de-graduacao-e-pos-graduacao-do-daqbi-realizou-palestras-minicursos-e-feira-de-estagio\\\/#primaryimage\"},\"thumbnailUrl\":\"https:\\\/\\\/utfpr-ct-static-content.s3.amazonaws.com\\\/utfpr.curitiba.br\\\/wp-content\\\/uploads\\\/sites\\\/149\\\/2025\\\/10\\\/Simdaqbi.png\",\"articleSection\":[\"Departamento\",\"Noticias da UTFPR\"],\"inLanguage\":\"pt-BR\"},{\"@type\":\"WebPage\",\"@id\":\"https:\\\/\\\/utfpr.curitiba.br\\\/daqbi\\\/viii-simposio-de-graduacao-e-pos-graduacao-do-daqbi-realizou-palestras-minicursos-e-feira-de-estagio\\\/\",\"url\":\"https:\\\/\\\/utfpr.curitiba.br\\\/daqbi\\\/viii-simposio-de-graduacao-e-pos-graduacao-do-daqbi-realizou-palestras-minicursos-e-feira-de-estagio\\\/\",\"name\":\"VIII Simp\u00f3sio de Gradua\u00e7\u00e3o e P\u00f3s-Gradua\u00e7\u00e3o do DAQBI realizou palestras , minicursos e feira de est\u00e1gio - DAQBi\",\"isPartOf\":{\"@id\":\"https:\\\/\\\/utfpr.curitiba.br\\\/daqbi\\\/#website\"},\"primaryImageOfPage\":{\"@id\":\"https:\\\/\\\/utfpr.curitiba.br\\\/daqbi\\\/viii-simposio-de-graduacao-e-pos-graduacao-do-daqbi-realizou-palestras-minicursos-e-feira-de-estagio\\\/#primaryimage\"},\"image\":{\"@id\":\"https:\\\/\\\/utfpr.curitiba.br\\\/daqbi\\\/viii-simposio-de-graduacao-e-pos-graduacao-do-daqbi-realizou-palestras-minicursos-e-feira-de-estagio\\\/#primaryimage\"},\"thumbnailUrl\":\"https:\\\/\\\/utfpr-ct-static-content.s3.amazonaws.com\\\/utfpr.curitiba.br\\\/wp-content\\\/uploads\\\/sites\\\/149\\\/2025\\\/10\\\/Simdaqbi.png\",\"datePublished\":\"2025-10-10T17:39:45+00:00\",\"dateModified\":\"2025-10-10T18:10:52+00:00\",\"breadcrumb\":{\"@id\":\"https:\\\/\\\/utfpr.curitiba.br\\\/daqbi\\\/viii-simposio-de-graduacao-e-pos-graduacao-do-daqbi-realizou-palestras-minicursos-e-feira-de-estagio\\\/#breadcrumb\"},\"inLanguage\":\"pt-BR\",\"potentialAction\":[{\"@type\":\"ReadAction\",\"target\":[\"https:\\\/\\\/utfpr.curitiba.br\\\/daqbi\\\/viii-simposio-de-graduacao-e-pos-graduacao-do-daqbi-realizou-palestras-minicursos-e-feira-de-estagio\\\/\"]}]},{\"@type\":\"ImageObject\",\"inLanguage\":\"pt-BR\",\"@id\":\"https:\\\/\\\/utfpr.curitiba.br\\\/daqbi\\\/viii-simposio-de-graduacao-e-pos-graduacao-do-daqbi-realizou-palestras-minicursos-e-feira-de-estagio\\\/#primaryimage\",\"url\":\"https:\\\/\\\/utfpr-ct-static-content.s3.amazonaws.com\\\/utfpr.curitiba.br\\\/wp-content\\\/uploads\\\/sites\\\/149\\\/2025\\\/10\\\/Simdaqbi.png\",\"contentUrl\":\"https:\\\/\\\/utfpr-ct-static-content.s3.amazonaws.com\\\/utfpr.curitiba.br\\\/wp-content\\\/uploads\\\/sites\\\/149\\\/2025\\\/10\\\/Simdaqbi.png\",\"width\":664,\"height\":454},{\"@type\":\"BreadcrumbList\",\"@id\":\"https:\\\/\\\/utfpr.curitiba.br\\\/daqbi\\\/viii-simposio-de-graduacao-e-pos-graduacao-do-daqbi-realizou-palestras-minicursos-e-feira-de-estagio\\\/#breadcrumb\",\"itemListElement\":[{\"@type\":\"ListItem\",\"position\":1,\"name\":\"Home\",\"item\":\"https:\\\/\\\/utfpr.curitiba.br\\\/daqbi\\\/\"},{\"@type\":\"ListItem\",\"position\":2,\"name\":\"VIII Simp\u00f3sio de Gradua\u00e7\u00e3o e P\u00f3s-Gradua\u00e7\u00e3o do DAQBI realizou palestras , minicursos e feira de est\u00e1gio\"}]},{\"@type\":\"WebSite\",\"@id\":\"https:\\\/\\\/utfpr.curitiba.br\\\/daqbi\\\/#website\",\"url\":\"https:\\\/\\\/utfpr.curitiba.br\\\/daqbi\\\/\",\"name\":\"DAQBi\",\"description\":\"Departamento Acad\u00eamico de Qu\u00edmica e Biologia - UTFPR Campus Curitiba\",\"publisher\":{\"@id\":\"https:\\\/\\\/utfpr.curitiba.br\\\/daqbi\\\/#organization\"},\"alternateName\":\"Daqbi Curitiba - UTFPR\",\"potentialAction\":[{\"@type\":\"SearchAction\",\"target\":{\"@type\":\"EntryPoint\",\"urlTemplate\":\"https:\\\/\\\/utfpr.curitiba.br\\\/daqbi\\\/?s={search_term_string}\"},\"query-input\":{\"@type\":\"PropertyValueSpecification\",\"valueRequired\":true,\"valueName\":\"search_term_string\"}}],\"inLanguage\":\"pt-BR\"},{\"@type\":\"Organization\",\"@id\":\"https:\\\/\\\/utfpr.curitiba.br\\\/daqbi\\\/#organization\",\"name\":\"Departamento Acad\u00eamico de Qu\u00edmica e Biologia UTFPR Curitiba\",\"alternateName\":\"DAQBI curitiba - Universidade Tecnol\u00f3gica Federal do Paran\u00e1\",\"url\":\"https:\\\/\\\/utfpr.curitiba.br\\\/daqbi\\\/\",\"logo\":{\"@type\":\"ImageObject\",\"inLanguage\":\"pt-BR\",\"@id\":\"https:\\\/\\\/utfpr.curitiba.br\\\/daqbi\\\/#\\\/schema\\\/logo\\\/image\\\/\",\"url\":\"https:\\\/\\\/utfpr-ct-static-content.s3.amazonaws.com\\\/utfpr.curitiba.br\\\/wp-content\\\/uploads\\\/sites\\\/149\\\/2023\\\/04\\\/daqbi_curto.png\",\"contentUrl\":\"https:\\\/\\\/utfpr-ct-static-content.s3.amazonaws.com\\\/utfpr.curitiba.br\\\/wp-content\\\/uploads\\\/sites\\\/149\\\/2023\\\/04\\\/daqbi_curto.png\",\"width\":600,\"height\":261,\"caption\":\"Departamento Acad\u00eamico de Qu\u00edmica e Biologia UTFPR Curitiba\"},\"image\":{\"@id\":\"https:\\\/\\\/utfpr.curitiba.br\\\/daqbi\\\/#\\\/schema\\\/logo\\\/image\\\/\"}},{\"@type\":\"Person\",\"@id\":\"https:\\\/\\\/utfpr.curitiba.br\\\/daqbi\\\/#\\\/schema\\\/person\\\/11d05fbf0ae1da84e9856c6a850e4aaf\",\"name\":\"LUIZ EDUARDO DE OLIVEIRA DA ROCHA\",\"image\":{\"@type\":\"ImageObject\",\"inLanguage\":\"pt-BR\",\"@id\":\"https:\\\/\\\/secure.gravatar.com\\\/avatar\\\/3301e2e7983219592643c5980b9c41c8aa4eca3a82fe21aa86aa906ce84e46cd?s=96&d=mm&r=g\",\"url\":\"https:\\\/\\\/secure.gravatar.com\\\/avatar\\\/3301e2e7983219592643c5980b9c41c8aa4eca3a82fe21aa86aa906ce84e46cd?s=96&d=mm&r=g\",\"contentUrl\":\"https:\\\/\\\/secure.gravatar.com\\\/avatar\\\/3301e2e7983219592643c5980b9c41c8aa4eca3a82fe21aa86aa906ce84e46cd?s=96&d=mm&r=g\",\"caption\":\"LUIZ EDUARDO DE OLIVEIRA DA ROCHA\"},\"url\":\"https:\\\/\\\/utfpr.curitiba.br\\\/daqbi\\\/author\\\/e-lerocha\\\/\"}]}<\/script>\n<!-- \/ Yoast SEO plugin. -->","yoast_head_json":{"title":"VIII Simp\u00f3sio de Gradua\u00e7\u00e3o e P\u00f3s-Gradua\u00e7\u00e3o do DAQBI realizou palestras , minicursos e feira de est\u00e1gio - DAQBi","robots":{"index":"index","follow":"follow","max-snippet":"max-snippet:-1","max-image-preview":"max-image-preview:large","max-video-preview":"max-video-preview:-1"},"canonical":"https:\/\/utfpr.curitiba.br\/daqbi\/viii-simposio-de-graduacao-e-pos-graduacao-do-daqbi-realizou-palestras-minicursos-e-feira-de-estagio\/","og_locale":"pt_BR","og_type":"article","og_title":"VIII Simp\u00f3sio de Gradua\u00e7\u00e3o e P\u00f3s-Gradua\u00e7\u00e3o do DAQBI realizou palestras , minicursos e feira de est\u00e1gio - DAQBi","og_description":"Evento realizado na sede Ecoville reuniu tend\u00eancias de pesquisa e de mercado","og_url":"https:\/\/utfpr.curitiba.br\/daqbi\/viii-simposio-de-graduacao-e-pos-graduacao-do-daqbi-realizou-palestras-minicursos-e-feira-de-estagio\/","og_site_name":"DAQBi","article_published_time":"2025-10-10T17:39:45+00:00","article_modified_time":"2025-10-10T18:10:52+00:00","og_image":[{"width":664,"height":454,"url":"https:\/\/utfpr-ct-static-content.s3.amazonaws.com\/utfpr.curitiba.br\/wp-content\/uploads\/sites\/149\/2025\/10\/Simdaqbi.png","type":"image\/png"}],"author":"LUIZ EDUARDO DE OLIVEIRA DA ROCHA","twitter_card":"summary_large_image","twitter_misc":{"Written by":"LUIZ EDUARDO DE OLIVEIRA DA ROCHA","Est. reading time":"6 minutos"},"schema":{"@context":"https:\/\/schema.org","@graph":[{"@type":"Article","@id":"https:\/\/utfpr.curitiba.br\/daqbi\/viii-simposio-de-graduacao-e-pos-graduacao-do-daqbi-realizou-palestras-minicursos-e-feira-de-estagio\/#article","isPartOf":{"@id":"https:\/\/utfpr.curitiba.br\/daqbi\/viii-simposio-de-graduacao-e-pos-graduacao-do-daqbi-realizou-palestras-minicursos-e-feira-de-estagio\/"},"author":{"name":"LUIZ EDUARDO DE OLIVEIRA DA ROCHA","@id":"https:\/\/utfpr.curitiba.br\/daqbi\/#\/schema\/person\/11d05fbf0ae1da84e9856c6a850e4aaf"},"headline":"VIII Simp\u00f3sio de Gradua\u00e7\u00e3o e P\u00f3s-Gradua\u00e7\u00e3o do DAQBI realizou palestras , minicursos e feira de est\u00e1gio","datePublished":"2025-10-10T17:39:45+00:00","dateModified":"2025-10-10T18:10:52+00:00","mainEntityOfPage":{"@id":"https:\/\/utfpr.curitiba.br\/daqbi\/viii-simposio-de-graduacao-e-pos-graduacao-do-daqbi-realizou-palestras-minicursos-e-feira-de-estagio\/"},"wordCount":1005,"publisher":{"@id":"https:\/\/utfpr.curitiba.br\/daqbi\/#organization"},"image":{"@id":"https:\/\/utfpr.curitiba.br\/daqbi\/viii-simposio-de-graduacao-e-pos-graduacao-do-daqbi-realizou-palestras-minicursos-e-feira-de-estagio\/#primaryimage"},"thumbnailUrl":"https:\/\/utfpr-ct-static-content.s3.amazonaws.com\/utfpr.curitiba.br\/wp-content\/uploads\/sites\/149\/2025\/10\/Simdaqbi.png","articleSection":["Departamento","Noticias da UTFPR"],"inLanguage":"pt-BR"},{"@type":"WebPage","@id":"https:\/\/utfpr.curitiba.br\/daqbi\/viii-simposio-de-graduacao-e-pos-graduacao-do-daqbi-realizou-palestras-minicursos-e-feira-de-estagio\/","url":"https:\/\/utfpr.curitiba.br\/daqbi\/viii-simposio-de-graduacao-e-pos-graduacao-do-daqbi-realizou-palestras-minicursos-e-feira-de-estagio\/","name":"VIII Simp\u00f3sio de Gradua\u00e7\u00e3o e P\u00f3s-Gradua\u00e7\u00e3o do DAQBI realizou palestras , minicursos e feira de est\u00e1gio - DAQBi","isPartOf":{"@id":"https:\/\/utfpr.curitiba.br\/daqbi\/#website"},"primaryImageOfPage":{"@id":"https:\/\/utfpr.curitiba.br\/daqbi\/viii-simposio-de-graduacao-e-pos-graduacao-do-daqbi-realizou-palestras-minicursos-e-feira-de-estagio\/#primaryimage"},"image":{"@id":"https:\/\/utfpr.curitiba.br\/daqbi\/viii-simposio-de-graduacao-e-pos-graduacao-do-daqbi-realizou-palestras-minicursos-e-feira-de-estagio\/#primaryimage"},"thumbnailUrl":"https:\/\/utfpr-ct-static-content.s3.amazonaws.com\/utfpr.curitiba.br\/wp-content\/uploads\/sites\/149\/2025\/10\/Simdaqbi.png","datePublished":"2025-10-10T17:39:45+00:00","dateModified":"2025-10-10T18:10:52+00:00","breadcrumb":{"@id":"https:\/\/utfpr.curitiba.br\/daqbi\/viii-simposio-de-graduacao-e-pos-graduacao-do-daqbi-realizou-palestras-minicursos-e-feira-de-estagio\/#breadcrumb"},"inLanguage":"pt-BR","potentialAction":[{"@type":"ReadAction","target":["https:\/\/utfpr.curitiba.br\/daqbi\/viii-simposio-de-graduacao-e-pos-graduacao-do-daqbi-realizou-palestras-minicursos-e-feira-de-estagio\/"]}]},{"@type":"ImageObject","inLanguage":"pt-BR","@id":"https:\/\/utfpr.curitiba.br\/daqbi\/viii-simposio-de-graduacao-e-pos-graduacao-do-daqbi-realizou-palestras-minicursos-e-feira-de-estagio\/#primaryimage","url":"https:\/\/utfpr-ct-static-content.s3.amazonaws.com\/utfpr.curitiba.br\/wp-content\/uploads\/sites\/149\/2025\/10\/Simdaqbi.png","contentUrl":"https:\/\/utfpr-ct-static-content.s3.amazonaws.com\/utfpr.curitiba.br\/wp-content\/uploads\/sites\/149\/2025\/10\/Simdaqbi.png","width":664,"height":454},{"@type":"BreadcrumbList","@id":"https:\/\/utfpr.curitiba.br\/daqbi\/viii-simposio-de-graduacao-e-pos-graduacao-do-daqbi-realizou-palestras-minicursos-e-feira-de-estagio\/#breadcrumb","itemListElement":[{"@type":"ListItem","position":1,"name":"Home","item":"https:\/\/utfpr.curitiba.br\/daqbi\/"},{"@type":"ListItem","position":2,"name":"VIII Simp\u00f3sio de Gradua\u00e7\u00e3o e P\u00f3s-Gradua\u00e7\u00e3o do DAQBI realizou palestras , minicursos e feira de est\u00e1gio"}]},{"@type":"WebSite","@id":"https:\/\/utfpr.curitiba.br\/daqbi\/#website","url":"https:\/\/utfpr.curitiba.br\/daqbi\/","name":"DAQBi","description":"Departamento Acad\u00eamico de Qu\u00edmica e Biologia - UTFPR Campus Curitiba","publisher":{"@id":"https:\/\/utfpr.curitiba.br\/daqbi\/#organization"},"alternateName":"Daqbi Curitiba - UTFPR","potentialAction":[{"@type":"SearchAction","target":{"@type":"EntryPoint","urlTemplate":"https:\/\/utfpr.curitiba.br\/daqbi\/?s={search_term_string}"},"query-input":{"@type":"PropertyValueSpecification","valueRequired":true,"valueName":"search_term_string"}}],"inLanguage":"pt-BR"},{"@type":"Organization","@id":"https:\/\/utfpr.curitiba.br\/daqbi\/#organization","name":"Departamento Acad\u00eamico de Qu\u00edmica e Biologia UTFPR Curitiba","alternateName":"DAQBI curitiba - Universidade Tecnol\u00f3gica Federal do Paran\u00e1","url":"https:\/\/utfpr.curitiba.br\/daqbi\/","logo":{"@type":"ImageObject","inLanguage":"pt-BR","@id":"https:\/\/utfpr.curitiba.br\/daqbi\/#\/schema\/logo\/image\/","url":"https:\/\/utfpr-ct-static-content.s3.amazonaws.com\/utfpr.curitiba.br\/wp-content\/uploads\/sites\/149\/2023\/04\/daqbi_curto.png","contentUrl":"https:\/\/utfpr-ct-static-content.s3.amazonaws.com\/utfpr.curitiba.br\/wp-content\/uploads\/sites\/149\/2023\/04\/daqbi_curto.png","width":600,"height":261,"caption":"Departamento Acad\u00eamico de Qu\u00edmica e Biologia UTFPR Curitiba"},"image":{"@id":"https:\/\/utfpr.curitiba.br\/daqbi\/#\/schema\/logo\/image\/"}},{"@type":"Person","@id":"https:\/\/utfpr.curitiba.br\/daqbi\/#\/schema\/person\/11d05fbf0ae1da84e9856c6a850e4aaf","name":"LUIZ EDUARDO DE OLIVEIRA DA ROCHA","image":{"@type":"ImageObject","inLanguage":"pt-BR","@id":"https:\/\/secure.gravatar.com\/avatar\/3301e2e7983219592643c5980b9c41c8aa4eca3a82fe21aa86aa906ce84e46cd?s=96&d=mm&r=g","url":"https:\/\/secure.gravatar.com\/avatar\/3301e2e7983219592643c5980b9c41c8aa4eca3a82fe21aa86aa906ce84e46cd?s=96&d=mm&r=g","contentUrl":"https:\/\/secure.gravatar.com\/avatar\/3301e2e7983219592643c5980b9c41c8aa4eca3a82fe21aa86aa906ce84e46cd?s=96&d=mm&r=g","caption":"LUIZ EDUARDO DE OLIVEIRA DA ROCHA"},"url":"https:\/\/utfpr.curitiba.br\/daqbi\/author\/e-lerocha\/"}]}},"_links":{"self":[{"href":"https:\/\/utfpr.curitiba.br\/daqbi\/wp-json\/wp\/v2\/posts\/5761","targetHints":{"allow":["GET"]}}],"collection":[{"href":"https:\/\/utfpr.curitiba.br\/daqbi\/wp-json\/wp\/v2\/posts"}],"about":[{"href":"https:\/\/utfpr.curitiba.br\/daqbi\/wp-json\/wp\/v2\/types\/post"}],"author":[{"embeddable":true,"href":"https:\/\/utfpr.curitiba.br\/daqbi\/wp-json\/wp\/v2\/users\/413"}],"replies":[{"embeddable":true,"href":"https:\/\/utfpr.curitiba.br\/daqbi\/wp-json\/wp\/v2\/comments?post=5761"}],"version-history":[{"count":2,"href":"https:\/\/utfpr.curitiba.br\/daqbi\/wp-json\/wp\/v2\/posts\/5761\/revisions"}],"predecessor-version":[{"id":5768,"href":"https:\/\/utfpr.curitiba.br\/daqbi\/wp-json\/wp\/v2\/posts\/5761\/revisions\/5768"}],"wp:featuredmedia":[{"embeddable":true,"href":"https:\/\/utfpr.curitiba.br\/daqbi\/wp-json\/wp\/v2\/media\/5762"}],"wp:attachment":[{"href":"https:\/\/utfpr.curitiba.br\/daqbi\/wp-json\/wp\/v2\/media?parent=5761"}],"wp:term":[{"taxonomy":"category","embeddable":true,"href":"https:\/\/utfpr.curitiba.br\/daqbi\/wp-json\/wp\/v2\/categories?post=5761"},{"taxonomy":"post_tag","embeddable":true,"href":"https:\/\/utfpr.curitiba.br\/daqbi\/wp-json\/wp\/v2\/tags?post=5761"}],"curies":[{"name":"wp","href":"https:\/\/api.w.org\/{rel}","templated":true}]}}