{"id":5731,"date":"2025-10-10T10:29:13","date_gmt":"2025-10-10T13:29:13","guid":{"rendered":"https:\/\/utfpr.curitiba.br\/daqbi\/?p=5731"},"modified":"2025-10-10T15:09:38","modified_gmt":"2025-10-10T18:09:38","slug":"utfpr-esta-entre-as-melhores-universidades-da-america-latina-no-qs-ranking-2026","status":"publish","type":"post","link":"https:\/\/utfpr.curitiba.br\/daqbi\/utfpr-esta-entre-as-melhores-universidades-da-america-latina-no-qs-ranking-2026\/","title":{"rendered":"UTFPR est\u00e1 entre as melhores universidades da Am\u00e9rica Latina no QS Ranking 2026"},"content":{"rendered":"\n<p>A Universidade Tecnol\u00f3gica Federal do Paran\u00e1 (UTFPR) subiu mais uma vez no QS Ranking da Am\u00e9rica Latina e do Caribe 2026, divulgado no dia 1\u00ba. A institui\u00e7\u00e3o agora ocupa o 122\u00ba lugar no continente, quatro posi\u00e7\u00f5es acima da marca de 2025, consolidando-se entre as melhores universidades do mundo.<\/p>\n\n\n\n<p>O levantamento avaliou 492 institui\u00e7\u00f5es de 26 pa\u00edses, sendo 130 brasileiras. Entre 2025 e 2026, a UTFPR demonstrou evoluir em todos os recortes do \u00edndice, passando de 126\u00aa para 122\u00aa na Am\u00e9rica Latina, de 104\u00aa para 101\u00aa na regi\u00e3o sul-americana e de 36\u00aa para 34\u00aa no Brasil.<\/p>\n\n\n\n<p>A UTFPR se destacou na rede internacional de pesquisa, que passou de 75,7 para 96,5 pontos. Tamb\u00e9m houve melhorias no impacto na web, de 36,3 para 40,9 pontos; e na reputa\u00e7\u00e3o, diante de acad\u00eamicos, de 7,9 para 10 pontos, e de empregadores, de 10,5 para 11,5 pontos.<\/p>\n\n\n\n<p>Al\u00e9m disso, a institui\u00e7\u00e3o continuou com um patamar elevado na avalia\u00e7\u00e3o de docentes com doutorado, com 90,8 pontos. Outros indicadores demonstraram a consist\u00eancia do desempenho institucional, com 64,3 pontos em produ\u00e7\u00e3o cient\u00edfica; 62,4 pontos em cita\u00e7\u00f5es por artigo e&nbsp;36,1 pontos na rela\u00e7\u00e3o do n\u00famero de docentes para o de estudantes.<\/p>\n\n\n\n<p>Em um per\u00edodo de 10 anos, a Universidade progrediu em 29 posi\u00e7\u00f5es, desde a primeira participa\u00e7\u00e3o no \u00edndice em 2016, saindo do 151\u00ba para 122\u00ba lugar na Am\u00e9rica Latina. \u201cA melhoria da performance da UTFPR refor\u00e7a sua consolida\u00e7\u00e3o como uma das principais universidades da Am\u00e9rica Latina em ensino, pesquisa e inova\u00e7\u00e3o tecnol\u00f3gica. Esse dado \u00e9 ainda mais significativo no ano em que comemoramos 20 anos de transforma\u00e7\u00e3o em Universidade Tecnol\u00f3gica; apesar de sermos uma institui\u00e7\u00e3o centen\u00e1ria, somos uma jovem universidade, com importantes resultados\u201d, afirma o reitor Everton Lozano.<\/p>\n\n\n\n<h3 class=\"wp-block-heading\" id=\"mais-sobre\"><a href=\"https:\/\/www.utfpr.edu.br\/noticias\/geral\/utfpr-esta-entre-as-melhores-universidades-da-america-latina-1#mais-sobre\"><\/a>Mais sobre<\/h3>\n\n\n\n<p>O ranking&nbsp;\u00e9 elaborado anualmente pela consultoria brit\u00e2nica QS Quacquarelli Symonds, com a an\u00e1lise de institui\u00e7\u00f5es de 23 pa\u00edses. A edi\u00e7\u00e3o de 2026 avaliou&nbsp;492 universidades, das quais&nbsp;130 s\u00e3o brasileiras.<\/p>\n\n\n\n<p><\/p>\n","protected":false},"excerpt":{"rendered":"<p>Institui\u00e7\u00e3o \u00e9 a 34\u00aa no Brasil e 101\u00aa na Am\u00e9rica do Sul e 122\u00aa no continente<\/p>\n","protected":false},"author":225,"featured_media":5771,"comment_status":"closed","ping_status":"open","sticky":false,"template":"","format":"standard","meta":{"site-sidebar-layout":"default","site-content-layout":"","ast-site-content-layout":"default","site-content-style":"default","site-sidebar-style":"default","ast-global-header-display":"","ast-banner-title-visibility":"","ast-main-header-display":"","ast-hfb-above-header-display":"","ast-hfb-below-header-display":"","ast-hfb-mobile-header-display":"","site-post-title":"","ast-breadcrumbs-content":"","ast-featured-img":"","footer-sml-layout":"","ast-disable-related-posts":"","theme-transparent-header-meta":"","adv-header-id-meta":"","stick-header-meta":"","header-above-stick-meta":"","header-main-stick-meta":"","header-below-stick-meta":"","astra-migrate-meta-layouts":"set","ast-page-background-enabled":"default","ast-page-background-meta":{"desktop":{"background-color":"var(--ast-global-color-4)","background-image":"","background-repeat":"repeat","background-position":"center center","background-size":"auto","background-attachment":"scroll","background-type":"","background-media":"","overlay-type":"","overlay-color":"","overlay-opacity":"","overlay-gradient":""},"tablet":{"background-color":"","background-image":"","background-repeat":"repeat","background-position":"center center","background-size":"auto","background-attachment":"scroll","background-type":"","background-media":"","overlay-type":"","overlay-color":"","overlay-opacity":"","overlay-gradient":""},"mobile":{"background-color":"","background-image":"","background-repeat":"repeat","background-position":"center center","background-size":"auto","background-attachment":"scroll","background-type":"","background-media":"","overlay-type":"","overlay-color":"","overlay-opacity":"","overlay-gradient":""}},"ast-content-background-meta":{"desktop":{"background-color":"var(--ast-global-color-5)","background-image":"","background-repeat":"repeat","background-position":"center center","background-size":"auto","background-attachment":"scroll","background-type":"","background-media":"","overlay-type":"","overlay-color":"","overlay-opacity":"","overlay-gradient":""},"tablet":{"background-color":"var(--ast-global-color-5)","background-image":"","background-repeat":"repeat","background-position":"center center","background-size":"auto","background-attachment":"scroll","background-type":"","background-media":"","overlay-type":"","overlay-color":"","overlay-opacity":"","overlay-gradient":""},"mobile":{"background-color":"var(--ast-global-color-5)","background-image":"","background-repeat":"repeat","background-position":"center center","background-size":"auto","background-attachment":"scroll","background-type":"","background-media":"","overlay-type":"","overlay-color":"","overlay-opacity":"","overlay-gradient":""}},"footnotes":""},"categories":[68],"tags":[],"class_list":["post-5731","post","type-post","status-publish","format-standard","has-post-thumbnail","hentry","category-noticias-da-utfpr-pt"],"yoast_head":"<!-- This site is optimized with the Yoast SEO plugin v27.4 - https:\/\/yoast.com\/product\/yoast-seo-wordpress\/ -->\n<title>UTFPR est\u00e1 entre as melhores universidades da Am\u00e9rica Latina no QS Ranking 2026 - DAQBi<\/title>\n<meta name=\"robots\" content=\"index, follow, max-snippet:-1, max-image-preview:large, max-video-preview:-1\" \/>\n<link rel=\"canonical\" href=\"https:\/\/utfpr.curitiba.br\/daqbi\/utfpr-esta-entre-as-melhores-universidades-da-america-latina-no-qs-ranking-2026\/\" \/>\n<meta property=\"og:locale\" content=\"pt_BR\" \/>\n<meta property=\"og:type\" content=\"article\" \/>\n<meta property=\"og:title\" content=\"UTFPR est\u00e1 entre as melhores universidades da Am\u00e9rica Latina no QS Ranking 2026 - DAQBi\" \/>\n<meta property=\"og:description\" content=\"Institui\u00e7\u00e3o \u00e9 a 34\u00aa no Brasil e 101\u00aa na Am\u00e9rica do Sul e 122\u00aa no continente\" \/>\n<meta property=\"og:url\" content=\"https:\/\/utfpr.curitiba.br\/daqbi\/utfpr-esta-entre-as-melhores-universidades-da-america-latina-no-qs-ranking-2026\/\" \/>\n<meta property=\"og:site_name\" content=\"DAQBi\" \/>\n<meta property=\"article:published_time\" content=\"2025-10-10T13:29:13+00:00\" \/>\n<meta property=\"article:modified_time\" content=\"2025-10-10T18:09:38+00:00\" \/>\n<meta property=\"og:image\" content=\"https:\/\/utfpr-ct-static-content.s3.amazonaws.com\/utfpr.curitiba.br\/wp-content\/uploads\/sites\/149\/2025\/10\/image-1200-081d8c3a190184ce2c09aad068f792b7.png\" \/>\n\t<meta property=\"og:image:width\" content=\"768\" \/>\n\t<meta property=\"og:image:height\" content=\"508\" \/>\n\t<meta property=\"og:image:type\" content=\"image\/png\" \/>\n<meta name=\"author\" content=\"LUIZ MARCOS DE LIRA FARIA\" \/>\n<meta name=\"twitter:card\" content=\"summary_large_image\" \/>\n<meta name=\"twitter:label1\" content=\"Written by\" \/>\n\t<meta name=\"twitter:data1\" content=\"LUIZ MARCOS DE LIRA FARIA\" \/>\n\t<meta name=\"twitter:label2\" content=\"Est. reading time\" \/>\n\t<meta name=\"twitter:data2\" content=\"2 minutos\" \/>\n<script type=\"application\/ld+json\" class=\"yoast-schema-graph\">{\"@context\":\"https:\\\/\\\/schema.org\",\"@graph\":[{\"@type\":\"Article\",\"@id\":\"https:\\\/\\\/utfpr.curitiba.br\\\/daqbi\\\/utfpr-esta-entre-as-melhores-universidades-da-america-latina-no-qs-ranking-2026\\\/#article\",\"isPartOf\":{\"@id\":\"https:\\\/\\\/utfpr.curitiba.br\\\/daqbi\\\/utfpr-esta-entre-as-melhores-universidades-da-america-latina-no-qs-ranking-2026\\\/\"},\"author\":{\"name\":\"LUIZ MARCOS DE LIRA FARIA\",\"@id\":\"https:\\\/\\\/utfpr.curitiba.br\\\/daqbi\\\/#\\\/schema\\\/person\\\/ec8be5e9efc9dc2fd962c547e3b29210\"},\"headline\":\"UTFPR est\u00e1 entre as melhores universidades da Am\u00e9rica Latina no QS Ranking 2026\",\"datePublished\":\"2025-10-10T13:29:13+00:00\",\"dateModified\":\"2025-10-10T18:09:38+00:00\",\"mainEntityOfPage\":{\"@id\":\"https:\\\/\\\/utfpr.curitiba.br\\\/daqbi\\\/utfpr-esta-entre-as-melhores-universidades-da-america-latina-no-qs-ranking-2026\\\/\"},\"wordCount\":331,\"publisher\":{\"@id\":\"https:\\\/\\\/utfpr.curitiba.br\\\/daqbi\\\/#organization\"},\"image\":{\"@id\":\"https:\\\/\\\/utfpr.curitiba.br\\\/daqbi\\\/utfpr-esta-entre-as-melhores-universidades-da-america-latina-no-qs-ranking-2026\\\/#primaryimage\"},\"thumbnailUrl\":\"https:\\\/\\\/utfpr-ct-static-content.s3.amazonaws.com\\\/utfpr.curitiba.br\\\/wp-content\\\/uploads\\\/sites\\\/149\\\/2025\\\/10\\\/image-1200-081d8c3a190184ce2c09aad068f792b7.png\",\"articleSection\":[\"Noticias da UTFPR\"],\"inLanguage\":\"pt-BR\"},{\"@type\":\"WebPage\",\"@id\":\"https:\\\/\\\/utfpr.curitiba.br\\\/daqbi\\\/utfpr-esta-entre-as-melhores-universidades-da-america-latina-no-qs-ranking-2026\\\/\",\"url\":\"https:\\\/\\\/utfpr.curitiba.br\\\/daqbi\\\/utfpr-esta-entre-as-melhores-universidades-da-america-latina-no-qs-ranking-2026\\\/\",\"name\":\"UTFPR est\u00e1 entre as melhores universidades da Am\u00e9rica Latina no QS Ranking 2026 - DAQBi\",\"isPartOf\":{\"@id\":\"https:\\\/\\\/utfpr.curitiba.br\\\/daqbi\\\/#website\"},\"primaryImageOfPage\":{\"@id\":\"https:\\\/\\\/utfpr.curitiba.br\\\/daqbi\\\/utfpr-esta-entre-as-melhores-universidades-da-america-latina-no-qs-ranking-2026\\\/#primaryimage\"},\"image\":{\"@id\":\"https:\\\/\\\/utfpr.curitiba.br\\\/daqbi\\\/utfpr-esta-entre-as-melhores-universidades-da-america-latina-no-qs-ranking-2026\\\/#primaryimage\"},\"thumbnailUrl\":\"https:\\\/\\\/utfpr-ct-static-content.s3.amazonaws.com\\\/utfpr.curitiba.br\\\/wp-content\\\/uploads\\\/sites\\\/149\\\/2025\\\/10\\\/image-1200-081d8c3a190184ce2c09aad068f792b7.png\",\"datePublished\":\"2025-10-10T13:29:13+00:00\",\"dateModified\":\"2025-10-10T18:09:38+00:00\",\"breadcrumb\":{\"@id\":\"https:\\\/\\\/utfpr.curitiba.br\\\/daqbi\\\/utfpr-esta-entre-as-melhores-universidades-da-america-latina-no-qs-ranking-2026\\\/#breadcrumb\"},\"inLanguage\":\"pt-BR\",\"potentialAction\":[{\"@type\":\"ReadAction\",\"target\":[\"https:\\\/\\\/utfpr.curitiba.br\\\/daqbi\\\/utfpr-esta-entre-as-melhores-universidades-da-america-latina-no-qs-ranking-2026\\\/\"]}]},{\"@type\":\"ImageObject\",\"inLanguage\":\"pt-BR\",\"@id\":\"https:\\\/\\\/utfpr.curitiba.br\\\/daqbi\\\/utfpr-esta-entre-as-melhores-universidades-da-america-latina-no-qs-ranking-2026\\\/#primaryimage\",\"url\":\"https:\\\/\\\/utfpr-ct-static-content.s3.amazonaws.com\\\/utfpr.curitiba.br\\\/wp-content\\\/uploads\\\/sites\\\/149\\\/2025\\\/10\\\/image-1200-081d8c3a190184ce2c09aad068f792b7.png\",\"contentUrl\":\"https:\\\/\\\/utfpr-ct-static-content.s3.amazonaws.com\\\/utfpr.curitiba.br\\\/wp-content\\\/uploads\\\/sites\\\/149\\\/2025\\\/10\\\/image-1200-081d8c3a190184ce2c09aad068f792b7.png\",\"width\":768,\"height\":508},{\"@type\":\"BreadcrumbList\",\"@id\":\"https:\\\/\\\/utfpr.curitiba.br\\\/daqbi\\\/utfpr-esta-entre-as-melhores-universidades-da-america-latina-no-qs-ranking-2026\\\/#breadcrumb\",\"itemListElement\":[{\"@type\":\"ListItem\",\"position\":1,\"name\":\"Home\",\"item\":\"https:\\\/\\\/utfpr.curitiba.br\\\/daqbi\\\/\"},{\"@type\":\"ListItem\",\"position\":2,\"name\":\"UTFPR est\u00e1 entre as melhores universidades da Am\u00e9rica Latina no QS Ranking 2026\"}]},{\"@type\":\"WebSite\",\"@id\":\"https:\\\/\\\/utfpr.curitiba.br\\\/daqbi\\\/#website\",\"url\":\"https:\\\/\\\/utfpr.curitiba.br\\\/daqbi\\\/\",\"name\":\"DAQBi\",\"description\":\"Departamento Acad\u00eamico de Qu\u00edmica e Biologia - UTFPR Campus Curitiba\",\"publisher\":{\"@id\":\"https:\\\/\\\/utfpr.curitiba.br\\\/daqbi\\\/#organization\"},\"alternateName\":\"Daqbi Curitiba - UTFPR\",\"potentialAction\":[{\"@type\":\"SearchAction\",\"target\":{\"@type\":\"EntryPoint\",\"urlTemplate\":\"https:\\\/\\\/utfpr.curitiba.br\\\/daqbi\\\/?s={search_term_string}\"},\"query-input\":{\"@type\":\"PropertyValueSpecification\",\"valueRequired\":true,\"valueName\":\"search_term_string\"}}],\"inLanguage\":\"pt-BR\"},{\"@type\":\"Organization\",\"@id\":\"https:\\\/\\\/utfpr.curitiba.br\\\/daqbi\\\/#organization\",\"name\":\"Departamento Acad\u00eamico de Qu\u00edmica e Biologia UTFPR Curitiba\",\"alternateName\":\"DAQBI curitiba - Universidade Tecnol\u00f3gica Federal do Paran\u00e1\",\"url\":\"https:\\\/\\\/utfpr.curitiba.br\\\/daqbi\\\/\",\"logo\":{\"@type\":\"ImageObject\",\"inLanguage\":\"pt-BR\",\"@id\":\"https:\\\/\\\/utfpr.curitiba.br\\\/daqbi\\\/#\\\/schema\\\/logo\\\/image\\\/\",\"url\":\"https:\\\/\\\/utfpr-ct-static-content.s3.amazonaws.com\\\/utfpr.curitiba.br\\\/wp-content\\\/uploads\\\/sites\\\/149\\\/2023\\\/04\\\/daqbi_curto.png\",\"contentUrl\":\"https:\\\/\\\/utfpr-ct-static-content.s3.amazonaws.com\\\/utfpr.curitiba.br\\\/wp-content\\\/uploads\\\/sites\\\/149\\\/2023\\\/04\\\/daqbi_curto.png\",\"width\":600,\"height\":261,\"caption\":\"Departamento Acad\u00eamico de Qu\u00edmica e Biologia UTFPR Curitiba\"},\"image\":{\"@id\":\"https:\\\/\\\/utfpr.curitiba.br\\\/daqbi\\\/#\\\/schema\\\/logo\\\/image\\\/\"}},{\"@type\":\"Person\",\"@id\":\"https:\\\/\\\/utfpr.curitiba.br\\\/daqbi\\\/#\\\/schema\\\/person\\\/ec8be5e9efc9dc2fd962c547e3b29210\",\"name\":\"LUIZ MARCOS DE LIRA FARIA\",\"image\":{\"@type\":\"ImageObject\",\"inLanguage\":\"pt-BR\",\"@id\":\"https:\\\/\\\/secure.gravatar.com\\\/avatar\\\/54d5b807945796f71c4b0277aab5936ab13945d6374419031f0957c28dcb9247?s=96&d=mm&r=g\",\"url\":\"https:\\\/\\\/secure.gravatar.com\\\/avatar\\\/54d5b807945796f71c4b0277aab5936ab13945d6374419031f0957c28dcb9247?s=96&d=mm&r=g\",\"contentUrl\":\"https:\\\/\\\/secure.gravatar.com\\\/avatar\\\/54d5b807945796f71c4b0277aab5936ab13945d6374419031f0957c28dcb9247?s=96&d=mm&r=g\",\"caption\":\"LUIZ MARCOS DE LIRA FARIA\"},\"url\":\"https:\\\/\\\/utfpr.curitiba.br\\\/daqbi\\\/author\\\/luizfaria\\\/\"}]}<\/script>\n<!-- \/ Yoast SEO plugin. -->","yoast_head_json":{"title":"UTFPR est\u00e1 entre as melhores universidades da Am\u00e9rica Latina no QS Ranking 2026 - DAQBi","robots":{"index":"index","follow":"follow","max-snippet":"max-snippet:-1","max-image-preview":"max-image-preview:large","max-video-preview":"max-video-preview:-1"},"canonical":"https:\/\/utfpr.curitiba.br\/daqbi\/utfpr-esta-entre-as-melhores-universidades-da-america-latina-no-qs-ranking-2026\/","og_locale":"pt_BR","og_type":"article","og_title":"UTFPR est\u00e1 entre as melhores universidades da Am\u00e9rica Latina no QS Ranking 2026 - DAQBi","og_description":"Institui\u00e7\u00e3o \u00e9 a 34\u00aa no Brasil e 101\u00aa na Am\u00e9rica do Sul e 122\u00aa no continente","og_url":"https:\/\/utfpr.curitiba.br\/daqbi\/utfpr-esta-entre-as-melhores-universidades-da-america-latina-no-qs-ranking-2026\/","og_site_name":"DAQBi","article_published_time":"2025-10-10T13:29:13+00:00","article_modified_time":"2025-10-10T18:09:38+00:00","og_image":[{"width":768,"height":508,"url":"https:\/\/utfpr-ct-static-content.s3.amazonaws.com\/utfpr.curitiba.br\/wp-content\/uploads\/sites\/149\/2025\/10\/image-1200-081d8c3a190184ce2c09aad068f792b7.png","type":"image\/png"}],"author":"LUIZ MARCOS DE LIRA FARIA","twitter_card":"summary_large_image","twitter_misc":{"Written by":"LUIZ MARCOS DE LIRA FARIA","Est. reading time":"2 minutos"},"schema":{"@context":"https:\/\/schema.org","@graph":[{"@type":"Article","@id":"https:\/\/utfpr.curitiba.br\/daqbi\/utfpr-esta-entre-as-melhores-universidades-da-america-latina-no-qs-ranking-2026\/#article","isPartOf":{"@id":"https:\/\/utfpr.curitiba.br\/daqbi\/utfpr-esta-entre-as-melhores-universidades-da-america-latina-no-qs-ranking-2026\/"},"author":{"name":"LUIZ MARCOS DE LIRA FARIA","@id":"https:\/\/utfpr.curitiba.br\/daqbi\/#\/schema\/person\/ec8be5e9efc9dc2fd962c547e3b29210"},"headline":"UTFPR est\u00e1 entre as melhores universidades da Am\u00e9rica Latina no QS Ranking 2026","datePublished":"2025-10-10T13:29:13+00:00","dateModified":"2025-10-10T18:09:38+00:00","mainEntityOfPage":{"@id":"https:\/\/utfpr.curitiba.br\/daqbi\/utfpr-esta-entre-as-melhores-universidades-da-america-latina-no-qs-ranking-2026\/"},"wordCount":331,"publisher":{"@id":"https:\/\/utfpr.curitiba.br\/daqbi\/#organization"},"image":{"@id":"https:\/\/utfpr.curitiba.br\/daqbi\/utfpr-esta-entre-as-melhores-universidades-da-america-latina-no-qs-ranking-2026\/#primaryimage"},"thumbnailUrl":"https:\/\/utfpr-ct-static-content.s3.amazonaws.com\/utfpr.curitiba.br\/wp-content\/uploads\/sites\/149\/2025\/10\/image-1200-081d8c3a190184ce2c09aad068f792b7.png","articleSection":["Noticias da UTFPR"],"inLanguage":"pt-BR"},{"@type":"WebPage","@id":"https:\/\/utfpr.curitiba.br\/daqbi\/utfpr-esta-entre-as-melhores-universidades-da-america-latina-no-qs-ranking-2026\/","url":"https:\/\/utfpr.curitiba.br\/daqbi\/utfpr-esta-entre-as-melhores-universidades-da-america-latina-no-qs-ranking-2026\/","name":"UTFPR est\u00e1 entre as melhores universidades da Am\u00e9rica Latina no QS Ranking 2026 - DAQBi","isPartOf":{"@id":"https:\/\/utfpr.curitiba.br\/daqbi\/#website"},"primaryImageOfPage":{"@id":"https:\/\/utfpr.curitiba.br\/daqbi\/utfpr-esta-entre-as-melhores-universidades-da-america-latina-no-qs-ranking-2026\/#primaryimage"},"image":{"@id":"https:\/\/utfpr.curitiba.br\/daqbi\/utfpr-esta-entre-as-melhores-universidades-da-america-latina-no-qs-ranking-2026\/#primaryimage"},"thumbnailUrl":"https:\/\/utfpr-ct-static-content.s3.amazonaws.com\/utfpr.curitiba.br\/wp-content\/uploads\/sites\/149\/2025\/10\/image-1200-081d8c3a190184ce2c09aad068f792b7.png","datePublished":"2025-10-10T13:29:13+00:00","dateModified":"2025-10-10T18:09:38+00:00","breadcrumb":{"@id":"https:\/\/utfpr.curitiba.br\/daqbi\/utfpr-esta-entre-as-melhores-universidades-da-america-latina-no-qs-ranking-2026\/#breadcrumb"},"inLanguage":"pt-BR","potentialAction":[{"@type":"ReadAction","target":["https:\/\/utfpr.curitiba.br\/daqbi\/utfpr-esta-entre-as-melhores-universidades-da-america-latina-no-qs-ranking-2026\/"]}]},{"@type":"ImageObject","inLanguage":"pt-BR","@id":"https:\/\/utfpr.curitiba.br\/daqbi\/utfpr-esta-entre-as-melhores-universidades-da-america-latina-no-qs-ranking-2026\/#primaryimage","url":"https:\/\/utfpr-ct-static-content.s3.amazonaws.com\/utfpr.curitiba.br\/wp-content\/uploads\/sites\/149\/2025\/10\/image-1200-081d8c3a190184ce2c09aad068f792b7.png","contentUrl":"https:\/\/utfpr-ct-static-content.s3.amazonaws.com\/utfpr.curitiba.br\/wp-content\/uploads\/sites\/149\/2025\/10\/image-1200-081d8c3a190184ce2c09aad068f792b7.png","width":768,"height":508},{"@type":"BreadcrumbList","@id":"https:\/\/utfpr.curitiba.br\/daqbi\/utfpr-esta-entre-as-melhores-universidades-da-america-latina-no-qs-ranking-2026\/#breadcrumb","itemListElement":[{"@type":"ListItem","position":1,"name":"Home","item":"https:\/\/utfpr.curitiba.br\/daqbi\/"},{"@type":"ListItem","position":2,"name":"UTFPR est\u00e1 entre as melhores universidades da Am\u00e9rica Latina no QS Ranking 2026"}]},{"@type":"WebSite","@id":"https:\/\/utfpr.curitiba.br\/daqbi\/#website","url":"https:\/\/utfpr.curitiba.br\/daqbi\/","name":"DAQBi","description":"Departamento Acad\u00eamico de Qu\u00edmica e Biologia - UTFPR Campus Curitiba","publisher":{"@id":"https:\/\/utfpr.curitiba.br\/daqbi\/#organization"},"alternateName":"Daqbi Curitiba - UTFPR","potentialAction":[{"@type":"SearchAction","target":{"@type":"EntryPoint","urlTemplate":"https:\/\/utfpr.curitiba.br\/daqbi\/?s={search_term_string}"},"query-input":{"@type":"PropertyValueSpecification","valueRequired":true,"valueName":"search_term_string"}}],"inLanguage":"pt-BR"},{"@type":"Organization","@id":"https:\/\/utfpr.curitiba.br\/daqbi\/#organization","name":"Departamento Acad\u00eamico de Qu\u00edmica e Biologia UTFPR Curitiba","alternateName":"DAQBI curitiba - Universidade Tecnol\u00f3gica Federal do Paran\u00e1","url":"https:\/\/utfpr.curitiba.br\/daqbi\/","logo":{"@type":"ImageObject","inLanguage":"pt-BR","@id":"https:\/\/utfpr.curitiba.br\/daqbi\/#\/schema\/logo\/image\/","url":"https:\/\/utfpr-ct-static-content.s3.amazonaws.com\/utfpr.curitiba.br\/wp-content\/uploads\/sites\/149\/2023\/04\/daqbi_curto.png","contentUrl":"https:\/\/utfpr-ct-static-content.s3.amazonaws.com\/utfpr.curitiba.br\/wp-content\/uploads\/sites\/149\/2023\/04\/daqbi_curto.png","width":600,"height":261,"caption":"Departamento Acad\u00eamico de Qu\u00edmica e Biologia UTFPR Curitiba"},"image":{"@id":"https:\/\/utfpr.curitiba.br\/daqbi\/#\/schema\/logo\/image\/"}},{"@type":"Person","@id":"https:\/\/utfpr.curitiba.br\/daqbi\/#\/schema\/person\/ec8be5e9efc9dc2fd962c547e3b29210","name":"LUIZ MARCOS DE LIRA FARIA","image":{"@type":"ImageObject","inLanguage":"pt-BR","@id":"https:\/\/secure.gravatar.com\/avatar\/54d5b807945796f71c4b0277aab5936ab13945d6374419031f0957c28dcb9247?s=96&d=mm&r=g","url":"https:\/\/secure.gravatar.com\/avatar\/54d5b807945796f71c4b0277aab5936ab13945d6374419031f0957c28dcb9247?s=96&d=mm&r=g","contentUrl":"https:\/\/secure.gravatar.com\/avatar\/54d5b807945796f71c4b0277aab5936ab13945d6374419031f0957c28dcb9247?s=96&d=mm&r=g","caption":"LUIZ MARCOS DE LIRA FARIA"},"url":"https:\/\/utfpr.curitiba.br\/daqbi\/author\/luizfaria\/"}]}},"_links":{"self":[{"href":"https:\/\/utfpr.curitiba.br\/daqbi\/wp-json\/wp\/v2\/posts\/5731","targetHints":{"allow":["GET"]}}],"collection":[{"href":"https:\/\/utfpr.curitiba.br\/daqbi\/wp-json\/wp\/v2\/posts"}],"about":[{"href":"https:\/\/utfpr.curitiba.br\/daqbi\/wp-json\/wp\/v2\/types\/post"}],"author":[{"embeddable":true,"href":"https:\/\/utfpr.curitiba.br\/daqbi\/wp-json\/wp\/v2\/users\/225"}],"replies":[{"embeddable":true,"href":"https:\/\/utfpr.curitiba.br\/daqbi\/wp-json\/wp\/v2\/comments?post=5731"}],"version-history":[{"count":1,"href":"https:\/\/utfpr.curitiba.br\/daqbi\/wp-json\/wp\/v2\/posts\/5731\/revisions"}],"predecessor-version":[{"id":5732,"href":"https:\/\/utfpr.curitiba.br\/daqbi\/wp-json\/wp\/v2\/posts\/5731\/revisions\/5732"}],"wp:featuredmedia":[{"embeddable":true,"href":"https:\/\/utfpr.curitiba.br\/daqbi\/wp-json\/wp\/v2\/media\/5771"}],"wp:attachment":[{"href":"https:\/\/utfpr.curitiba.br\/daqbi\/wp-json\/wp\/v2\/media?parent=5731"}],"wp:term":[{"taxonomy":"category","embeddable":true,"href":"https:\/\/utfpr.curitiba.br\/daqbi\/wp-json\/wp\/v2\/categories?post=5731"},{"taxonomy":"post_tag","embeddable":true,"href":"https:\/\/utfpr.curitiba.br\/daqbi\/wp-json\/wp\/v2\/tags?post=5731"}],"curies":[{"name":"wp","href":"https:\/\/api.w.org\/{rel}","templated":true}]}}