{"id":5224,"date":"2023-12-28T13:00:41","date_gmt":"2023-12-28T16:00:41","guid":{"rendered":"https:\/\/utfpr.curitiba.br\/daqbi\/?p=5224"},"modified":"2024-12-09T14:03:07","modified_gmt":"2024-12-09T17:03:07","slug":"projeto-meninas-nas-ciencias-ganha-premio-melhores-projetos-de-extensao-universitaria-2023","status":"publish","type":"post","link":"https:\/\/utfpr.curitiba.br\/daqbi\/projeto-meninas-nas-ciencias-ganha-premio-melhores-projetos-de-extensao-universitaria-2023\/","title":{"rendered":"Projeto MENINAS NAS CI\u00caNCIAS ganha Pr\u00eamio Melhores Projetos de Extens\u00e3o Universit\u00e1ria 2023"},"content":{"rendered":"\n<p>Veja o artigo publicado na edi\u00e7\u00e3o especial Pr\u00eamio Melhores Projetos de Extens\u00e3o Universit\u00e1ria 2023 da Revista T\u00e9cnico-Cient\u00edfica CREA-PR, publicado por <strong>Fernanda Zanatto<\/strong>, <strong>Lucas Rodrigues Napo<\/strong>, <strong>Larissa Kummer<\/strong>, <strong>Maurici Luzia Del Monego<\/strong>:<\/p>\n\n\n\n<p class=\"has-text-align-center\"><a href=\"https:\/\/revistatecie.crea-pr.org.br\/index.php\/revista\/article\/view\/1004\">https:\/\/revistatecie.crea-pr.org.br\/index.php\/revista\/article\/view\/1004<\/a><\/p>\n\n\n\n<blockquote class=\"wp-block-quote is-layout-flow wp-block-quote-is-layout-flow\">\n<p><strong>Resumo:<\/strong><\/p>\n\n\n\n<p>Buscando disseminar o conhecimento cient\u00edfico e valorizar a ci\u00eancia, o projeto de extens\u00e3o \u201cMeninas nas Ci\u00eancias UTFPR Curitiba\u201d vem desde seu in\u00edcio dando oportunidade a estudantes e professores de escolas p\u00fablicas ampliarem seus saberes. Dessa forma, a pr\u00e1tica laboratorial foi o principal m\u00e9todo utilizado para fortalecer a rela\u00e7\u00e3o entre teoria e pr\u00e1tica em todas as a\u00e7\u00f5es elaboradas pelo projeto. Ao longo do trabalho, pode-se notar toda a influ\u00eancia que as atividades experimentais obtiveram atrelando o cotidiano dos visitantes com a viv\u00eancia acad\u00eamica. Assim, o projeto estabeleceu uma inser\u00e7\u00e3o daqueles que participam de suas atividades do ensino superior no dia a dia de pessoas, e isso fez com que diversos estudantes mostrassem o desejo de ingressar na universidade nas mais diversas \u00e1reas, e firmar uma carreira profissional e acad\u00eamica. Foi poss\u00edvel estreitar a rela\u00e7\u00e3o entre ci\u00eancias e sociedade, aplicando conhecimentos e processos que levam \u00e0 qualidade e acessibilidade do ensino.<\/p>\n<\/blockquote>\n\n\n\n<p><\/p>\n","protected":false},"excerpt":{"rendered":"<p>Veja o artigo publicado na edi\u00e7\u00e3o especial Pr\u00eamio Melhores Projetos de Extens\u00e3o Universit\u00e1ria 2023 da Revista T\u00e9cnico-Cient\u00edfica CREA-PR<\/p>\n","protected":false},"author":157,"featured_media":5225,"comment_status":"closed","ping_status":"open","sticky":false,"template":"","format":"standard","meta":{"site-sidebar-layout":"default","site-content-layout":"","ast-site-content-layout":"default","site-content-style":"default","site-sidebar-style":"default","ast-global-header-display":"","ast-banner-title-visibility":"","ast-main-header-display":"","ast-hfb-above-header-display":"","ast-hfb-below-header-display":"","ast-hfb-mobile-header-display":"","site-post-title":"","ast-breadcrumbs-content":"","ast-featured-img":"disabled","footer-sml-layout":"","ast-disable-related-posts":"","theme-transparent-header-meta":"","adv-header-id-meta":"","stick-header-meta":"","header-above-stick-meta":"","header-main-stick-meta":"","header-below-stick-meta":"","astra-migrate-meta-layouts":"set","ast-page-background-enabled":"default","ast-page-background-meta":{"desktop":{"background-color":"var(--ast-global-color-4)","background-image":"","background-repeat":"repeat","background-position":"center center","background-size":"auto","background-attachment":"scroll","background-type":"","background-media":"","overlay-type":"","overlay-color":"","overlay-opacity":"","overlay-gradient":""},"tablet":{"background-color":"","background-image":"","background-repeat":"repeat","background-position":"center center","background-size":"auto","background-attachment":"scroll","background-type":"","background-media":"","overlay-type":"","overlay-color":"","overlay-opacity":"","overlay-gradient":""},"mobile":{"background-color":"","background-image":"","background-repeat":"repeat","background-position":"center center","background-size":"auto","background-attachment":"scroll","background-type":"","background-media":"","overlay-type":"","overlay-color":"","overlay-opacity":"","overlay-gradient":""}},"ast-content-background-meta":{"desktop":{"background-color":"var(--ast-global-color-5)","background-image":"","background-repeat":"repeat","background-position":"center center","background-size":"auto","background-attachment":"scroll","background-type":"","background-media":"","overlay-type":"","overlay-color":"","overlay-opacity":"","overlay-gradient":""},"tablet":{"background-color":"var(--ast-global-color-5)","background-image":"","background-repeat":"repeat","background-position":"center center","background-size":"auto","background-attachment":"scroll","background-type":"","background-media":"","overlay-type":"","overlay-color":"","overlay-opacity":"","overlay-gradient":""},"mobile":{"background-color":"var(--ast-global-color-5)","background-image":"","background-repeat":"repeat","background-position":"center center","background-size":"auto","background-attachment":"scroll","background-type":"","background-media":"","overlay-type":"","overlay-color":"","overlay-opacity":"","overlay-gradient":""}},"footnotes":""},"categories":[29],"tags":[62],"class_list":["post-5224","post","type-post","status-publish","format-standard","has-post-thumbnail","hentry","category-extensao-pt","tag-meninas-nas-ciencias"],"yoast_head":"<!-- This site is optimized with the Yoast SEO plugin v27.4 - https:\/\/yoast.com\/product\/yoast-seo-wordpress\/ -->\n<title>Projeto MENINAS NAS CI\u00caNCIAS ganha Pr\u00eamio Melhores Projetos de Extens\u00e3o Universit\u00e1ria 2023 - DAQBi<\/title>\n<meta name=\"description\" content=\"Veja o artigo publicado na edi\u00e7\u00e3o especial Pr\u00eamio Melhores Projetos de Extens\u00e3o Universit\u00e1ria 2023 da Revista T\u00e9cnico-Cient\u00edfica CREA-PR\" \/>\n<meta name=\"robots\" content=\"index, follow, max-snippet:-1, max-image-preview:large, max-video-preview:-1\" \/>\n<link rel=\"canonical\" href=\"https:\/\/utfpr.curitiba.br\/daqbi\/projeto-meninas-nas-ciencias-ganha-premio-melhores-projetos-de-extensao-universitaria-2023\/\" \/>\n<meta property=\"og:locale\" content=\"pt_BR\" \/>\n<meta property=\"og:type\" content=\"article\" \/>\n<meta property=\"og:title\" content=\"Projeto MENINAS NAS CI\u00caNCIAS ganha Pr\u00eamio Melhores Projetos de Extens\u00e3o Universit\u00e1ria 2023 - DAQBi\" \/>\n<meta property=\"og:description\" content=\"Veja o artigo publicado na edi\u00e7\u00e3o especial Pr\u00eamio Melhores Projetos de Extens\u00e3o Universit\u00e1ria 2023 da Revista T\u00e9cnico-Cient\u00edfica CREA-PR\" \/>\n<meta property=\"og:url\" content=\"https:\/\/utfpr.curitiba.br\/daqbi\/projeto-meninas-nas-ciencias-ganha-premio-melhores-projetos-de-extensao-universitaria-2023\/\" \/>\n<meta property=\"og:site_name\" content=\"DAQBi\" \/>\n<meta property=\"article:published_time\" content=\"2023-12-28T16:00:41+00:00\" \/>\n<meta property=\"article:modified_time\" content=\"2024-12-09T17:03:07+00:00\" \/>\n<meta property=\"og:image\" content=\"https:\/\/utfpr-ct-static-content.s3.amazonaws.com\/utfpr.curitiba.br\/wp-content\/uploads\/sites\/149\/2023\/12\/cover_issue_36_pt_BR-e1703779357118.jpg\" \/>\n\t<meta property=\"og:image:width\" content=\"499\" \/>\n\t<meta property=\"og:image:height\" content=\"359\" \/>\n\t<meta property=\"og:image:type\" content=\"image\/jpeg\" \/>\n<meta name=\"author\" content=\"MAIARA SOARES DE CARVALHO\" \/>\n<meta name=\"twitter:card\" content=\"summary_large_image\" \/>\n<meta name=\"twitter:label1\" content=\"Written by\" \/>\n\t<meta name=\"twitter:data1\" content=\"MAIARA SOARES DE CARVALHO\" \/>\n\t<meta name=\"twitter:label2\" content=\"Est. reading time\" \/>\n\t<meta name=\"twitter:data2\" content=\"1 minuto\" \/>\n<script type=\"application\/ld+json\" class=\"yoast-schema-graph\">{\"@context\":\"https:\\\/\\\/schema.org\",\"@graph\":[{\"@type\":\"Article\",\"@id\":\"https:\\\/\\\/utfpr.curitiba.br\\\/daqbi\\\/projeto-meninas-nas-ciencias-ganha-premio-melhores-projetos-de-extensao-universitaria-2023\\\/#article\",\"isPartOf\":{\"@id\":\"https:\\\/\\\/utfpr.curitiba.br\\\/daqbi\\\/projeto-meninas-nas-ciencias-ganha-premio-melhores-projetos-de-extensao-universitaria-2023\\\/\"},\"author\":{\"name\":\"MAIARA SOARES DE CARVALHO\",\"@id\":\"https:\\\/\\\/utfpr.curitiba.br\\\/daqbi\\\/#\\\/schema\\\/person\\\/54ffd36e35efc6dcd7586dfa303e5e45\"},\"headline\":\"Projeto MENINAS NAS CI\u00caNCIAS ganha Pr\u00eamio Melhores Projetos de Extens\u00e3o Universit\u00e1ria 2023\",\"datePublished\":\"2023-12-28T16:00:41+00:00\",\"dateModified\":\"2024-12-09T17:03:07+00:00\",\"mainEntityOfPage\":{\"@id\":\"https:\\\/\\\/utfpr.curitiba.br\\\/daqbi\\\/projeto-meninas-nas-ciencias-ganha-premio-melhores-projetos-de-extensao-universitaria-2023\\\/\"},\"wordCount\":229,\"publisher\":{\"@id\":\"https:\\\/\\\/utfpr.curitiba.br\\\/daqbi\\\/#organization\"},\"image\":{\"@id\":\"https:\\\/\\\/utfpr.curitiba.br\\\/daqbi\\\/projeto-meninas-nas-ciencias-ganha-premio-melhores-projetos-de-extensao-universitaria-2023\\\/#primaryimage\"},\"thumbnailUrl\":\"https:\\\/\\\/utfpr-ct-static-content.s3.amazonaws.com\\\/utfpr.curitiba.br\\\/wp-content\\\/uploads\\\/sites\\\/149\\\/2023\\\/12\\\/cover_issue_36_pt_BR-e1703779357118.jpg\",\"keywords\":[\"Meninas nas Ci\u00eancias\"],\"articleSection\":[\"Extens\u00e3o\"],\"inLanguage\":\"pt-BR\"},{\"@type\":\"WebPage\",\"@id\":\"https:\\\/\\\/utfpr.curitiba.br\\\/daqbi\\\/projeto-meninas-nas-ciencias-ganha-premio-melhores-projetos-de-extensao-universitaria-2023\\\/\",\"url\":\"https:\\\/\\\/utfpr.curitiba.br\\\/daqbi\\\/projeto-meninas-nas-ciencias-ganha-premio-melhores-projetos-de-extensao-universitaria-2023\\\/\",\"name\":\"Projeto MENINAS NAS CI\u00caNCIAS ganha Pr\u00eamio Melhores Projetos de Extens\u00e3o Universit\u00e1ria 2023 - DAQBi\",\"isPartOf\":{\"@id\":\"https:\\\/\\\/utfpr.curitiba.br\\\/daqbi\\\/#website\"},\"primaryImageOfPage\":{\"@id\":\"https:\\\/\\\/utfpr.curitiba.br\\\/daqbi\\\/projeto-meninas-nas-ciencias-ganha-premio-melhores-projetos-de-extensao-universitaria-2023\\\/#primaryimage\"},\"image\":{\"@id\":\"https:\\\/\\\/utfpr.curitiba.br\\\/daqbi\\\/projeto-meninas-nas-ciencias-ganha-premio-melhores-projetos-de-extensao-universitaria-2023\\\/#primaryimage\"},\"thumbnailUrl\":\"https:\\\/\\\/utfpr-ct-static-content.s3.amazonaws.com\\\/utfpr.curitiba.br\\\/wp-content\\\/uploads\\\/sites\\\/149\\\/2023\\\/12\\\/cover_issue_36_pt_BR-e1703779357118.jpg\",\"datePublished\":\"2023-12-28T16:00:41+00:00\",\"dateModified\":\"2024-12-09T17:03:07+00:00\",\"description\":\"Veja o artigo publicado na edi\u00e7\u00e3o especial Pr\u00eamio Melhores Projetos de Extens\u00e3o Universit\u00e1ria 2023 da Revista T\u00e9cnico-Cient\u00edfica CREA-PR\",\"breadcrumb\":{\"@id\":\"https:\\\/\\\/utfpr.curitiba.br\\\/daqbi\\\/projeto-meninas-nas-ciencias-ganha-premio-melhores-projetos-de-extensao-universitaria-2023\\\/#breadcrumb\"},\"inLanguage\":\"pt-BR\",\"potentialAction\":[{\"@type\":\"ReadAction\",\"target\":[\"https:\\\/\\\/utfpr.curitiba.br\\\/daqbi\\\/projeto-meninas-nas-ciencias-ganha-premio-melhores-projetos-de-extensao-universitaria-2023\\\/\"]}]},{\"@type\":\"ImageObject\",\"inLanguage\":\"pt-BR\",\"@id\":\"https:\\\/\\\/utfpr.curitiba.br\\\/daqbi\\\/projeto-meninas-nas-ciencias-ganha-premio-melhores-projetos-de-extensao-universitaria-2023\\\/#primaryimage\",\"url\":\"https:\\\/\\\/utfpr-ct-static-content.s3.amazonaws.com\\\/utfpr.curitiba.br\\\/wp-content\\\/uploads\\\/sites\\\/149\\\/2023\\\/12\\\/cover_issue_36_pt_BR-e1703779357118.jpg\",\"contentUrl\":\"https:\\\/\\\/utfpr-ct-static-content.s3.amazonaws.com\\\/utfpr.curitiba.br\\\/wp-content\\\/uploads\\\/sites\\\/149\\\/2023\\\/12\\\/cover_issue_36_pt_BR-e1703779357118.jpg\",\"width\":499,\"height\":359},{\"@type\":\"BreadcrumbList\",\"@id\":\"https:\\\/\\\/utfpr.curitiba.br\\\/daqbi\\\/projeto-meninas-nas-ciencias-ganha-premio-melhores-projetos-de-extensao-universitaria-2023\\\/#breadcrumb\",\"itemListElement\":[{\"@type\":\"ListItem\",\"position\":1,\"name\":\"Home\",\"item\":\"https:\\\/\\\/utfpr.curitiba.br\\\/daqbi\\\/\"},{\"@type\":\"ListItem\",\"position\":2,\"name\":\"Projeto MENINAS NAS CI\u00caNCIAS ganha Pr\u00eamio Melhores Projetos de Extens\u00e3o Universit\u00e1ria 2023\"}]},{\"@type\":\"WebSite\",\"@id\":\"https:\\\/\\\/utfpr.curitiba.br\\\/daqbi\\\/#website\",\"url\":\"https:\\\/\\\/utfpr.curitiba.br\\\/daqbi\\\/\",\"name\":\"DAQBi\",\"description\":\"Departamento Acad\u00eamico de Qu\u00edmica e Biologia - UTFPR Campus Curitiba\",\"publisher\":{\"@id\":\"https:\\\/\\\/utfpr.curitiba.br\\\/daqbi\\\/#organization\"},\"alternateName\":\"Daqbi Curitiba - UTFPR\",\"potentialAction\":[{\"@type\":\"SearchAction\",\"target\":{\"@type\":\"EntryPoint\",\"urlTemplate\":\"https:\\\/\\\/utfpr.curitiba.br\\\/daqbi\\\/?s={search_term_string}\"},\"query-input\":{\"@type\":\"PropertyValueSpecification\",\"valueRequired\":true,\"valueName\":\"search_term_string\"}}],\"inLanguage\":\"pt-BR\"},{\"@type\":\"Organization\",\"@id\":\"https:\\\/\\\/utfpr.curitiba.br\\\/daqbi\\\/#organization\",\"name\":\"Departamento Acad\u00eamico de Qu\u00edmica e Biologia UTFPR Curitiba\",\"alternateName\":\"DAQBI curitiba - Universidade Tecnol\u00f3gica Federal do Paran\u00e1\",\"url\":\"https:\\\/\\\/utfpr.curitiba.br\\\/daqbi\\\/\",\"logo\":{\"@type\":\"ImageObject\",\"inLanguage\":\"pt-BR\",\"@id\":\"https:\\\/\\\/utfpr.curitiba.br\\\/daqbi\\\/#\\\/schema\\\/logo\\\/image\\\/\",\"url\":\"https:\\\/\\\/utfpr-ct-static-content.s3.amazonaws.com\\\/utfpr.curitiba.br\\\/wp-content\\\/uploads\\\/sites\\\/149\\\/2023\\\/04\\\/daqbi_curto.png\",\"contentUrl\":\"https:\\\/\\\/utfpr-ct-static-content.s3.amazonaws.com\\\/utfpr.curitiba.br\\\/wp-content\\\/uploads\\\/sites\\\/149\\\/2023\\\/04\\\/daqbi_curto.png\",\"width\":600,\"height\":261,\"caption\":\"Departamento Acad\u00eamico de Qu\u00edmica e Biologia UTFPR Curitiba\"},\"image\":{\"@id\":\"https:\\\/\\\/utfpr.curitiba.br\\\/daqbi\\\/#\\\/schema\\\/logo\\\/image\\\/\"}},{\"@type\":\"Person\",\"@id\":\"https:\\\/\\\/utfpr.curitiba.br\\\/daqbi\\\/#\\\/schema\\\/person\\\/54ffd36e35efc6dcd7586dfa303e5e45\",\"name\":\"MAIARA SOARES DE CARVALHO\",\"image\":{\"@type\":\"ImageObject\",\"inLanguage\":\"pt-BR\",\"@id\":\"https:\\\/\\\/secure.gravatar.com\\\/avatar\\\/04ae42cbf857db9e4d1c8f7b49dd414d9fb6d832ea010d002f8da5eac30a568c?s=96&d=mm&r=g\",\"url\":\"https:\\\/\\\/secure.gravatar.com\\\/avatar\\\/04ae42cbf857db9e4d1c8f7b49dd414d9fb6d832ea010d002f8da5eac30a568c?s=96&d=mm&r=g\",\"contentUrl\":\"https:\\\/\\\/secure.gravatar.com\\\/avatar\\\/04ae42cbf857db9e4d1c8f7b49dd414d9fb6d832ea010d002f8da5eac30a568c?s=96&d=mm&r=g\",\"caption\":\"MAIARA SOARES DE CARVALHO\"},\"url\":\"https:\\\/\\\/utfpr.curitiba.br\\\/daqbi\\\/author\\\/a1102338\\\/\"}]}<\/script>\n<!-- \/ Yoast SEO plugin. -->","yoast_head_json":{"title":"Projeto MENINAS NAS CI\u00caNCIAS ganha Pr\u00eamio Melhores Projetos de Extens\u00e3o Universit\u00e1ria 2023 - DAQBi","description":"Veja o artigo publicado na edi\u00e7\u00e3o especial Pr\u00eamio Melhores Projetos de Extens\u00e3o Universit\u00e1ria 2023 da Revista T\u00e9cnico-Cient\u00edfica CREA-PR","robots":{"index":"index","follow":"follow","max-snippet":"max-snippet:-1","max-image-preview":"max-image-preview:large","max-video-preview":"max-video-preview:-1"},"canonical":"https:\/\/utfpr.curitiba.br\/daqbi\/projeto-meninas-nas-ciencias-ganha-premio-melhores-projetos-de-extensao-universitaria-2023\/","og_locale":"pt_BR","og_type":"article","og_title":"Projeto MENINAS NAS CI\u00caNCIAS ganha Pr\u00eamio Melhores Projetos de Extens\u00e3o Universit\u00e1ria 2023 - DAQBi","og_description":"Veja o artigo publicado na edi\u00e7\u00e3o especial Pr\u00eamio Melhores Projetos de Extens\u00e3o Universit\u00e1ria 2023 da Revista T\u00e9cnico-Cient\u00edfica CREA-PR","og_url":"https:\/\/utfpr.curitiba.br\/daqbi\/projeto-meninas-nas-ciencias-ganha-premio-melhores-projetos-de-extensao-universitaria-2023\/","og_site_name":"DAQBi","article_published_time":"2023-12-28T16:00:41+00:00","article_modified_time":"2024-12-09T17:03:07+00:00","og_image":[{"width":499,"height":359,"url":"https:\/\/utfpr-ct-static-content.s3.amazonaws.com\/utfpr.curitiba.br\/wp-content\/uploads\/sites\/149\/2023\/12\/cover_issue_36_pt_BR-e1703779357118.jpg","type":"image\/jpeg"}],"author":"MAIARA SOARES DE CARVALHO","twitter_card":"summary_large_image","twitter_misc":{"Written by":"MAIARA SOARES DE CARVALHO","Est. reading time":"1 minuto"},"schema":{"@context":"https:\/\/schema.org","@graph":[{"@type":"Article","@id":"https:\/\/utfpr.curitiba.br\/daqbi\/projeto-meninas-nas-ciencias-ganha-premio-melhores-projetos-de-extensao-universitaria-2023\/#article","isPartOf":{"@id":"https:\/\/utfpr.curitiba.br\/daqbi\/projeto-meninas-nas-ciencias-ganha-premio-melhores-projetos-de-extensao-universitaria-2023\/"},"author":{"name":"MAIARA SOARES DE CARVALHO","@id":"https:\/\/utfpr.curitiba.br\/daqbi\/#\/schema\/person\/54ffd36e35efc6dcd7586dfa303e5e45"},"headline":"Projeto MENINAS NAS CI\u00caNCIAS ganha Pr\u00eamio Melhores Projetos de Extens\u00e3o Universit\u00e1ria 2023","datePublished":"2023-12-28T16:00:41+00:00","dateModified":"2024-12-09T17:03:07+00:00","mainEntityOfPage":{"@id":"https:\/\/utfpr.curitiba.br\/daqbi\/projeto-meninas-nas-ciencias-ganha-premio-melhores-projetos-de-extensao-universitaria-2023\/"},"wordCount":229,"publisher":{"@id":"https:\/\/utfpr.curitiba.br\/daqbi\/#organization"},"image":{"@id":"https:\/\/utfpr.curitiba.br\/daqbi\/projeto-meninas-nas-ciencias-ganha-premio-melhores-projetos-de-extensao-universitaria-2023\/#primaryimage"},"thumbnailUrl":"https:\/\/utfpr-ct-static-content.s3.amazonaws.com\/utfpr.curitiba.br\/wp-content\/uploads\/sites\/149\/2023\/12\/cover_issue_36_pt_BR-e1703779357118.jpg","keywords":["Meninas nas Ci\u00eancias"],"articleSection":["Extens\u00e3o"],"inLanguage":"pt-BR"},{"@type":"WebPage","@id":"https:\/\/utfpr.curitiba.br\/daqbi\/projeto-meninas-nas-ciencias-ganha-premio-melhores-projetos-de-extensao-universitaria-2023\/","url":"https:\/\/utfpr.curitiba.br\/daqbi\/projeto-meninas-nas-ciencias-ganha-premio-melhores-projetos-de-extensao-universitaria-2023\/","name":"Projeto MENINAS NAS CI\u00caNCIAS ganha Pr\u00eamio Melhores Projetos de Extens\u00e3o Universit\u00e1ria 2023 - DAQBi","isPartOf":{"@id":"https:\/\/utfpr.curitiba.br\/daqbi\/#website"},"primaryImageOfPage":{"@id":"https:\/\/utfpr.curitiba.br\/daqbi\/projeto-meninas-nas-ciencias-ganha-premio-melhores-projetos-de-extensao-universitaria-2023\/#primaryimage"},"image":{"@id":"https:\/\/utfpr.curitiba.br\/daqbi\/projeto-meninas-nas-ciencias-ganha-premio-melhores-projetos-de-extensao-universitaria-2023\/#primaryimage"},"thumbnailUrl":"https:\/\/utfpr-ct-static-content.s3.amazonaws.com\/utfpr.curitiba.br\/wp-content\/uploads\/sites\/149\/2023\/12\/cover_issue_36_pt_BR-e1703779357118.jpg","datePublished":"2023-12-28T16:00:41+00:00","dateModified":"2024-12-09T17:03:07+00:00","description":"Veja o artigo publicado na edi\u00e7\u00e3o especial Pr\u00eamio Melhores Projetos de Extens\u00e3o Universit\u00e1ria 2023 da Revista T\u00e9cnico-Cient\u00edfica CREA-PR","breadcrumb":{"@id":"https:\/\/utfpr.curitiba.br\/daqbi\/projeto-meninas-nas-ciencias-ganha-premio-melhores-projetos-de-extensao-universitaria-2023\/#breadcrumb"},"inLanguage":"pt-BR","potentialAction":[{"@type":"ReadAction","target":["https:\/\/utfpr.curitiba.br\/daqbi\/projeto-meninas-nas-ciencias-ganha-premio-melhores-projetos-de-extensao-universitaria-2023\/"]}]},{"@type":"ImageObject","inLanguage":"pt-BR","@id":"https:\/\/utfpr.curitiba.br\/daqbi\/projeto-meninas-nas-ciencias-ganha-premio-melhores-projetos-de-extensao-universitaria-2023\/#primaryimage","url":"https:\/\/utfpr-ct-static-content.s3.amazonaws.com\/utfpr.curitiba.br\/wp-content\/uploads\/sites\/149\/2023\/12\/cover_issue_36_pt_BR-e1703779357118.jpg","contentUrl":"https:\/\/utfpr-ct-static-content.s3.amazonaws.com\/utfpr.curitiba.br\/wp-content\/uploads\/sites\/149\/2023\/12\/cover_issue_36_pt_BR-e1703779357118.jpg","width":499,"height":359},{"@type":"BreadcrumbList","@id":"https:\/\/utfpr.curitiba.br\/daqbi\/projeto-meninas-nas-ciencias-ganha-premio-melhores-projetos-de-extensao-universitaria-2023\/#breadcrumb","itemListElement":[{"@type":"ListItem","position":1,"name":"Home","item":"https:\/\/utfpr.curitiba.br\/daqbi\/"},{"@type":"ListItem","position":2,"name":"Projeto MENINAS NAS CI\u00caNCIAS ganha Pr\u00eamio Melhores Projetos de Extens\u00e3o Universit\u00e1ria 2023"}]},{"@type":"WebSite","@id":"https:\/\/utfpr.curitiba.br\/daqbi\/#website","url":"https:\/\/utfpr.curitiba.br\/daqbi\/","name":"DAQBi","description":"Departamento Acad\u00eamico de Qu\u00edmica e Biologia - UTFPR Campus Curitiba","publisher":{"@id":"https:\/\/utfpr.curitiba.br\/daqbi\/#organization"},"alternateName":"Daqbi Curitiba - UTFPR","potentialAction":[{"@type":"SearchAction","target":{"@type":"EntryPoint","urlTemplate":"https:\/\/utfpr.curitiba.br\/daqbi\/?s={search_term_string}"},"query-input":{"@type":"PropertyValueSpecification","valueRequired":true,"valueName":"search_term_string"}}],"inLanguage":"pt-BR"},{"@type":"Organization","@id":"https:\/\/utfpr.curitiba.br\/daqbi\/#organization","name":"Departamento Acad\u00eamico de Qu\u00edmica e Biologia UTFPR Curitiba","alternateName":"DAQBI curitiba - Universidade Tecnol\u00f3gica Federal do Paran\u00e1","url":"https:\/\/utfpr.curitiba.br\/daqbi\/","logo":{"@type":"ImageObject","inLanguage":"pt-BR","@id":"https:\/\/utfpr.curitiba.br\/daqbi\/#\/schema\/logo\/image\/","url":"https:\/\/utfpr-ct-static-content.s3.amazonaws.com\/utfpr.curitiba.br\/wp-content\/uploads\/sites\/149\/2023\/04\/daqbi_curto.png","contentUrl":"https:\/\/utfpr-ct-static-content.s3.amazonaws.com\/utfpr.curitiba.br\/wp-content\/uploads\/sites\/149\/2023\/04\/daqbi_curto.png","width":600,"height":261,"caption":"Departamento Acad\u00eamico de Qu\u00edmica e Biologia UTFPR Curitiba"},"image":{"@id":"https:\/\/utfpr.curitiba.br\/daqbi\/#\/schema\/logo\/image\/"}},{"@type":"Person","@id":"https:\/\/utfpr.curitiba.br\/daqbi\/#\/schema\/person\/54ffd36e35efc6dcd7586dfa303e5e45","name":"MAIARA SOARES DE CARVALHO","image":{"@type":"ImageObject","inLanguage":"pt-BR","@id":"https:\/\/secure.gravatar.com\/avatar\/04ae42cbf857db9e4d1c8f7b49dd414d9fb6d832ea010d002f8da5eac30a568c?s=96&d=mm&r=g","url":"https:\/\/secure.gravatar.com\/avatar\/04ae42cbf857db9e4d1c8f7b49dd414d9fb6d832ea010d002f8da5eac30a568c?s=96&d=mm&r=g","contentUrl":"https:\/\/secure.gravatar.com\/avatar\/04ae42cbf857db9e4d1c8f7b49dd414d9fb6d832ea010d002f8da5eac30a568c?s=96&d=mm&r=g","caption":"MAIARA SOARES DE CARVALHO"},"url":"https:\/\/utfpr.curitiba.br\/daqbi\/author\/a1102338\/"}]}},"_links":{"self":[{"href":"https:\/\/utfpr.curitiba.br\/daqbi\/wp-json\/wp\/v2\/posts\/5224","targetHints":{"allow":["GET"]}}],"collection":[{"href":"https:\/\/utfpr.curitiba.br\/daqbi\/wp-json\/wp\/v2\/posts"}],"about":[{"href":"https:\/\/utfpr.curitiba.br\/daqbi\/wp-json\/wp\/v2\/types\/post"}],"author":[{"embeddable":true,"href":"https:\/\/utfpr.curitiba.br\/daqbi\/wp-json\/wp\/v2\/users\/157"}],"replies":[{"embeddable":true,"href":"https:\/\/utfpr.curitiba.br\/daqbi\/wp-json\/wp\/v2\/comments?post=5224"}],"version-history":[{"count":3,"href":"https:\/\/utfpr.curitiba.br\/daqbi\/wp-json\/wp\/v2\/posts\/5224\/revisions"}],"predecessor-version":[{"id":5502,"href":"https:\/\/utfpr.curitiba.br\/daqbi\/wp-json\/wp\/v2\/posts\/5224\/revisions\/5502"}],"wp:featuredmedia":[{"embeddable":true,"href":"https:\/\/utfpr.curitiba.br\/daqbi\/wp-json\/wp\/v2\/media\/5225"}],"wp:attachment":[{"href":"https:\/\/utfpr.curitiba.br\/daqbi\/wp-json\/wp\/v2\/media?parent=5224"}],"wp:term":[{"taxonomy":"category","embeddable":true,"href":"https:\/\/utfpr.curitiba.br\/daqbi\/wp-json\/wp\/v2\/categories?post=5224"},{"taxonomy":"post_tag","embeddable":true,"href":"https:\/\/utfpr.curitiba.br\/daqbi\/wp-json\/wp\/v2\/tags?post=5224"}],"curies":[{"name":"wp","href":"https:\/\/api.w.org\/{rel}","templated":true}]}}