{"id":4095,"date":"2023-09-29T13:33:06","date_gmt":"2023-09-29T16:33:06","guid":{"rendered":"https:\/\/utfpr.curitiba.br\/daqbi\/?p=4095"},"modified":"2023-09-29T13:33:09","modified_gmt":"2023-09-29T16:33:09","slug":"daqbi-recebe-academicos-do-paraguai","status":"publish","type":"post","link":"https:\/\/utfpr.curitiba.br\/daqbi\/daqbi-recebe-academicos-do-paraguai\/","title":{"rendered":"DAQBi recebe acad\u00eamicos do Paraguai"},"content":{"rendered":"\n<p>Uma comitiva de aproximadamente 30 acad\u00eamicos e professores do curso de Qu\u00edmica da Facultad de Ciencias Exactas y Naturales (FACEN), do Paraguai, visitou o campus Curitiba nos dias 25 e 26 de setembro. A turma veio da Universidad Nacional de Asunci\u00f3n (UNA), da qual a FACEN faz parte. O projeto de extens\u00e3o Meninas nas Ci\u00eancias, coordenado pelas professoras Maurici Del Monego e Larissa Kummer, vinculado ao Departamento Acad\u00eamico de Qu\u00edmica e Biologia (DAQBI), organizou a visita.<\/p>\n\n\n\n<p>O Meninas nas Ci\u00eancias ofertou aos visitantes palestras ministradas por pesquisadores do DAQBI e uma sess\u00e3o de p\u00f4steres com trabalhos de pesquisa do departamento. Os estudantes paraguaios tiveram oportunidade de conhecer em detalhes as investiga\u00e7\u00f5es da Qu\u00edmica realizadas na UTFPR Curitiba. O grupo conheceu os laborat\u00f3rios de pesquisa na sede Ecoville e visitou a Incubadora de Inova\u00e7\u00f5es do campus (IUT-CT), bem como o Parque Cient\u00edfico e Tecnol\u00f3gico (PCT-CT) e o Museu de Tecnologias da UTFPR.<\/p>\n\n\n\n<p>&#8220;A iniciativa da visita foi da FACEN, e ficamos muito felizes com a oferta: organizamos tudo aqui para receber bem e trocar ideias e experi\u00eancias com os estudantes e professores de Qu\u00edmica do pa\u00eds vizinho. Foi um conv\u00edvio importante e harmonioso. \u00c9 o projeto Meninas nas Ci\u00eancias ultrapassando fronteiras para atingir seu grande objetivo de dissemina\u00e7\u00e3o do conhecimento e valoriza\u00e7\u00e3o da Ci\u00eancia&#8221;, conta a professora Maurici.&nbsp;<\/p>\n\n\n\n<p>Mais informa\u00e7\u00f5es no Instagram do projeto Meninas nas Ci\u00eancias:&nbsp;<a href=\"https:\/\/www.instagram.com\/meninasnascienciasutfpr\/\" target=\"_blank\" rel=\"noreferrer noopener\">@meninasnascienciasutfpr<\/a><\/p>\n\n\n\n<hr class=\"wp-block-separator has-alpha-channel-opacity\" \/>\n\n\n\n<hr class=\"wp-block-separator has-alpha-channel-opacity\" \/>\n\n\n\n<p>Leia essa reportagem no portal da UTFPR: <a href=\"https:\/\/portal.utfpr.edu.br\/noticias\/curitiba\/academicos-do-paraguai-visitam-campus-curitiba\" target=\"_blank\" rel=\"noreferrer noopener\">https:\/\/portal.utfpr.edu.br\/noticias\/curitiba\/academicos-do-paraguai-visitam-campus-curitiba<\/a><\/p>\n\n\n\n<p><\/p>\n","protected":false},"excerpt":{"rendered":"<p>Estudantes e professores de Qu\u00edmica conhecem trabalhos e estrutura da UTFPR-CT<\/p>\n","protected":false},"author":225,"featured_media":4096,"comment_status":"closed","ping_status":"open","sticky":false,"template":"","format":"standard","meta":{"site-sidebar-layout":"default","site-content-layout":"","ast-site-content-layout":"default","site-content-style":"default","site-sidebar-style":"default","ast-global-header-display":"","ast-banner-title-visibility":"","ast-main-header-display":"","ast-hfb-above-header-display":"","ast-hfb-below-header-display":"","ast-hfb-mobile-header-display":"","site-post-title":"","ast-breadcrumbs-content":"","ast-featured-img":"","footer-sml-layout":"","ast-disable-related-posts":"","theme-transparent-header-meta":"","adv-header-id-meta":"","stick-header-meta":"","header-above-stick-meta":"","header-main-stick-meta":"","header-below-stick-meta":"","astra-migrate-meta-layouts":"default","ast-page-background-enabled":"default","ast-page-background-meta":{"desktop":{"background-color":"var(--ast-global-color-4)","background-image":"","background-repeat":"repeat","background-position":"center center","background-size":"auto","background-attachment":"scroll","background-type":"","background-media":"","overlay-type":"","overlay-color":"","overlay-opacity":"","overlay-gradient":""},"tablet":{"background-color":"","background-image":"","background-repeat":"repeat","background-position":"center center","background-size":"auto","background-attachment":"scroll","background-type":"","background-media":"","overlay-type":"","overlay-color":"","overlay-opacity":"","overlay-gradient":""},"mobile":{"background-color":"","background-image":"","background-repeat":"repeat","background-position":"center center","background-size":"auto","background-attachment":"scroll","background-type":"","background-media":"","overlay-type":"","overlay-color":"","overlay-opacity":"","overlay-gradient":""}},"ast-content-background-meta":{"desktop":{"background-color":"var(--ast-global-color-5)","background-image":"","background-repeat":"repeat","background-position":"center center","background-size":"auto","background-attachment":"scroll","background-type":"","background-media":"","overlay-type":"","overlay-color":"","overlay-opacity":"","overlay-gradient":""},"tablet":{"background-color":"var(--ast-global-color-5)","background-image":"","background-repeat":"repeat","background-position":"center center","background-size":"auto","background-attachment":"scroll","background-type":"","background-media":"","overlay-type":"","overlay-color":"","overlay-opacity":"","overlay-gradient":""},"mobile":{"background-color":"var(--ast-global-color-5)","background-image":"","background-repeat":"repeat","background-position":"center center","background-size":"auto","background-attachment":"scroll","background-type":"","background-media":"","overlay-type":"","overlay-color":"","overlay-opacity":"","overlay-gradient":""}},"footnotes":""},"categories":[28,29],"tags":[],"class_list":["post-4095","post","type-post","status-publish","format-standard","has-post-thumbnail","hentry","category-departamento-pt","category-extensao-pt"],"yoast_head":"<!-- This site is optimized with the Yoast SEO plugin v27.4 - https:\/\/yoast.com\/product\/yoast-seo-wordpress\/ -->\n<title>DAQBi recebe acad\u00eamicos do Paraguai - DAQBi<\/title>\n<meta name=\"robots\" content=\"index, follow, max-snippet:-1, max-image-preview:large, max-video-preview:-1\" \/>\n<link rel=\"canonical\" href=\"https:\/\/utfpr.curitiba.br\/daqbi\/daqbi-recebe-academicos-do-paraguai\/\" \/>\n<meta property=\"og:locale\" content=\"pt_BR\" \/>\n<meta property=\"og:type\" content=\"article\" \/>\n<meta property=\"og:title\" content=\"DAQBi recebe acad\u00eamicos do Paraguai - DAQBi\" \/>\n<meta property=\"og:description\" content=\"Estudantes e professores de Qu\u00edmica conhecem trabalhos e estrutura da UTFPR-CT\" \/>\n<meta property=\"og:url\" content=\"https:\/\/utfpr.curitiba.br\/daqbi\/daqbi-recebe-academicos-do-paraguai\/\" \/>\n<meta property=\"og:site_name\" content=\"DAQBi\" \/>\n<meta property=\"article:published_time\" content=\"2023-09-29T16:33:06+00:00\" \/>\n<meta property=\"article:modified_time\" content=\"2023-09-29T16:33:09+00:00\" \/>\n<meta property=\"og:image\" content=\"https:\/\/utfpr-ct-static-content.s3.amazonaws.com\/utfpr.curitiba.br\/wp-content\/uploads\/sites\/149\/2023\/09\/b4b0af5c-26e7-46d7-84ed-ab8dd360bd7c.png\" \/>\n\t<meta property=\"og:image:width\" content=\"664\" \/>\n\t<meta property=\"og:image:height\" content=\"454\" \/>\n\t<meta property=\"og:image:type\" content=\"image\/png\" \/>\n<meta name=\"author\" content=\"LUIZ MARCOS DE LIRA FARIA\" \/>\n<meta name=\"twitter:card\" content=\"summary_large_image\" \/>\n<meta name=\"twitter:label1\" content=\"Written by\" \/>\n\t<meta name=\"twitter:data1\" content=\"LUIZ MARCOS DE LIRA FARIA\" \/>\n\t<meta name=\"twitter:label2\" content=\"Est. reading time\" \/>\n\t<meta name=\"twitter:data2\" content=\"1 minuto\" \/>\n<script type=\"application\/ld+json\" class=\"yoast-schema-graph\">{\"@context\":\"https:\\\/\\\/schema.org\",\"@graph\":[{\"@type\":\"Article\",\"@id\":\"https:\\\/\\\/utfpr.curitiba.br\\\/daqbi\\\/daqbi-recebe-academicos-do-paraguai\\\/#article\",\"isPartOf\":{\"@id\":\"https:\\\/\\\/utfpr.curitiba.br\\\/daqbi\\\/daqbi-recebe-academicos-do-paraguai\\\/\"},\"author\":{\"name\":\"LUIZ MARCOS DE LIRA FARIA\",\"@id\":\"https:\\\/\\\/utfpr.curitiba.br\\\/daqbi\\\/#\\\/schema\\\/person\\\/ec8be5e9efc9dc2fd962c547e3b29210\"},\"headline\":\"DAQBi recebe acad\u00eamicos do Paraguai\",\"datePublished\":\"2023-09-29T16:33:06+00:00\",\"dateModified\":\"2023-09-29T16:33:09+00:00\",\"mainEntityOfPage\":{\"@id\":\"https:\\\/\\\/utfpr.curitiba.br\\\/daqbi\\\/daqbi-recebe-academicos-do-paraguai\\\/\"},\"wordCount\":272,\"publisher\":{\"@id\":\"https:\\\/\\\/utfpr.curitiba.br\\\/daqbi\\\/#organization\"},\"image\":{\"@id\":\"https:\\\/\\\/utfpr.curitiba.br\\\/daqbi\\\/daqbi-recebe-academicos-do-paraguai\\\/#primaryimage\"},\"thumbnailUrl\":\"https:\\\/\\\/utfpr-ct-static-content.s3.amazonaws.com\\\/utfpr.curitiba.br\\\/wp-content\\\/uploads\\\/sites\\\/149\\\/2023\\\/09\\\/b4b0af5c-26e7-46d7-84ed-ab8dd360bd7c.png\",\"articleSection\":[\"Departamento\",\"Extens\u00e3o\"],\"inLanguage\":\"pt-BR\"},{\"@type\":\"WebPage\",\"@id\":\"https:\\\/\\\/utfpr.curitiba.br\\\/daqbi\\\/daqbi-recebe-academicos-do-paraguai\\\/\",\"url\":\"https:\\\/\\\/utfpr.curitiba.br\\\/daqbi\\\/daqbi-recebe-academicos-do-paraguai\\\/\",\"name\":\"DAQBi recebe acad\u00eamicos do Paraguai - DAQBi\",\"isPartOf\":{\"@id\":\"https:\\\/\\\/utfpr.curitiba.br\\\/daqbi\\\/#website\"},\"primaryImageOfPage\":{\"@id\":\"https:\\\/\\\/utfpr.curitiba.br\\\/daqbi\\\/daqbi-recebe-academicos-do-paraguai\\\/#primaryimage\"},\"image\":{\"@id\":\"https:\\\/\\\/utfpr.curitiba.br\\\/daqbi\\\/daqbi-recebe-academicos-do-paraguai\\\/#primaryimage\"},\"thumbnailUrl\":\"https:\\\/\\\/utfpr-ct-static-content.s3.amazonaws.com\\\/utfpr.curitiba.br\\\/wp-content\\\/uploads\\\/sites\\\/149\\\/2023\\\/09\\\/b4b0af5c-26e7-46d7-84ed-ab8dd360bd7c.png\",\"datePublished\":\"2023-09-29T16:33:06+00:00\",\"dateModified\":\"2023-09-29T16:33:09+00:00\",\"breadcrumb\":{\"@id\":\"https:\\\/\\\/utfpr.curitiba.br\\\/daqbi\\\/daqbi-recebe-academicos-do-paraguai\\\/#breadcrumb\"},\"inLanguage\":\"pt-BR\",\"potentialAction\":[{\"@type\":\"ReadAction\",\"target\":[\"https:\\\/\\\/utfpr.curitiba.br\\\/daqbi\\\/daqbi-recebe-academicos-do-paraguai\\\/\"]}]},{\"@type\":\"ImageObject\",\"inLanguage\":\"pt-BR\",\"@id\":\"https:\\\/\\\/utfpr.curitiba.br\\\/daqbi\\\/daqbi-recebe-academicos-do-paraguai\\\/#primaryimage\",\"url\":\"https:\\\/\\\/utfpr-ct-static-content.s3.amazonaws.com\\\/utfpr.curitiba.br\\\/wp-content\\\/uploads\\\/sites\\\/149\\\/2023\\\/09\\\/b4b0af5c-26e7-46d7-84ed-ab8dd360bd7c.png\",\"contentUrl\":\"https:\\\/\\\/utfpr-ct-static-content.s3.amazonaws.com\\\/utfpr.curitiba.br\\\/wp-content\\\/uploads\\\/sites\\\/149\\\/2023\\\/09\\\/b4b0af5c-26e7-46d7-84ed-ab8dd360bd7c.png\",\"width\":664,\"height\":454,\"caption\":\"Professores paraguaios e curitibanos (Foto: Meninas nas Ci\u00eancias).\"},{\"@type\":\"BreadcrumbList\",\"@id\":\"https:\\\/\\\/utfpr.curitiba.br\\\/daqbi\\\/daqbi-recebe-academicos-do-paraguai\\\/#breadcrumb\",\"itemListElement\":[{\"@type\":\"ListItem\",\"position\":1,\"name\":\"Home\",\"item\":\"https:\\\/\\\/utfpr.curitiba.br\\\/daqbi\\\/\"},{\"@type\":\"ListItem\",\"position\":2,\"name\":\"DAQBi recebe acad\u00eamicos do Paraguai\"}]},{\"@type\":\"WebSite\",\"@id\":\"https:\\\/\\\/utfpr.curitiba.br\\\/daqbi\\\/#website\",\"url\":\"https:\\\/\\\/utfpr.curitiba.br\\\/daqbi\\\/\",\"name\":\"DAQBi\",\"description\":\"Departamento Acad\u00eamico de Qu\u00edmica e Biologia - UTFPR Campus Curitiba\",\"publisher\":{\"@id\":\"https:\\\/\\\/utfpr.curitiba.br\\\/daqbi\\\/#organization\"},\"alternateName\":\"Daqbi Curitiba - UTFPR\",\"potentialAction\":[{\"@type\":\"SearchAction\",\"target\":{\"@type\":\"EntryPoint\",\"urlTemplate\":\"https:\\\/\\\/utfpr.curitiba.br\\\/daqbi\\\/?s={search_term_string}\"},\"query-input\":{\"@type\":\"PropertyValueSpecification\",\"valueRequired\":true,\"valueName\":\"search_term_string\"}}],\"inLanguage\":\"pt-BR\"},{\"@type\":\"Organization\",\"@id\":\"https:\\\/\\\/utfpr.curitiba.br\\\/daqbi\\\/#organization\",\"name\":\"Departamento Acad\u00eamico de Qu\u00edmica e Biologia UTFPR Curitiba\",\"alternateName\":\"DAQBI curitiba - Universidade Tecnol\u00f3gica Federal do Paran\u00e1\",\"url\":\"https:\\\/\\\/utfpr.curitiba.br\\\/daqbi\\\/\",\"logo\":{\"@type\":\"ImageObject\",\"inLanguage\":\"pt-BR\",\"@id\":\"https:\\\/\\\/utfpr.curitiba.br\\\/daqbi\\\/#\\\/schema\\\/logo\\\/image\\\/\",\"url\":\"https:\\\/\\\/utfpr-ct-static-content.s3.amazonaws.com\\\/utfpr.curitiba.br\\\/wp-content\\\/uploads\\\/sites\\\/149\\\/2023\\\/04\\\/daqbi_curto.png\",\"contentUrl\":\"https:\\\/\\\/utfpr-ct-static-content.s3.amazonaws.com\\\/utfpr.curitiba.br\\\/wp-content\\\/uploads\\\/sites\\\/149\\\/2023\\\/04\\\/daqbi_curto.png\",\"width\":600,\"height\":261,\"caption\":\"Departamento Acad\u00eamico de Qu\u00edmica e Biologia UTFPR Curitiba\"},\"image\":{\"@id\":\"https:\\\/\\\/utfpr.curitiba.br\\\/daqbi\\\/#\\\/schema\\\/logo\\\/image\\\/\"}},{\"@type\":\"Person\",\"@id\":\"https:\\\/\\\/utfpr.curitiba.br\\\/daqbi\\\/#\\\/schema\\\/person\\\/ec8be5e9efc9dc2fd962c547e3b29210\",\"name\":\"LUIZ MARCOS DE LIRA FARIA\",\"image\":{\"@type\":\"ImageObject\",\"inLanguage\":\"pt-BR\",\"@id\":\"https:\\\/\\\/secure.gravatar.com\\\/avatar\\\/54d5b807945796f71c4b0277aab5936ab13945d6374419031f0957c28dcb9247?s=96&d=mm&r=g\",\"url\":\"https:\\\/\\\/secure.gravatar.com\\\/avatar\\\/54d5b807945796f71c4b0277aab5936ab13945d6374419031f0957c28dcb9247?s=96&d=mm&r=g\",\"contentUrl\":\"https:\\\/\\\/secure.gravatar.com\\\/avatar\\\/54d5b807945796f71c4b0277aab5936ab13945d6374419031f0957c28dcb9247?s=96&d=mm&r=g\",\"caption\":\"LUIZ MARCOS DE LIRA FARIA\"},\"url\":\"https:\\\/\\\/utfpr.curitiba.br\\\/daqbi\\\/author\\\/luizfaria\\\/\"}]}<\/script>\n<!-- \/ Yoast SEO plugin. -->","yoast_head_json":{"title":"DAQBi recebe acad\u00eamicos do Paraguai - DAQBi","robots":{"index":"index","follow":"follow","max-snippet":"max-snippet:-1","max-image-preview":"max-image-preview:large","max-video-preview":"max-video-preview:-1"},"canonical":"https:\/\/utfpr.curitiba.br\/daqbi\/daqbi-recebe-academicos-do-paraguai\/","og_locale":"pt_BR","og_type":"article","og_title":"DAQBi recebe acad\u00eamicos do Paraguai - DAQBi","og_description":"Estudantes e professores de Qu\u00edmica conhecem trabalhos e estrutura da UTFPR-CT","og_url":"https:\/\/utfpr.curitiba.br\/daqbi\/daqbi-recebe-academicos-do-paraguai\/","og_site_name":"DAQBi","article_published_time":"2023-09-29T16:33:06+00:00","article_modified_time":"2023-09-29T16:33:09+00:00","og_image":[{"width":664,"height":454,"url":"https:\/\/utfpr-ct-static-content.s3.amazonaws.com\/utfpr.curitiba.br\/wp-content\/uploads\/sites\/149\/2023\/09\/b4b0af5c-26e7-46d7-84ed-ab8dd360bd7c.png","type":"image\/png"}],"author":"LUIZ MARCOS DE LIRA FARIA","twitter_card":"summary_large_image","twitter_misc":{"Written by":"LUIZ MARCOS DE LIRA FARIA","Est. reading time":"1 minuto"},"schema":{"@context":"https:\/\/schema.org","@graph":[{"@type":"Article","@id":"https:\/\/utfpr.curitiba.br\/daqbi\/daqbi-recebe-academicos-do-paraguai\/#article","isPartOf":{"@id":"https:\/\/utfpr.curitiba.br\/daqbi\/daqbi-recebe-academicos-do-paraguai\/"},"author":{"name":"LUIZ MARCOS DE LIRA FARIA","@id":"https:\/\/utfpr.curitiba.br\/daqbi\/#\/schema\/person\/ec8be5e9efc9dc2fd962c547e3b29210"},"headline":"DAQBi recebe acad\u00eamicos do Paraguai","datePublished":"2023-09-29T16:33:06+00:00","dateModified":"2023-09-29T16:33:09+00:00","mainEntityOfPage":{"@id":"https:\/\/utfpr.curitiba.br\/daqbi\/daqbi-recebe-academicos-do-paraguai\/"},"wordCount":272,"publisher":{"@id":"https:\/\/utfpr.curitiba.br\/daqbi\/#organization"},"image":{"@id":"https:\/\/utfpr.curitiba.br\/daqbi\/daqbi-recebe-academicos-do-paraguai\/#primaryimage"},"thumbnailUrl":"https:\/\/utfpr-ct-static-content.s3.amazonaws.com\/utfpr.curitiba.br\/wp-content\/uploads\/sites\/149\/2023\/09\/b4b0af5c-26e7-46d7-84ed-ab8dd360bd7c.png","articleSection":["Departamento","Extens\u00e3o"],"inLanguage":"pt-BR"},{"@type":"WebPage","@id":"https:\/\/utfpr.curitiba.br\/daqbi\/daqbi-recebe-academicos-do-paraguai\/","url":"https:\/\/utfpr.curitiba.br\/daqbi\/daqbi-recebe-academicos-do-paraguai\/","name":"DAQBi recebe acad\u00eamicos do Paraguai - DAQBi","isPartOf":{"@id":"https:\/\/utfpr.curitiba.br\/daqbi\/#website"},"primaryImageOfPage":{"@id":"https:\/\/utfpr.curitiba.br\/daqbi\/daqbi-recebe-academicos-do-paraguai\/#primaryimage"},"image":{"@id":"https:\/\/utfpr.curitiba.br\/daqbi\/daqbi-recebe-academicos-do-paraguai\/#primaryimage"},"thumbnailUrl":"https:\/\/utfpr-ct-static-content.s3.amazonaws.com\/utfpr.curitiba.br\/wp-content\/uploads\/sites\/149\/2023\/09\/b4b0af5c-26e7-46d7-84ed-ab8dd360bd7c.png","datePublished":"2023-09-29T16:33:06+00:00","dateModified":"2023-09-29T16:33:09+00:00","breadcrumb":{"@id":"https:\/\/utfpr.curitiba.br\/daqbi\/daqbi-recebe-academicos-do-paraguai\/#breadcrumb"},"inLanguage":"pt-BR","potentialAction":[{"@type":"ReadAction","target":["https:\/\/utfpr.curitiba.br\/daqbi\/daqbi-recebe-academicos-do-paraguai\/"]}]},{"@type":"ImageObject","inLanguage":"pt-BR","@id":"https:\/\/utfpr.curitiba.br\/daqbi\/daqbi-recebe-academicos-do-paraguai\/#primaryimage","url":"https:\/\/utfpr-ct-static-content.s3.amazonaws.com\/utfpr.curitiba.br\/wp-content\/uploads\/sites\/149\/2023\/09\/b4b0af5c-26e7-46d7-84ed-ab8dd360bd7c.png","contentUrl":"https:\/\/utfpr-ct-static-content.s3.amazonaws.com\/utfpr.curitiba.br\/wp-content\/uploads\/sites\/149\/2023\/09\/b4b0af5c-26e7-46d7-84ed-ab8dd360bd7c.png","width":664,"height":454,"caption":"Professores paraguaios e curitibanos (Foto: Meninas nas Ci\u00eancias)."},{"@type":"BreadcrumbList","@id":"https:\/\/utfpr.curitiba.br\/daqbi\/daqbi-recebe-academicos-do-paraguai\/#breadcrumb","itemListElement":[{"@type":"ListItem","position":1,"name":"Home","item":"https:\/\/utfpr.curitiba.br\/daqbi\/"},{"@type":"ListItem","position":2,"name":"DAQBi recebe acad\u00eamicos do Paraguai"}]},{"@type":"WebSite","@id":"https:\/\/utfpr.curitiba.br\/daqbi\/#website","url":"https:\/\/utfpr.curitiba.br\/daqbi\/","name":"DAQBi","description":"Departamento Acad\u00eamico de Qu\u00edmica e Biologia - UTFPR Campus Curitiba","publisher":{"@id":"https:\/\/utfpr.curitiba.br\/daqbi\/#organization"},"alternateName":"Daqbi Curitiba - UTFPR","potentialAction":[{"@type":"SearchAction","target":{"@type":"EntryPoint","urlTemplate":"https:\/\/utfpr.curitiba.br\/daqbi\/?s={search_term_string}"},"query-input":{"@type":"PropertyValueSpecification","valueRequired":true,"valueName":"search_term_string"}}],"inLanguage":"pt-BR"},{"@type":"Organization","@id":"https:\/\/utfpr.curitiba.br\/daqbi\/#organization","name":"Departamento Acad\u00eamico de Qu\u00edmica e Biologia UTFPR Curitiba","alternateName":"DAQBI curitiba - Universidade Tecnol\u00f3gica Federal do Paran\u00e1","url":"https:\/\/utfpr.curitiba.br\/daqbi\/","logo":{"@type":"ImageObject","inLanguage":"pt-BR","@id":"https:\/\/utfpr.curitiba.br\/daqbi\/#\/schema\/logo\/image\/","url":"https:\/\/utfpr-ct-static-content.s3.amazonaws.com\/utfpr.curitiba.br\/wp-content\/uploads\/sites\/149\/2023\/04\/daqbi_curto.png","contentUrl":"https:\/\/utfpr-ct-static-content.s3.amazonaws.com\/utfpr.curitiba.br\/wp-content\/uploads\/sites\/149\/2023\/04\/daqbi_curto.png","width":600,"height":261,"caption":"Departamento Acad\u00eamico de Qu\u00edmica e Biologia UTFPR Curitiba"},"image":{"@id":"https:\/\/utfpr.curitiba.br\/daqbi\/#\/schema\/logo\/image\/"}},{"@type":"Person","@id":"https:\/\/utfpr.curitiba.br\/daqbi\/#\/schema\/person\/ec8be5e9efc9dc2fd962c547e3b29210","name":"LUIZ MARCOS DE LIRA FARIA","image":{"@type":"ImageObject","inLanguage":"pt-BR","@id":"https:\/\/secure.gravatar.com\/avatar\/54d5b807945796f71c4b0277aab5936ab13945d6374419031f0957c28dcb9247?s=96&d=mm&r=g","url":"https:\/\/secure.gravatar.com\/avatar\/54d5b807945796f71c4b0277aab5936ab13945d6374419031f0957c28dcb9247?s=96&d=mm&r=g","contentUrl":"https:\/\/secure.gravatar.com\/avatar\/54d5b807945796f71c4b0277aab5936ab13945d6374419031f0957c28dcb9247?s=96&d=mm&r=g","caption":"LUIZ MARCOS DE LIRA FARIA"},"url":"https:\/\/utfpr.curitiba.br\/daqbi\/author\/luizfaria\/"}]}},"_links":{"self":[{"href":"https:\/\/utfpr.curitiba.br\/daqbi\/wp-json\/wp\/v2\/posts\/4095","targetHints":{"allow":["GET"]}}],"collection":[{"href":"https:\/\/utfpr.curitiba.br\/daqbi\/wp-json\/wp\/v2\/posts"}],"about":[{"href":"https:\/\/utfpr.curitiba.br\/daqbi\/wp-json\/wp\/v2\/types\/post"}],"author":[{"embeddable":true,"href":"https:\/\/utfpr.curitiba.br\/daqbi\/wp-json\/wp\/v2\/users\/225"}],"replies":[{"embeddable":true,"href":"https:\/\/utfpr.curitiba.br\/daqbi\/wp-json\/wp\/v2\/comments?post=4095"}],"version-history":[{"count":1,"href":"https:\/\/utfpr.curitiba.br\/daqbi\/wp-json\/wp\/v2\/posts\/4095\/revisions"}],"predecessor-version":[{"id":4097,"href":"https:\/\/utfpr.curitiba.br\/daqbi\/wp-json\/wp\/v2\/posts\/4095\/revisions\/4097"}],"wp:featuredmedia":[{"embeddable":true,"href":"https:\/\/utfpr.curitiba.br\/daqbi\/wp-json\/wp\/v2\/media\/4096"}],"wp:attachment":[{"href":"https:\/\/utfpr.curitiba.br\/daqbi\/wp-json\/wp\/v2\/media?parent=4095"}],"wp:term":[{"taxonomy":"category","embeddable":true,"href":"https:\/\/utfpr.curitiba.br\/daqbi\/wp-json\/wp\/v2\/categories?post=4095"},{"taxonomy":"post_tag","embeddable":true,"href":"https:\/\/utfpr.curitiba.br\/daqbi\/wp-json\/wp\/v2\/tags?post=4095"}],"curies":[{"name":"wp","href":"https:\/\/api.w.org\/{rel}","templated":true}]}}