{"id":1979,"date":"2026-03-26T12:07:32","date_gmt":"2026-03-26T15:07:32","guid":{"rendered":"https:\/\/utfpr.curitiba.br\/dalemdidatico\/?p=1979"},"modified":"2026-03-26T12:07:35","modified_gmt":"2026-03-26T15:07:35","slug":"analise-sobre-a-aprendizagem-por-meio-de-material-didatico-impresso-vs-digital","status":"publish","type":"post","link":"https:\/\/utfpr.curitiba.br\/dalemdidatico\/analise-sobre-a-aprendizagem-por-meio-de-material-didatico-impresso-vs-digital\/","title":{"rendered":"An\u00e1lise sobre a aprendizagem por meio de material did\u00e1tico impresso vs. digital."},"content":{"rendered":"\n<p><a href=\"https:\/\/utfpr.curitiba.br\/dalemdidatico\/formacao-de-professor-de-le\/\" target=\"_blank\" rel=\"noreferrer noopener\">Forma\u00e7\u00e3o de Professor em LE<\/a><\/p>\n\n\n\n<ul class=\"wp-block-list\">\n<li class=\"has-small-font-size\">T\u00edtulo: <strong>An\u00e1lise sobre a aprendizagem por meio de material did\u00e1tico impresso vs. digital.&nbsp;<\/strong><\/li>\n\n\n\n<li class=\"has-small-font-size\">Autor(es): Maike Ferreira Piazzoli, Maria Eduarda Fermino Berthier Silveira, Sara Ferreira da Silva e Yasmin Basniak<\/li>\n\n\n\n<li class=\"has-small-font-size\">Orientador(es): Rita de Cassia Veiga Marriott<\/li>\n\n\n\n<li class=\"has-small-font-size\">Revisor: Joyce Cristina Silva Ferreira<\/li>\n\n\n\n<li class=\"has-small-font-size\">Palavras-chave: Aprendizagem; Material Did\u00e1tico; Material Impresso; Material Digital.<\/li>\n<\/ul>\n\n\n\n<ul class=\"wp-block-list\">\n<li><em>Para acessar o material<\/em> <a href=\"https:\/\/utfpr-ct-static-content.s3.amazonaws.com\/utfpr.curitiba.br\/wp-content\/uploads\/sites\/65\/2026\/03\/Copia-de-GP-Tecnologias.pdf\" target=\"_blank\" rel=\"noreferrer noopener\">clique aqui<\/a>.<\/li>\n<\/ul>\n","protected":false},"excerpt":{"rendered":"<p>Forma\u00e7\u00e3o de Professor em LE<\/p>\n","protected":false},"author":429,"featured_media":0,"comment_status":"closed","ping_status":"closed","sticky":false,"template":"","format":"standard","meta":{"footnotes":""},"categories":[184],"tags":[550,455,552,551],"class_list":["post-1979","post","type-post","status-publish","format-standard","hentry","category-formacao-de-professor-de-le","tag-aprendizagem","tag-material-didatico","tag-material-digital","tag-material-impresso"],"_links":{"self":[{"href":"https:\/\/utfpr.curitiba.br\/dalemdidatico\/wp-json\/wp\/v2\/posts\/1979","targetHints":{"allow":["GET"]}}],"collection":[{"href":"https:\/\/utfpr.curitiba.br\/dalemdidatico\/wp-json\/wp\/v2\/posts"}],"about":[{"href":"https:\/\/utfpr.curitiba.br\/dalemdidatico\/wp-json\/wp\/v2\/types\/post"}],"author":[{"embeddable":true,"href":"https:\/\/utfpr.curitiba.br\/dalemdidatico\/wp-json\/wp\/v2\/users\/429"}],"replies":[{"embeddable":true,"href":"https:\/\/utfpr.curitiba.br\/dalemdidatico\/wp-json\/wp\/v2\/comments?post=1979"}],"version-history":[{"count":1,"href":"https:\/\/utfpr.curitiba.br\/dalemdidatico\/wp-json\/wp\/v2\/posts\/1979\/revisions"}],"predecessor-version":[{"id":1980,"href":"https:\/\/utfpr.curitiba.br\/dalemdidatico\/wp-json\/wp\/v2\/posts\/1979\/revisions\/1980"}],"wp:attachment":[{"href":"https:\/\/utfpr.curitiba.br\/dalemdidatico\/wp-json\/wp\/v2\/media?parent=1979"}],"wp:term":[{"taxonomy":"category","embeddable":true,"href":"https:\/\/utfpr.curitiba.br\/dalemdidatico\/wp-json\/wp\/v2\/categories?post=1979"},{"taxonomy":"post_tag","embeddable":true,"href":"https:\/\/utfpr.curitiba.br\/dalemdidatico\/wp-json\/wp\/v2\/tags?post=1979"}],"curies":[{"name":"wp","href":"https:\/\/api.w.org\/{rel}","templated":true}]}}