{"id":1920,"date":"2026-03-19T19:20:04","date_gmt":"2026-03-19T22:20:04","guid":{"rendered":"https:\/\/utfpr.curitiba.br\/dalemdidatico\/?p=1920"},"modified":"2026-03-29T12:58:28","modified_gmt":"2026-03-29T15:58:28","slug":"som-de-vogal-schwa","status":"publish","type":"post","link":"https:\/\/utfpr.curitiba.br\/dalemdidatico\/som-de-vogal-schwa\/","title":{"rendered":"Som de Vogal: Schwa"},"content":{"rendered":"\n<p><a href=\"https:\/\/utfpr.curitiba.br\/dalemdidatico\/pronuncia\/\" data-type=\"link\" data-id=\"https:\/\/utfpr.curitiba.br\/dalemdidatico\/pronuncia\/\">Pron\u00fancia<\/a><\/p>\n\n\n\n<ul class=\"wp-block-list\">\n<li class=\"has-small-font-size\">T\u00edtulo: <strong>Som de Vogal: Schwa<\/strong><\/li>\n\n\n\n<li class=\"has-small-font-size\">Autor(es): Lucas Matheus de Lara<\/li>\n\n\n\n<li class=\"has-small-font-size\">Orientador(es): Ana Maria Dos Santos Garcia Ferreira Martins.<\/li>\n\n\n\n<li class=\"has-small-font-size\">Revisor: Joyce Cristina Silva Ferreira<\/li>\n\n\n\n<li class=\"has-small-font-size\">Palavras-chave: Pr\u00e1tica de Pron\u00fancia; Schwa; <em>Stress<\/em>; Consci\u00eancia Sonora; Produ\u00e7\u00e3o Oral.<\/li>\n<\/ul>\n\n\n\n<ul class=\"wp-block-list\">\n<li><em>Para acessar o material <a href=\"https:\/\/utfpr-ct-static-content.s3.amazonaws.com\/utfpr.curitiba.br\/wp-content\/uploads\/sites\/65\/2026\/03\/REA-Pronuncia-Schwa-1.pdf\" data-type=\"link\" data-id=\"https:\/\/utfpr-ct-static-content.s3.amazonaws.com\/utfpr.curitiba.br\/wp-content\/uploads\/sites\/65\/2026\/03\/Pronunciation-of-English-silent-sounds-minimal-pairs-and-vowel-sounds-1-4.pdf\" target=\"_blank\" rel=\"noreferrer noopener\">clique aqui<\/a><a href=\"https:\/\/utfpr-ct-static-content.s3.amazonaws.com\/utfpr.curitiba.br\/wp-content\/uploads\/sites\/65\/2026\/03\/Schwa.pdf\" data-type=\"link\" data-id=\"https:\/\/utfpr-ct-static-content.s3.amazonaws.com\/utfpr.curitiba.br\/wp-content\/uploads\/sites\/65\/2026\/03\/Schwa.pdf\">.<\/a><\/em><\/li>\n\n\n\n<li><\/li>\n<\/ul>\n","protected":false},"excerpt":{"rendered":"<p>Pron\u00fancia<\/p>\n","protected":false},"author":429,"featured_media":0,"comment_status":"closed","ping_status":"closed","sticky":false,"template":"","format":"standard","meta":{"footnotes":""},"categories":[559],"tags":[525,527,524,492,526],"class_list":["post-1920","post","type-post","status-publish","format-standard","hentry","category-pronuncia","tag-consciencia-sonora","tag-pratica-de-pronuncia","tag-producao-oral","tag-schwa","tag-stress"],"_links":{"self":[{"href":"https:\/\/utfpr.curitiba.br\/dalemdidatico\/wp-json\/wp\/v2\/posts\/1920","targetHints":{"allow":["GET"]}}],"collection":[{"href":"https:\/\/utfpr.curitiba.br\/dalemdidatico\/wp-json\/wp\/v2\/posts"}],"about":[{"href":"https:\/\/utfpr.curitiba.br\/dalemdidatico\/wp-json\/wp\/v2\/types\/post"}],"author":[{"embeddable":true,"href":"https:\/\/utfpr.curitiba.br\/dalemdidatico\/wp-json\/wp\/v2\/users\/429"}],"replies":[{"embeddable":true,"href":"https:\/\/utfpr.curitiba.br\/dalemdidatico\/wp-json\/wp\/v2\/comments?post=1920"}],"version-history":[{"count":2,"href":"https:\/\/utfpr.curitiba.br\/dalemdidatico\/wp-json\/wp\/v2\/posts\/1920\/revisions"}],"predecessor-version":[{"id":1962,"href":"https:\/\/utfpr.curitiba.br\/dalemdidatico\/wp-json\/wp\/v2\/posts\/1920\/revisions\/1962"}],"wp:attachment":[{"href":"https:\/\/utfpr.curitiba.br\/dalemdidatico\/wp-json\/wp\/v2\/media?parent=1920"}],"wp:term":[{"taxonomy":"category","embeddable":true,"href":"https:\/\/utfpr.curitiba.br\/dalemdidatico\/wp-json\/wp\/v2\/categories?post=1920"},{"taxonomy":"post_tag","embeddable":true,"href":"https:\/\/utfpr.curitiba.br\/dalemdidatico\/wp-json\/wp\/v2\/tags?post=1920"}],"curies":[{"name":"wp","href":"https:\/\/api.w.org\/{rel}","templated":true}]}}