{"id":1880,"date":"2026-03-17T19:50:11","date_gmt":"2026-03-17T22:50:11","guid":{"rendered":"https:\/\/utfpr.curitiba.br\/dalemdidatico\/?p=1880"},"modified":"2026-03-29T13:00:29","modified_gmt":"2026-03-29T16:00:29","slug":"animais-de-estimacao-pets","status":"publish","type":"post","link":"https:\/\/utfpr.curitiba.br\/dalemdidatico\/animais-de-estimacao-pets\/","title":{"rendered":"Animais de estima\u00e7\u00e3o (PETS)"},"content":{"rendered":"\n<p><a href=\"https:\/\/utfpr.curitiba.br\/dalemdidatico\/pfol-portugues-para-falantes-de-outras-linguas\/\" data-type=\"page\" data-id=\"1802\">PFOL &#8211; Portugu\u00eas para Falantes de Outras L\u00ednguas<\/a><\/p>\n\n\n\n<ul class=\"wp-block-list\">\n<li class=\"has-small-font-size\">T\u00edtulo: <strong>Animais de estima\u00e7\u00e3o (PETS)&nbsp;<\/strong><\/li>\n\n\n\n<li class=\"has-small-font-size\">Autor(es): Carina Cleudes Duda Bittencourt, Luanna N\u00e1tali Braga Brancalione e Jo\u00e3o Pedro Xavier Madruga<\/li>\n\n\n\n<li class=\"has-small-font-size\">Orientador(es): Elisa Novaski Cordeiro<\/li>\n\n\n\n<li class=\"has-small-font-size\">Revisor: Joyce Cristina Silva Ferreira<\/li>\n\n\n\n<li class=\"has-small-font-size\">Palavras-chave: Cachorros; Vira-Lata; Reportagem; Diminutivos.<\/li>\n<\/ul>\n\n\n\n<ul class=\"wp-block-list\">\n<li><em>Para acessar o material<\/em> <a href=\"https:\/\/utfpr-ct-static-content.s3.amazonaws.com\/utfpr.curitiba.br\/wp-content\/uploads\/sites\/65\/2026\/03\/PFOL-Animais-de-estimacao-petS.pdf\" target=\"_blank\" rel=\"noreferrer noopener\">clique aqui<\/a>.<\/li>\n<\/ul>\n","protected":false},"excerpt":{"rendered":"<p>PFOL &#8211; Portugu\u00eas para Falantes de Outras L\u00ednguas<\/p>\n","protected":false},"author":429,"featured_media":0,"comment_status":"closed","ping_status":"closed","sticky":false,"template":"","format":"standard","meta":{"footnotes":""},"categories":[559],"tags":[503,507,506,504],"class_list":["post-1880","post","type-post","status-publish","format-standard","hentry","category-pronuncia","tag-cachorros","tag-diminutivos","tag-reportagem","tag-vira-lata"],"_links":{"self":[{"href":"https:\/\/utfpr.curitiba.br\/dalemdidatico\/wp-json\/wp\/v2\/posts\/1880","targetHints":{"allow":["GET"]}}],"collection":[{"href":"https:\/\/utfpr.curitiba.br\/dalemdidatico\/wp-json\/wp\/v2\/posts"}],"about":[{"href":"https:\/\/utfpr.curitiba.br\/dalemdidatico\/wp-json\/wp\/v2\/types\/post"}],"author":[{"embeddable":true,"href":"https:\/\/utfpr.curitiba.br\/dalemdidatico\/wp-json\/wp\/v2\/users\/429"}],"replies":[{"embeddable":true,"href":"https:\/\/utfpr.curitiba.br\/dalemdidatico\/wp-json\/wp\/v2\/comments?post=1880"}],"version-history":[{"count":1,"href":"https:\/\/utfpr.curitiba.br\/dalemdidatico\/wp-json\/wp\/v2\/posts\/1880\/revisions"}],"predecessor-version":[{"id":1881,"href":"https:\/\/utfpr.curitiba.br\/dalemdidatico\/wp-json\/wp\/v2\/posts\/1880\/revisions\/1881"}],"wp:attachment":[{"href":"https:\/\/utfpr.curitiba.br\/dalemdidatico\/wp-json\/wp\/v2\/media?parent=1880"}],"wp:term":[{"taxonomy":"category","embeddable":true,"href":"https:\/\/utfpr.curitiba.br\/dalemdidatico\/wp-json\/wp\/v2\/categories?post=1880"},{"taxonomy":"post_tag","embeddable":true,"href":"https:\/\/utfpr.curitiba.br\/dalemdidatico\/wp-json\/wp\/v2\/tags?post=1880"}],"curies":[{"name":"wp","href":"https:\/\/api.w.org\/{rel}","templated":true}]}}