{"id":1876,"date":"2026-03-17T19:46:27","date_gmt":"2026-03-17T22:46:27","guid":{"rendered":"https:\/\/utfpr.curitiba.br\/dalemdidatico\/?p=1876"},"modified":"2026-03-29T13:01:05","modified_gmt":"2026-03-29T16:01:05","slug":"analisando-uma-noticia-diferentes-sotaques-da-lingua-portugues","status":"publish","type":"post","link":"https:\/\/utfpr.curitiba.br\/dalemdidatico\/analisando-uma-noticia-diferentes-sotaques-da-lingua-portugues\/","title":{"rendered":"Analisando uma not\u00edcia: Diferentes sotaques da l\u00edngua portugu\u00eas"},"content":{"rendered":"\n<p><a href=\"https:\/\/utfpr.curitiba.br\/dalemdidatico\/pfol-portugues-para-falantes-de-outras-linguas\/\" data-type=\"link\" data-id=\"https:\/\/utfpr.curitiba.br\/dalemdidatico\/pfol-portugues-para-falantes-de-outras-linguas\/\">PFOL &#8211; Portugu\u00eas para Falantes de Outras L\u00ednguas<\/a><\/p>\n\n\n\n<ul class=\"wp-block-list\">\n<li class=\"has-small-font-size\">T\u00edtulo: <strong>Analisando uma not\u00edcia: Diferentes sotaques da l\u00edngua portuguesa<\/strong><\/li>\n\n\n\n<li class=\"has-small-font-size\">Autor(es): D\u00e9bora Estef\u00e2nia Lima da Silva<\/li>\n\n\n\n<li class=\"has-small-font-size\">Orientador(es): Sem Orienta\u00e7\u00e3o<\/li>\n\n\n\n<li class=\"has-small-font-size\">Revisor: Joyce Cristina Silva Ferreira<\/li>\n\n\n\n<li class=\"has-small-font-size\">Palavras-chave: Not\u00edcias; Covid; Sotaques da L\u00edngua Portuguesa.<\/li>\n<\/ul>\n\n\n\n<ul class=\"wp-block-list\">\n<li><em>Para acessar o material<\/em> <a href=\"https:\/\/utfpr-ct-static-content.s3.amazonaws.com\/utfpr.curitiba.br\/wp-content\/uploads\/sites\/65\/2026\/03\/analisando-uma-noticia-.pdf\" target=\"_blank\" rel=\"noreferrer noopener\">clique aqui<\/a>.<\/li>\n<\/ul>\n\n\n\n<p><\/p>\n","protected":false},"excerpt":{"rendered":"<p>PFOL &#8211; Portugu\u00eas para Falantes de Outras L\u00ednguas<\/p>\n","protected":false},"author":429,"featured_media":0,"comment_status":"closed","ping_status":"closed","sticky":false,"template":"","format":"standard","meta":{"footnotes":""},"categories":[560],"tags":[499,498,501],"class_list":["post-1876","post","type-post","status-publish","format-standard","hentry","category-pfol","tag-covid","tag-noticias","tag-sotaques-da-lingua-portuguesa-2"],"_links":{"self":[{"href":"https:\/\/utfpr.curitiba.br\/dalemdidatico\/wp-json\/wp\/v2\/posts\/1876","targetHints":{"allow":["GET"]}}],"collection":[{"href":"https:\/\/utfpr.curitiba.br\/dalemdidatico\/wp-json\/wp\/v2\/posts"}],"about":[{"href":"https:\/\/utfpr.curitiba.br\/dalemdidatico\/wp-json\/wp\/v2\/types\/post"}],"author":[{"embeddable":true,"href":"https:\/\/utfpr.curitiba.br\/dalemdidatico\/wp-json\/wp\/v2\/users\/429"}],"replies":[{"embeddable":true,"href":"https:\/\/utfpr.curitiba.br\/dalemdidatico\/wp-json\/wp\/v2\/comments?post=1876"}],"version-history":[{"count":2,"href":"https:\/\/utfpr.curitiba.br\/dalemdidatico\/wp-json\/wp\/v2\/posts\/1876\/revisions"}],"predecessor-version":[{"id":1878,"href":"https:\/\/utfpr.curitiba.br\/dalemdidatico\/wp-json\/wp\/v2\/posts\/1876\/revisions\/1878"}],"wp:attachment":[{"href":"https:\/\/utfpr.curitiba.br\/dalemdidatico\/wp-json\/wp\/v2\/media?parent=1876"}],"wp:term":[{"taxonomy":"category","embeddable":true,"href":"https:\/\/utfpr.curitiba.br\/dalemdidatico\/wp-json\/wp\/v2\/categories?post=1876"},{"taxonomy":"post_tag","embeddable":true,"href":"https:\/\/utfpr.curitiba.br\/dalemdidatico\/wp-json\/wp\/v2\/tags?post=1876"}],"curies":[{"name":"wp","href":"https:\/\/api.w.org\/{rel}","templated":true}]}}