{"id":1781,"date":"2025-05-08T13:00:00","date_gmt":"2025-05-08T16:00:00","guid":{"rendered":"https:\/\/utfpr.curitiba.br\/dalemdidatico\/?p=1781"},"modified":"2025-09-16T15:35:15","modified_gmt":"2025-09-16T18:35:15","slug":"o-impacto-das-emocoes-no-aprendizado-de-ingles","status":"publish","type":"post","link":"https:\/\/utfpr.curitiba.br\/dalemdidatico\/o-impacto-das-emocoes-no-aprendizado-de-ingles\/","title":{"rendered":"O Impacto das Emo\u00e7\u00f5es no Aprendizado de Ingl\u00eas"},"content":{"rendered":"\n<p><a href=\"https:\/\/utfpr.curitiba.br\/dalemdidatico\/formacao-de-professor-de-le\/\" target=\"_blank\" rel=\"noreferrer noopener\">Forma\u00e7\u00e3o de Professor em LE<\/a><\/p>\n\n\n\n<div class=\"wp-block-columns is-layout-flex wp-container-core-columns-is-layout-9d6595d7 wp-block-columns-is-layout-flex\">\n<div class=\"wp-block-column is-layout-flow wp-block-column-is-layout-flow\">\n<p><\/p>\n<\/div>\n<\/div>\n\n\n\n<ul class=\"wp-block-list\">\n<li class=\"has-small-font-size\">T\u00edtulo: <strong>O Impacto das Emo\u00e7\u00f5es no Aprendizado de Ingl\u00eas: Uma Investiga\u00e7\u00e3o com Alunos de uma Universidade P\u00fablica<\/strong><\/li>\n\n\n\n<li class=\"has-small-font-size\">Autor(es): D\u00e9bora Silva e Jo\u00e3o Batista Teixeira Krainski<\/li>\n\n\n\n<li class=\"has-small-font-size\">Orientador(es): Andressa Brawerman Albini<\/li>\n\n\n\n<li class=\"has-small-font-size\">Revisora: Allyce Matos<\/li>\n\n\n\n<li class=\"has-small-font-size\">Palavras-chave: \u00a0Emo\u00e7\u00f5es; L\u00edngua Inglesa; Ensino-Aprendizagem de L\u00ednguas.<\/li>\n<\/ul>\n\n\n\n<div class=\"wp-block-columns is-layout-flex wp-container-core-columns-is-layout-9d6595d7 wp-block-columns-is-layout-flex\">\n<div class=\"wp-block-column is-layout-flow wp-block-column-is-layout-flow\">\n<p><\/p>\n<\/div>\n<\/div>\n\n\n\n<ul class=\"wp-block-list\">\n<li><em>Para acessar o material<\/em>\u00a0<a href=\"https:\/\/utfpr-ct-static-content.s3.amazonaws.com\/utfpr.curitiba.br\/wp-content\/uploads\/sites\/65\/2025\/09\/O-Impacto-das-Emocoes.pdf\" data-type=\"link\" data-id=\"https:\/\/utfpr-ct-static-content.s3.amazonaws.com\/utfpr.curitiba.br\/wp-content\/uploads\/sites\/65\/2025\/04\/REA-Mime.pdf\" target=\"_blank\" rel=\"noreferrer noopener\">clique aqui<\/a>.<\/li>\n<\/ul>\n\n\n\n<p><\/p>\n","protected":false},"excerpt":{"rendered":"<p>Forma\u00e7\u00e3o de Professor em LE<\/p>\n","protected":false},"author":318,"featured_media":0,"comment_status":"closed","ping_status":"closed","sticky":false,"template":"","format":"standard","meta":{"footnotes":""},"categories":[184],"tags":[413,487,486],"class_list":["post-1781","post","type-post","status-publish","format-standard","hentry","category-formacao-de-professor-de-le","tag-emocoes","tag-ensino-aprendizagem-de-linguas","tag-lingua-inglesa"],"_links":{"self":[{"href":"https:\/\/utfpr.curitiba.br\/dalemdidatico\/wp-json\/wp\/v2\/posts\/1781","targetHints":{"allow":["GET"]}}],"collection":[{"href":"https:\/\/utfpr.curitiba.br\/dalemdidatico\/wp-json\/wp\/v2\/posts"}],"about":[{"href":"https:\/\/utfpr.curitiba.br\/dalemdidatico\/wp-json\/wp\/v2\/types\/post"}],"author":[{"embeddable":true,"href":"https:\/\/utfpr.curitiba.br\/dalemdidatico\/wp-json\/wp\/v2\/users\/318"}],"replies":[{"embeddable":true,"href":"https:\/\/utfpr.curitiba.br\/dalemdidatico\/wp-json\/wp\/v2\/comments?post=1781"}],"version-history":[{"count":1,"href":"https:\/\/utfpr.curitiba.br\/dalemdidatico\/wp-json\/wp\/v2\/posts\/1781\/revisions"}],"predecessor-version":[{"id":1783,"href":"https:\/\/utfpr.curitiba.br\/dalemdidatico\/wp-json\/wp\/v2\/posts\/1781\/revisions\/1783"}],"wp:attachment":[{"href":"https:\/\/utfpr.curitiba.br\/dalemdidatico\/wp-json\/wp\/v2\/media?parent=1781"}],"wp:term":[{"taxonomy":"category","embeddable":true,"href":"https:\/\/utfpr.curitiba.br\/dalemdidatico\/wp-json\/wp\/v2\/categories?post=1781"},{"taxonomy":"post_tag","embeddable":true,"href":"https:\/\/utfpr.curitiba.br\/dalemdidatico\/wp-json\/wp\/v2\/tags?post=1781"}],"curies":[{"name":"wp","href":"https:\/\/api.w.org\/{rel}","templated":true}]}}