{"id":1776,"date":"2025-05-08T13:00:00","date_gmt":"2025-05-08T16:00:00","guid":{"rendered":"https:\/\/utfpr.curitiba.br\/dalemdidatico\/?p=1776"},"modified":"2025-09-16T15:28:45","modified_gmt":"2025-09-16T18:28:45","slug":"identidade-docente","status":"publish","type":"post","link":"https:\/\/utfpr.curitiba.br\/dalemdidatico\/identidade-docente\/","title":{"rendered":"Identidade Docente"},"content":{"rendered":"\n<p><a href=\"https:\/\/utfpr.curitiba.br\/dalemdidatico\/formacao-de-professor-de-le\/\" target=\"_blank\" rel=\"noreferrer noopener\">Forma\u00e7\u00e3o de Professor em LE<\/a><\/p>\n\n\n\n<div class=\"wp-block-columns is-layout-flex wp-container-core-columns-is-layout-9d6595d7 wp-block-columns-is-layout-flex\">\n<div class=\"wp-block-column is-layout-flow wp-block-column-is-layout-flow\">\n<p><\/p>\n<\/div>\n<\/div>\n\n\n\n<ul class=\"wp-block-list\">\n<li class=\"has-small-font-size\">T\u00edtulo:<strong> Identidade<\/strong> <strong>Docente nas Aulas de L\u00edngua Inglesa e a F\u00e9 Crist\u00e3: Um Reconhecimento Bibliogr\u00e1fico<\/strong><\/li>\n\n\n\n<li class=\"has-small-font-size\">Autor(es): Tha\u00edse Viana Iacomini<\/li>\n\n\n\n<li class=\"has-small-font-size\">Orientador(es): Andressa Brawerman Albini<\/li>\n\n\n\n<li class=\"has-small-font-size\">Revisora: Allyce Matos<\/li>\n\n\n\n<li class=\"has-small-font-size\">Palavras-chave: \u00a0Lingu\u00edstica Aplicada; Ensino de L\u00edngua Inglesa; Identidade do professor; F\u00e9 Crist\u00e3<\/li>\n<\/ul>\n\n\n\n<div class=\"wp-block-columns is-layout-flex wp-container-core-columns-is-layout-9d6595d7 wp-block-columns-is-layout-flex\">\n<div class=\"wp-block-column is-layout-flow wp-block-column-is-layout-flow\">\n<p><\/p>\n<\/div>\n<\/div>\n\n\n\n<ul class=\"wp-block-list\">\n<li><em>Para acessar o material<\/em>\u00a0<a href=\"https:\/\/utfpr-ct-static-content.s3.amazonaws.com\/utfpr.curitiba.br\/wp-content\/uploads\/sites\/65\/2024\/09\/Andressa-Albini-REA-TEACHING-ENGLISH-IN-THE-USA.pptx.pdf\" data-type=\"link\" data-id=\"https:\/\/utfpr-ct-static-content.s3.amazonaws.com\/utfpr.curitiba.br\/wp-content\/uploads\/sites\/65\/2025\/04\/REA-Mime.pdf\" target=\"_blank\" rel=\"noreferrer noopener\">clique aqui<\/a>.<\/li>\n<\/ul>\n\n\n\n<p><\/p>\n","protected":false},"excerpt":{"rendered":"<p>Forma\u00e7\u00e3o de Professor em LE<\/p>\n","protected":false},"author":318,"featured_media":0,"comment_status":"closed","ping_status":"closed","sticky":false,"template":"","format":"standard","meta":{"footnotes":""},"categories":[184],"tags":[483,485,484,482],"class_list":["post-1776","post","type-post","status-publish","format-standard","hentry","category-formacao-de-professor-de-le","tag-ensino-de-lingua-inglesa","tag-fe-crista","tag-identidade-do-professor","tag-linguistica-aplicada"],"_links":{"self":[{"href":"https:\/\/utfpr.curitiba.br\/dalemdidatico\/wp-json\/wp\/v2\/posts\/1776","targetHints":{"allow":["GET"]}}],"collection":[{"href":"https:\/\/utfpr.curitiba.br\/dalemdidatico\/wp-json\/wp\/v2\/posts"}],"about":[{"href":"https:\/\/utfpr.curitiba.br\/dalemdidatico\/wp-json\/wp\/v2\/types\/post"}],"author":[{"embeddable":true,"href":"https:\/\/utfpr.curitiba.br\/dalemdidatico\/wp-json\/wp\/v2\/users\/318"}],"replies":[{"embeddable":true,"href":"https:\/\/utfpr.curitiba.br\/dalemdidatico\/wp-json\/wp\/v2\/comments?post=1776"}],"version-history":[{"count":1,"href":"https:\/\/utfpr.curitiba.br\/dalemdidatico\/wp-json\/wp\/v2\/posts\/1776\/revisions"}],"predecessor-version":[{"id":1780,"href":"https:\/\/utfpr.curitiba.br\/dalemdidatico\/wp-json\/wp\/v2\/posts\/1776\/revisions\/1780"}],"wp:attachment":[{"href":"https:\/\/utfpr.curitiba.br\/dalemdidatico\/wp-json\/wp\/v2\/media?parent=1776"}],"wp:term":[{"taxonomy":"category","embeddable":true,"href":"https:\/\/utfpr.curitiba.br\/dalemdidatico\/wp-json\/wp\/v2\/categories?post=1776"},{"taxonomy":"post_tag","embeddable":true,"href":"https:\/\/utfpr.curitiba.br\/dalemdidatico\/wp-json\/wp\/v2\/tags?post=1776"}],"curies":[{"name":"wp","href":"https:\/\/api.w.org\/{rel}","templated":true}]}}