{"id":1573,"date":"2024-10-01T15:39:02","date_gmt":"2024-10-01T18:39:02","guid":{"rendered":"https:\/\/utfpr.curitiba.br\/dalemdidatico\/?p=1573"},"modified":"2024-10-01T15:39:05","modified_gmt":"2024-10-01T18:39:05","slug":"dce-educacao-basica","status":"publish","type":"post","link":"https:\/\/utfpr.curitiba.br\/dalemdidatico\/dce-educacao-basica\/","title":{"rendered":"DCE \u2013 Educa\u00e7\u00e3o B\u00e1sica"},"content":{"rendered":"\n<p><a href=\"https:\/\/utfpr.curitiba.br\/dalemdidatico\/formacao-de-professor-de-le\/\" data-type=\"link\" data-id=\"https:\/\/utfpr.curitiba.br\/dalemdidatico\/formacao-de-professor-de-le\/\" target=\"_blank\" rel=\"noreferrer noopener\">Forma\u00e7\u00e3o de Professor de LE<\/a><\/p>\n\n\n\n<div class=\"wp-block-columns is-layout-flex wp-container-core-columns-is-layout-9d6595d7 wp-block-columns-is-layout-flex\">\n<div class=\"wp-block-column is-layout-flow wp-block-column-is-layout-flow\">\n<p><\/p>\n<\/div>\n<\/div>\n\n\n\n<ul class=\"wp-block-list\">\n<li class=\"has-small-font-size\">T\u00edtulo:\u00a0<strong>Diretrizes Curriculares Fundamentos da Educa\u00e7\u00e3o B\u00e1sica \u2013 Secretaria de Estado da Educa\u00e7\u00e3o do Paran\u00e1<\/strong><\/li>\n\n\n\n<li class=\"has-small-font-size\">Autor(es): Leonardo Duarte<\/li>\n\n\n\n<li class=\"has-small-font-size\">Orientador(es): Andressa Brawerman Albini\u00a0<\/li>\n\n\n\n<li class=\"has-small-font-size\">Revisor: Gabriela Tsuneta\u00a0<\/li>\n\n\n\n<li class=\"has-small-font-size\">Palavras-chave: Diretrizes Curriculares; Paran\u00e1; Teoria; Conhecimento; Avalia\u00e7\u00e3o.<\/li>\n<\/ul>\n\n\n\n<div class=\"wp-block-columns is-layout-flex wp-container-core-columns-is-layout-9d6595d7 wp-block-columns-is-layout-flex\">\n<div class=\"wp-block-column is-layout-flow wp-block-column-is-layout-flow\">\n<p><\/p>\n<\/div>\n<\/div>\n\n\n\n<ul class=\"wp-block-list\">\n<li><em>Para acessar o material<\/em>\u00a0<a href=\"https:\/\/utfpr-ct-static-content.s3.amazonaws.com\/utfpr.curitiba.br\/wp-content\/uploads\/sites\/65\/2024\/10\/DCE-Parana-Educacao-Basica.pdf\" target=\"_blank\" rel=\"noreferrer noopener\">clique aqui<\/a>.<\/li>\n<\/ul>\n","protected":false},"excerpt":{"rendered":"<p>Forma\u00e7\u00e3o de Professor de LE<\/p>\n","protected":false},"author":264,"featured_media":0,"comment_status":"closed","ping_status":"closed","sticky":false,"template":"","format":"standard","meta":{"footnotes":""},"categories":[184],"tags":[433,435,436,434,432],"class_list":["post-1573","post","type-post","status-publish","format-standard","hentry","category-formacao-de-professor-de-le","tag-avaliacao","tag-conhecimento","tag-diretrizes-curriculares","tag-parana","tag-teoria"],"_links":{"self":[{"href":"https:\/\/utfpr.curitiba.br\/dalemdidatico\/wp-json\/wp\/v2\/posts\/1573","targetHints":{"allow":["GET"]}}],"collection":[{"href":"https:\/\/utfpr.curitiba.br\/dalemdidatico\/wp-json\/wp\/v2\/posts"}],"about":[{"href":"https:\/\/utfpr.curitiba.br\/dalemdidatico\/wp-json\/wp\/v2\/types\/post"}],"author":[{"embeddable":true,"href":"https:\/\/utfpr.curitiba.br\/dalemdidatico\/wp-json\/wp\/v2\/users\/264"}],"replies":[{"embeddable":true,"href":"https:\/\/utfpr.curitiba.br\/dalemdidatico\/wp-json\/wp\/v2\/comments?post=1573"}],"version-history":[{"count":1,"href":"https:\/\/utfpr.curitiba.br\/dalemdidatico\/wp-json\/wp\/v2\/posts\/1573\/revisions"}],"predecessor-version":[{"id":1574,"href":"https:\/\/utfpr.curitiba.br\/dalemdidatico\/wp-json\/wp\/v2\/posts\/1573\/revisions\/1574"}],"wp:attachment":[{"href":"https:\/\/utfpr.curitiba.br\/dalemdidatico\/wp-json\/wp\/v2\/media?parent=1573"}],"wp:term":[{"taxonomy":"category","embeddable":true,"href":"https:\/\/utfpr.curitiba.br\/dalemdidatico\/wp-json\/wp\/v2\/categories?post=1573"},{"taxonomy":"post_tag","embeddable":true,"href":"https:\/\/utfpr.curitiba.br\/dalemdidatico\/wp-json\/wp\/v2\/tags?post=1573"}],"curies":[{"name":"wp","href":"https:\/\/api.w.org\/{rel}","templated":true}]}}