{"id":1524,"date":"2024-09-30T22:48:25","date_gmt":"2024-10-01T01:48:25","guid":{"rendered":"https:\/\/utfpr.curitiba.br\/dalemdidatico\/?p=1524"},"modified":"2024-09-30T22:48:27","modified_gmt":"2024-10-01T01:48:27","slug":"metodologias-de-aprendizagem-ativa","status":"publish","type":"post","link":"https:\/\/utfpr.curitiba.br\/dalemdidatico\/metodologias-de-aprendizagem-ativa\/","title":{"rendered":"Metodologias de Aprendizagem Ativa"},"content":{"rendered":"\n<p><a href=\"https:\/\/utfpr.curitiba.br\/dalemdidatico\/formacao-de-professor-de-le\/\" data-type=\"link\" data-id=\"https:\/\/utfpr.curitiba.br\/dalemdidatico\/formacao-de-professor-de-le\/\" target=\"_blank\" rel=\"noreferrer noopener\">Forma\u00e7\u00e3o de Professor de LE<\/a><\/p>\n\n\n\n<div class=\"wp-block-columns is-layout-flex wp-container-core-columns-is-layout-9d6595d7 wp-block-columns-is-layout-flex\">\n<div class=\"wp-block-column is-layout-flow wp-block-column-is-layout-flow\">\n<p><\/p>\n<\/div>\n<\/div>\n\n\n\n<ul class=\"wp-block-list\">\n<li class=\"has-small-font-size\">T\u00edtulo:\u00a0<strong>Metodologias de Aprendizagem Ativa<\/strong><\/li>\n\n\n\n<li class=\"has-small-font-size\">Autor(es): Ana Carolina Bonini Penteado<\/li>\n\n\n\n<li class=\"has-small-font-size\">Orientador(es): Marcia Regina Becker<\/li>\n\n\n\n<li class=\"has-small-font-size\">Palavras-chave: Metodologias de Aprendizagem Ativa; O que S\u00e3o; Princ\u00edpios; Reposit\u00f3rios.<\/li>\n<\/ul>\n\n\n\n<div class=\"wp-block-columns is-layout-flex wp-container-core-columns-is-layout-9d6595d7 wp-block-columns-is-layout-flex\">\n<div class=\"wp-block-column is-layout-flow wp-block-column-is-layout-flow\">\n<p><\/p>\n<\/div>\n<\/div>\n\n\n\n<ul class=\"wp-block-list\">\n<li><em>Para acessar o material<\/em>\u00a0<a href=\"https:\/\/utfpr-ct-static-content.s3.amazonaws.com\/utfpr.curitiba.br\/wp-content\/uploads\/sites\/65\/2024\/09\/Metodologias-de-Aprendizagem-Ativa.pdf\" target=\"_blank\" rel=\"noreferrer noopener\">clique aqui<\/a>.<\/li>\n<\/ul>\n","protected":false},"excerpt":{"rendered":"<p>Forma\u00e7\u00e3o de Professor de LE<\/p>\n","protected":false},"author":264,"featured_media":0,"comment_status":"closed","ping_status":"closed","sticky":false,"template":"","format":"standard","meta":{"footnotes":""},"categories":[184],"tags":[423,421,422,420],"class_list":["post-1524","post","type-post","status-publish","format-standard","hentry","category-formacao-de-professor-de-le","tag-metodologias-de-aprendizagem-ativa","tag-o-que-sao","tag-principios","tag-repositorios"],"_links":{"self":[{"href":"https:\/\/utfpr.curitiba.br\/dalemdidatico\/wp-json\/wp\/v2\/posts\/1524","targetHints":{"allow":["GET"]}}],"collection":[{"href":"https:\/\/utfpr.curitiba.br\/dalemdidatico\/wp-json\/wp\/v2\/posts"}],"about":[{"href":"https:\/\/utfpr.curitiba.br\/dalemdidatico\/wp-json\/wp\/v2\/types\/post"}],"author":[{"embeddable":true,"href":"https:\/\/utfpr.curitiba.br\/dalemdidatico\/wp-json\/wp\/v2\/users\/264"}],"replies":[{"embeddable":true,"href":"https:\/\/utfpr.curitiba.br\/dalemdidatico\/wp-json\/wp\/v2\/comments?post=1524"}],"version-history":[{"count":1,"href":"https:\/\/utfpr.curitiba.br\/dalemdidatico\/wp-json\/wp\/v2\/posts\/1524\/revisions"}],"predecessor-version":[{"id":1525,"href":"https:\/\/utfpr.curitiba.br\/dalemdidatico\/wp-json\/wp\/v2\/posts\/1524\/revisions\/1525"}],"wp:attachment":[{"href":"https:\/\/utfpr.curitiba.br\/dalemdidatico\/wp-json\/wp\/v2\/media?parent=1524"}],"wp:term":[{"taxonomy":"category","embeddable":true,"href":"https:\/\/utfpr.curitiba.br\/dalemdidatico\/wp-json\/wp\/v2\/categories?post=1524"},{"taxonomy":"post_tag","embeddable":true,"href":"https:\/\/utfpr.curitiba.br\/dalemdidatico\/wp-json\/wp\/v2\/tags?post=1524"}],"curies":[{"name":"wp","href":"https:\/\/api.w.org\/{rel}","templated":true}]}}