{"id":1271,"date":"2024-09-23T15:38:09","date_gmt":"2024-09-23T18:38:09","guid":{"rendered":"https:\/\/utfpr.curitiba.br\/dalemdidatico\/?p=1271"},"modified":"2024-09-23T15:38:11","modified_gmt":"2024-09-23T18:38:11","slug":"educomunicacao-na-pratica-cartilha-educativa","status":"publish","type":"post","link":"https:\/\/utfpr.curitiba.br\/dalemdidatico\/educomunicacao-na-pratica-cartilha-educativa\/","title":{"rendered":"Educomunica\u00e7\u00e3o na Pr\u00e1tica \u2013 Cartilha Educativa"},"content":{"rendered":"\n<p><a href=\"https:\/\/utfpr.curitiba.br\/dalemdidatico\/formacao-de-professor-de-le\/\" data-type=\"link\" data-id=\"https:\/\/utfpr.curitiba.br\/dalemdidatico\/formacao-de-professor-de-le\/\" target=\"_blank\" rel=\"noreferrer noopener\">Forma\u00e7\u00e3o de Professor de LE<\/a><\/p>\n\n\n\n<div class=\"wp-block-columns is-layout-flex wp-container-core-columns-is-layout-9d6595d7 wp-block-columns-is-layout-flex\">\n<div class=\"wp-block-column is-layout-flow wp-block-column-is-layout-flow\">\n<p><\/p>\n<\/div>\n<\/div>\n\n\n\n<ul class=\"wp-block-list\">\n<li class=\"has-small-font-size\">T\u00edtulo:&nbsp;<strong>Cartilha Educativa \u2013 Educomunica\u00e7\u00e3o na Pr\u00e1tica: Conhe\u00e7a a Educomunica\u00e7\u00e3o e como utilizar em sua pr\u00e1tica profissional<\/strong><\/li>\n\n\n\n<li class=\"has-small-font-size\">Autor(es): Andr\u00e9a Duarte Ross<\/li>\n\n\n\n<li class=\"has-small-font-size\">Orientador(es): Jacqueline Andreucci Lindstron<\/li>\n\n\n\n<li class=\"has-small-font-size\">Revisora: Gabriela Tsuneta<\/li>\n\n\n\n<li class=\"has-small-font-size\">Palavras-chave: Cartilha; Pr\u00e1tica Educomunicativa; Princ\u00edpios e Atividades.<\/li>\n<\/ul>\n\n\n\n<div class=\"wp-block-columns is-layout-flex wp-container-core-columns-is-layout-9d6595d7 wp-block-columns-is-layout-flex\">\n<div class=\"wp-block-column is-layout-flow wp-block-column-is-layout-flow\">\n<p><\/p>\n<\/div>\n<\/div>\n\n\n\n<ul class=\"wp-block-list\">\n<li><em>Para acessar o material<\/em>\u00a0<a href=\"https:\/\/utfpr-ct-static-content.s3.amazonaws.com\/utfpr.curitiba.br\/wp-content\/uploads\/sites\/65\/2024\/09\/Ok_professores_Educomunicacao-na-Pratica-Cartilha-Educativa.pdf\" target=\"_blank\" rel=\"noreferrer noopener\">clique aqui<\/a>.<\/li>\n<\/ul>\n","protected":false},"excerpt":{"rendered":"<p>Forma\u00e7\u00e3o de Professor de LE<\/p>\n","protected":false},"author":264,"featured_media":0,"comment_status":"closed","ping_status":"closed","sticky":false,"template":"","format":"standard","meta":{"footnotes":""},"categories":[184],"tags":[182,181,183],"class_list":["post-1271","post","type-post","status-publish","format-standard","hentry","category-formacao-de-professor-de-le","tag-cartilha","tag-pratica-educomunicativa","tag-principios-e-atividades"],"_links":{"self":[{"href":"https:\/\/utfpr.curitiba.br\/dalemdidatico\/wp-json\/wp\/v2\/posts\/1271","targetHints":{"allow":["GET"]}}],"collection":[{"href":"https:\/\/utfpr.curitiba.br\/dalemdidatico\/wp-json\/wp\/v2\/posts"}],"about":[{"href":"https:\/\/utfpr.curitiba.br\/dalemdidatico\/wp-json\/wp\/v2\/types\/post"}],"author":[{"embeddable":true,"href":"https:\/\/utfpr.curitiba.br\/dalemdidatico\/wp-json\/wp\/v2\/users\/264"}],"replies":[{"embeddable":true,"href":"https:\/\/utfpr.curitiba.br\/dalemdidatico\/wp-json\/wp\/v2\/comments?post=1271"}],"version-history":[{"count":1,"href":"https:\/\/utfpr.curitiba.br\/dalemdidatico\/wp-json\/wp\/v2\/posts\/1271\/revisions"}],"predecessor-version":[{"id":1279,"href":"https:\/\/utfpr.curitiba.br\/dalemdidatico\/wp-json\/wp\/v2\/posts\/1271\/revisions\/1279"}],"wp:attachment":[{"href":"https:\/\/utfpr.curitiba.br\/dalemdidatico\/wp-json\/wp\/v2\/media?parent=1271"}],"wp:term":[{"taxonomy":"category","embeddable":true,"href":"https:\/\/utfpr.curitiba.br\/dalemdidatico\/wp-json\/wp\/v2\/categories?post=1271"},{"taxonomy":"post_tag","embeddable":true,"href":"https:\/\/utfpr.curitiba.br\/dalemdidatico\/wp-json\/wp\/v2\/tags?post=1271"}],"curies":[{"name":"wp","href":"https:\/\/api.w.org\/{rel}","templated":true}]}}