{"id":5931,"date":"2026-08-28T09:53:44","date_gmt":"2026-08-28T12:53:44","guid":{"rendered":"https:\/\/utfpr.curitiba.br\/dalem\/?p=5931"},"modified":"2026-08-28T09:53:46","modified_gmt":"2026-08-28T12:53:46","slug":"edital-de-exame-de-proficiencia-2-2026-dirgrad","status":"publish","type":"post","link":"https:\/\/utfpr.curitiba.br\/dalem\/?p=5931","title":{"rendered":"Edital de Exame de Profici\u00eancia 2\/2026 DIRGRAD"},"content":{"rendered":"\n<p class=\"wp-block-paragraph\">O Edital de Profici\u00eancia 2026\/2 j\u00e1 foi publicado, com o exame previsto para 17 de outubro<\/p>\n\n\n\n<p class=\"wp-block-paragraph\">As inscri\u00e7\u00f5es dever\u00e3o ser efetuadas no per\u00edodo de <strong>31\/08\/2026 a 30\/09\/2026<\/strong> nos seguintes links, por idioma:<br>Portugu\u00eas:\u00a0<a href=\"https:\/\/funtefpr.conveniar.com.br\/eventos\/Forms\/Servicos\/EventoDados.aspx?action=2271\" target=\"_blank\" rel=\"noreferrer noopener\">https:\/\/funtefpr.conveniar.com.br\/eventos\/Forms\/Servicos\/EventoDados.aspx?action=2271<\/a><br>Franc\u00eas:\u00a0<a href=\"https:\/\/funtefpr.conveniar.com.br\/Eventos\/Forms\/Servicos\/EventoDados.aspx?action=2270\" target=\"_blank\" rel=\"noreferrer noopener\">https:\/\/funtefpr.conveniar.com.br\/Eventos\/Forms\/Servicos\/EventoDados.aspx?action=2270<\/a><br>Espanhol:\u00a0<a href=\"https:\/\/funtefpr.conveniar.com.br\/Eventos\/Forms\/Servicos\/EventoDados.aspx?action=2269\" target=\"_blank\" rel=\"noreferrer noopener\">https:\/\/funtefpr.conveniar.com.br\/Eventos\/Forms\/Servicos\/EventoDados.aspx?action=2269<\/a><br>Ingl\u00eas:\u00a0<a href=\"https:\/\/funtefpr.conveniar.com.br\/Eventos\/Forms\/Servicos\/EventoDados.aspx?action=2267\" target=\"_blank\" rel=\"noreferrer noopener\">https:\/\/funtefpr.conveniar.com.br\/Eventos\/Forms\/Servicos\/EventoDados.aspx?action=2267<\/a><\/p>\n\n\n\n<p class=\"wp-block-paragraph\">O <strong>pagamento<\/strong> da taxa de inscri\u00e7\u00e3o no valor de R$ 120,00 (cento e vinte reais) ser\u00e1 gerado a partir do formul\u00e1rio de inscri\u00e7\u00e3o, no per\u00edodo de 31\/08\/2026 a 30\/09\/2026.<\/p>\n\n\n\n<div data-wp-interactive=\"core\/file\" class=\"wp-block-file\"><object data-wp-bind--hidden=\"!state.hasPdfPreview\" hidden class=\"wp-block-file__embed\" data=\"https:\/\/utfpr-ct-static-content.s3.amazonaws.com\/utfpr.curitiba.br\/wp-content\/uploads\/sites\/7\/2026\/08\/SEI_5938181_Graduacao__Edital___DIRGRAD_42.pdf\" type=\"application\/pdf\" style=\"width:100%;height:600px\" aria-label=\"Incorporado de SEI_5938181_Graduacao__Edital___DIRGRAD_42.\"><\/object><a id=\"wp-block-file--media-c7e171e8-af05-466f-b15e-46933a69e661\" href=\"https:\/\/utfpr-ct-static-content.s3.amazonaws.com\/utfpr.curitiba.br\/wp-content\/uploads\/sites\/7\/2026\/08\/SEI_5938181_Graduacao__Edital___DIRGRAD_42.pdf\">SEI_5938181_Graduacao__Edital___DIRGRAD_42<\/a><a href=\"https:\/\/utfpr-ct-static-content.s3.amazonaws.com\/utfpr.curitiba.br\/wp-content\/uploads\/sites\/7\/2026\/08\/SEI_5938181_Graduacao__Edital___DIRGRAD_42.pdf\" class=\"wp-block-file__button wp-element-button\" download aria-describedby=\"wp-block-file--media-c7e171e8-af05-466f-b15e-46933a69e661\">Baixar<\/a><\/div>\n","protected":false},"excerpt":{"rendered":"<p>O Edital de Profici\u00eancia 2026\/2 j\u00e1 foi publicado, com o exame previsto para 17 de outubro As inscri\u00e7\u00f5es dever\u00e3o ser<\/p>\n","protected":false},"author":438,"featured_media":0,"comment_status":"closed","ping_status":"closed","sticky":false,"template":"","format":"standard","meta":{"colormag_page_container_layout":"default_layout","colormag_page_sidebar_layout":"default_layout","footnotes":""},"categories":[44,47,1,10],"tags":[24,32,31],"class_list":["post-5931","post","type-post","status-publish","format-standard","hentry","category-dalem-ct","category-editais","category-sem-categoria","category-proficiencia","tag-dalem","tag-edital","tag-exame-de-proficiencia"],"_links":{"self":[{"href":"https:\/\/utfpr.curitiba.br\/dalem\/index.php?rest_route=\/wp\/v2\/posts\/5931","targetHints":{"allow":["GET"]}}],"collection":[{"href":"https:\/\/utfpr.curitiba.br\/dalem\/index.php?rest_route=\/wp\/v2\/posts"}],"about":[{"href":"https:\/\/utfpr.curitiba.br\/dalem\/index.php?rest_route=\/wp\/v2\/types\/post"}],"author":[{"embeddable":true,"href":"https:\/\/utfpr.curitiba.br\/dalem\/index.php?rest_route=\/wp\/v2\/users\/438"}],"replies":[{"embeddable":true,"href":"https:\/\/utfpr.curitiba.br\/dalem\/index.php?rest_route=%2Fwp%2Fv2%2Fcomments&post=5931"}],"version-history":[{"count":1,"href":"https:\/\/utfpr.curitiba.br\/dalem\/index.php?rest_route=\/wp\/v2\/posts\/5931\/revisions"}],"predecessor-version":[{"id":5933,"href":"https:\/\/utfpr.curitiba.br\/dalem\/index.php?rest_route=\/wp\/v2\/posts\/5931\/revisions\/5933"}],"wp:attachment":[{"href":"https:\/\/utfpr.curitiba.br\/dalem\/index.php?rest_route=%2Fwp%2Fv2%2Fmedia&parent=5931"}],"wp:term":[{"taxonomy":"category","embeddable":true,"href":"https:\/\/utfpr.curitiba.br\/dalem\/index.php?rest_route=%2Fwp%2Fv2%2Fcategories&post=5931"},{"taxonomy":"post_tag","embeddable":true,"href":"https:\/\/utfpr.curitiba.br\/dalem\/index.php?rest_route=%2Fwp%2Fv2%2Ftags&post=5931"}],"curies":[{"name":"wp","href":"https:\/\/api.w.org\/{rel}","templated":true}]}}