{"id":5268,"date":"2025-07-22T17:03:32","date_gmt":"2025-07-22T20:03:32","guid":{"rendered":"https:\/\/utfpr.curitiba.br\/dalem\/?p=5268"},"modified":"2025-07-22T17:03:33","modified_gmt":"2025-07-22T20:03:33","slug":"edital-31-2025-dirgrad-selecao-de-estudantes-bolsistas-e-voluntarios-para-projetos-de-ensino-do-campus-curitiba","status":"publish","type":"post","link":"https:\/\/utfpr.curitiba.br\/dalem\/?p=5268","title":{"rendered":"Edital 31\/2025 &#8211; DIRGRAD &#8211; SELE\u00c7\u00c3O DE ESTUDANTES BOLSISTAS E VOLUNT\u00c1RIOS PARA PROJETOS DE ENSINO DO CAMPUS CURITIBA"},"content":{"rendered":"\n<p>DIRGRAD<\/p>\n\n\n\n<p>O Edital\u202f31\/2025 \u2013 DIRGRAD est\u00e1 com as inscri\u00e7\u00f5es abertas para selecionar bolsistas e volunt\u00e1rios que ir\u00e3o atuar em Projetos de Ensino do campus! Estudantes matriculados nos cursos de gradua\u00e7\u00e3o ou educa\u00e7\u00e3o profissional t\u00e9cnica de n\u00edvel m\u00e9dio da UTFPR \u2013 Curitiba, podem participar. Leia o edital:<\/p>\n\n\n\n<div data-wp-interactive=\"core\/file\" class=\"wp-block-file\"><object data-wp-bind--hidden=\"!state.hasPdfPreview\" hidden class=\"wp-block-file__embed\" data=\"https:\/\/utfpr-ct-static-content.s3.amazonaws.com\/utfpr.curitiba.br\/wp-content\/uploads\/sites\/7\/2025\/07\/SEI_UTFPR-5046020-Graduacao_-Edital-DIRGRAD.pdf\" type=\"application\/pdf\" style=\"width:100%;height:600px\" aria-label=\"Incorporado de SEI_UTFPR - 5046020 - Gradua\u00e7\u00e3o_ Edital - DIRGRAD.\"><\/object><a id=\"wp-block-file--media-180b2d03-020e-4fa9-a04c-ab27abcd2fd7\" href=\"https:\/\/utfpr-ct-static-content.s3.amazonaws.com\/utfpr.curitiba.br\/wp-content\/uploads\/sites\/7\/2025\/07\/SEI_UTFPR-5046020-Graduacao_-Edital-DIRGRAD.pdf\">SEI_UTFPR &#8211; 5046020 &#8211; Gradua\u00e7\u00e3o_ Edital &#8211; DIRGRAD<\/a><a href=\"https:\/\/utfpr-ct-static-content.s3.amazonaws.com\/utfpr.curitiba.br\/wp-content\/uploads\/sites\/7\/2025\/07\/SEI_UTFPR-5046020-Graduacao_-Edital-DIRGRAD.pdf\" class=\"wp-block-file__button wp-element-button\" download aria-describedby=\"wp-block-file--media-180b2d03-020e-4fa9-a04c-ab27abcd2fd7\">Baixar<\/a><\/div>\n\n\n\n<p><\/p>\n","protected":false},"excerpt":{"rendered":"<p>DIRGRAD O Edital\u202f31\/2025 \u2013 DIRGRAD est\u00e1 com as inscri\u00e7\u00f5es abertas para selecionar bolsistas e volunt\u00e1rios que ir\u00e3o atuar em Projetos<\/p>\n","protected":false},"author":362,"featured_media":0,"comment_status":"closed","ping_status":"closed","sticky":false,"template":"","format":"standard","meta":{"colormag_page_container_layout":"default_layout","colormag_page_sidebar_layout":"default_layout","footnotes":""},"categories":[44,47,82,1,45],"tags":[],"class_list":["post-5268","post","type-post","status-publish","format-standard","hentry","category-dalem-ct","category-editais","category-noticia","category-sem-categoria","category-publicacoes"],"_links":{"self":[{"href":"https:\/\/utfpr.curitiba.br\/dalem\/index.php?rest_route=\/wp\/v2\/posts\/5268","targetHints":{"allow":["GET"]}}],"collection":[{"href":"https:\/\/utfpr.curitiba.br\/dalem\/index.php?rest_route=\/wp\/v2\/posts"}],"about":[{"href":"https:\/\/utfpr.curitiba.br\/dalem\/index.php?rest_route=\/wp\/v2\/types\/post"}],"author":[{"embeddable":true,"href":"https:\/\/utfpr.curitiba.br\/dalem\/index.php?rest_route=\/wp\/v2\/users\/362"}],"replies":[{"embeddable":true,"href":"https:\/\/utfpr.curitiba.br\/dalem\/index.php?rest_route=%2Fwp%2Fv2%2Fcomments&post=5268"}],"version-history":[{"count":1,"href":"https:\/\/utfpr.curitiba.br\/dalem\/index.php?rest_route=\/wp\/v2\/posts\/5268\/revisions"}],"predecessor-version":[{"id":5270,"href":"https:\/\/utfpr.curitiba.br\/dalem\/index.php?rest_route=\/wp\/v2\/posts\/5268\/revisions\/5270"}],"wp:attachment":[{"href":"https:\/\/utfpr.curitiba.br\/dalem\/index.php?rest_route=%2Fwp%2Fv2%2Fmedia&parent=5268"}],"wp:term":[{"taxonomy":"category","embeddable":true,"href":"https:\/\/utfpr.curitiba.br\/dalem\/index.php?rest_route=%2Fwp%2Fv2%2Fcategories&post=5268"},{"taxonomy":"post_tag","embeddable":true,"href":"https:\/\/utfpr.curitiba.br\/dalem\/index.php?rest_route=%2Fwp%2Fv2%2Ftags&post=5268"}],"curies":[{"name":"wp","href":"https:\/\/api.w.org\/{rel}","templated":true}]}}