{"id":4857,"date":"2024-11-29T16:35:10","date_gmt":"2024-11-29T19:35:10","guid":{"rendered":"https:\/\/utfpr.curitiba.br\/dalem\/?p=4857"},"modified":"2024-12-12T13:44:14","modified_gmt":"2024-12-12T16:44:14","slug":"passo-a-passo-do-estagio-nao-obrigatorio","status":"publish","type":"post","link":"https:\/\/utfpr.curitiba.br\/dalem\/?p=4857","title":{"rendered":"Passo a Passo do Est\u00e1gio N\u00e3o Obrigat\u00f3rio"},"content":{"rendered":"\n<div data-wp-interactive=\"core\/file\" class=\"wp-block-file\"><object data-wp-bind--hidden=\"!state.hasPdfPreview\" hidden class=\"wp-block-file__embed\" data=\"https:\/\/utfpr-ct-static-content.s3.amazonaws.com\/utfpr.curitiba.br\/wp-content\/uploads\/sites\/7\/2024\/11\/Orientacoes-Estagio-Nao-Obrigatorio.pdf\" type=\"application\/pdf\" style=\"width:100%;height:600px\" aria-label=\"Incorporado de Orienta\u00e7\u00f5es - Est\u00e1gio N\u00e3o Obrigat\u00f3rio.\"><\/object><a id=\"wp-block-file--media-41077f11-da48-431c-9d36-0d0fa30d23f7\" href=\"https:\/\/utfpr-ct-static-content.s3.amazonaws.com\/utfpr.curitiba.br\/wp-content\/uploads\/sites\/7\/2024\/11\/Orientacoes-Estagio-Nao-Obrigatorio.pdf\">Orienta\u00e7\u00f5es &#8211; Est\u00e1gio N\u00e3o Obrigat\u00f3rio<\/a><a href=\"https:\/\/utfpr-ct-static-content.s3.amazonaws.com\/utfpr.curitiba.br\/wp-content\/uploads\/sites\/7\/2024\/11\/Orientacoes-Estagio-Nao-Obrigatorio.pdf\" class=\"wp-block-file__button wp-element-button\" download aria-describedby=\"wp-block-file--media-41077f11-da48-431c-9d36-0d0fa30d23f7\">Baixar<\/a><\/div>\n","protected":false},"excerpt":{"rendered":"","protected":false},"author":21,"featured_media":0,"comment_status":"closed","ping_status":"closed","sticky":false,"template":"","format":"standard","meta":{"colormag_page_container_layout":"default_layout","colormag_page_sidebar_layout":"default_layout","footnotes":""},"categories":[44,84,82],"tags":[77],"class_list":["post-4857","post","type-post","status-publish","format-standard","hentry","category-dalem-ct","category-estagios","category-noticia","tag-estagio"],"_links":{"self":[{"href":"https:\/\/utfpr.curitiba.br\/dalem\/index.php?rest_route=\/wp\/v2\/posts\/4857","targetHints":{"allow":["GET"]}}],"collection":[{"href":"https:\/\/utfpr.curitiba.br\/dalem\/index.php?rest_route=\/wp\/v2\/posts"}],"about":[{"href":"https:\/\/utfpr.curitiba.br\/dalem\/index.php?rest_route=\/wp\/v2\/types\/post"}],"author":[{"embeddable":true,"href":"https:\/\/utfpr.curitiba.br\/dalem\/index.php?rest_route=\/wp\/v2\/users\/21"}],"replies":[{"embeddable":true,"href":"https:\/\/utfpr.curitiba.br\/dalem\/index.php?rest_route=%2Fwp%2Fv2%2Fcomments&post=4857"}],"version-history":[{"count":2,"href":"https:\/\/utfpr.curitiba.br\/dalem\/index.php?rest_route=\/wp\/v2\/posts\/4857\/revisions"}],"predecessor-version":[{"id":4874,"href":"https:\/\/utfpr.curitiba.br\/dalem\/index.php?rest_route=\/wp\/v2\/posts\/4857\/revisions\/4874"}],"wp:attachment":[{"href":"https:\/\/utfpr.curitiba.br\/dalem\/index.php?rest_route=%2Fwp%2Fv2%2Fmedia&parent=4857"}],"wp:term":[{"taxonomy":"category","embeddable":true,"href":"https:\/\/utfpr.curitiba.br\/dalem\/index.php?rest_route=%2Fwp%2Fv2%2Fcategories&post=4857"},{"taxonomy":"post_tag","embeddable":true,"href":"https:\/\/utfpr.curitiba.br\/dalem\/index.php?rest_route=%2Fwp%2Fv2%2Ftags&post=4857"}],"curies":[{"name":"wp","href":"https:\/\/api.w.org\/{rel}","templated":true}]}}