{"id":4805,"date":"2024-10-23T16:49:06","date_gmt":"2024-10-23T19:49:06","guid":{"rendered":"https:\/\/utfpr.curitiba.br\/dalem\/?p=4805"},"modified":"2024-11-29T16:51:37","modified_gmt":"2024-11-29T19:51:37","slug":"edital-32-2024-pse-nao-obrigatorio-dalem-ct","status":"publish","type":"post","link":"https:\/\/utfpr.curitiba.br\/dalem\/?p=4805","title":{"rendered":"EDITAL 32\/2024 &#8211; PSE N\u00c3O OBRIGAT\u00d3RIO DALEM-CT"},"content":{"rendered":"\n<p>Est\u00e1 aberto o processo seletivo de est\u00e1gio n\u00e3o obrigat\u00f3rio para o DALEM-CT, que tem como p\u00fablico alvo acad\u00eamicos de Letras Ingl\u00eas, Letras Portugu\u00eas e Comunica\u00e7\u00e3o Organizacional da UTFPR.<\/p>\n\n\n\n<p>O edital pode ser acessado em: <a href=\"https:\/\/www.utfpr.edu.br\/estagios\/estagio-interno\/ct\/edital-032-2024-pse-ct\">https:\/\/www.utfpr.edu.br\/estagios\/estagio-interno\/ct\/edital-032-2024-pse-ct<\/a><\/p>\n\n\n\n<p><strong>Informa\u00e7\u00f5es Importantes:<\/strong><\/p>\n\n\n\n<ul class=\"wp-block-list\">\n<li><strong>Inscri\u00e7\u00f5es: <\/strong>25\/10 a 01\/11<\/li>\n\n\n\n<li><strong>Entrevistas:<\/strong> 04\/11 a 08\/11<\/li>\n\n\n\n<li><strong>Horas de Trabalho<\/strong>: 30 horas semanais (6 horas di\u00e1rias)<\/li>\n\n\n\n<li><strong>Turno: <\/strong>Tarde<\/li>\n<\/ul>\n\n\n\n<p><\/p>\n","protected":false},"excerpt":{"rendered":"<p>Est\u00e1 aberto o processo seletivo de est\u00e1gio n\u00e3o obrigat\u00f3rio para o DALEM-CT, que tem como p\u00fablico alvo acad\u00eamicos de Letras<\/p>\n","protected":false},"author":21,"featured_media":0,"comment_status":"closed","ping_status":"closed","sticky":false,"template":"","format":"standard","meta":{"colormag_page_container_layout":"default_layout","colormag_page_sidebar_layout":"default_layout","footnotes":""},"categories":[44,47,84,8,82],"tags":[77],"class_list":["post-4805","post","type-post","status-publish","format-standard","hentry","category-dalem-ct","category-editais","category-estagios","category-letras-ingles","category-noticia","tag-estagio"],"_links":{"self":[{"href":"https:\/\/utfpr.curitiba.br\/dalem\/index.php?rest_route=\/wp\/v2\/posts\/4805","targetHints":{"allow":["GET"]}}],"collection":[{"href":"https:\/\/utfpr.curitiba.br\/dalem\/index.php?rest_route=\/wp\/v2\/posts"}],"about":[{"href":"https:\/\/utfpr.curitiba.br\/dalem\/index.php?rest_route=\/wp\/v2\/types\/post"}],"author":[{"embeddable":true,"href":"https:\/\/utfpr.curitiba.br\/dalem\/index.php?rest_route=\/wp\/v2\/users\/21"}],"replies":[{"embeddable":true,"href":"https:\/\/utfpr.curitiba.br\/dalem\/index.php?rest_route=%2Fwp%2Fv2%2Fcomments&post=4805"}],"version-history":[{"count":1,"href":"https:\/\/utfpr.curitiba.br\/dalem\/index.php?rest_route=\/wp\/v2\/posts\/4805\/revisions"}],"predecessor-version":[{"id":4806,"href":"https:\/\/utfpr.curitiba.br\/dalem\/index.php?rest_route=\/wp\/v2\/posts\/4805\/revisions\/4806"}],"wp:attachment":[{"href":"https:\/\/utfpr.curitiba.br\/dalem\/index.php?rest_route=%2Fwp%2Fv2%2Fmedia&parent=4805"}],"wp:term":[{"taxonomy":"category","embeddable":true,"href":"https:\/\/utfpr.curitiba.br\/dalem\/index.php?rest_route=%2Fwp%2Fv2%2Fcategories&post=4805"},{"taxonomy":"post_tag","embeddable":true,"href":"https:\/\/utfpr.curitiba.br\/dalem\/index.php?rest_route=%2Fwp%2Fv2%2Ftags&post=4805"}],"curies":[{"name":"wp","href":"https:\/\/api.w.org\/{rel}","templated":true}]}}