{"id":4796,"date":"2024-10-21T15:53:23","date_gmt":"2024-10-21T18:53:23","guid":{"rendered":"https:\/\/utfpr.curitiba.br\/dalem\/?p=4796"},"modified":"2024-10-21T15:53:31","modified_gmt":"2024-10-21T18:53:31","slug":"edital-66-2024-exame-de-proficiencia-em-leitura-em-lingua-estrangeira","status":"publish","type":"post","link":"https:\/\/utfpr.curitiba.br\/dalem\/?p=4796","title":{"rendered":"Edital 66\/2024 \u2013 Exame de Profici\u00eancia em Leitura em L\u00edngua Estrangeira"},"content":{"rendered":"\n<p>Est\u00e1 aberto o\u00a0<strong>Edital 66\/2024 \u2013 DIRGRAD<\/strong>\u00a0referente ao\u00a0<strong>Exame de Profici\u00eancia em Leitura em L\u00edngua Estrangeira\u00a0<\/strong>dos idiomas Espanhol e Ingl\u00eas, o segundo a ser realizado no ano de 2024. O teste \u00e9 destinado aos estudantes de Mestrado e Doutorado de qualquer institui\u00e7\u00e3o \u2013 n\u00e3o somente da Universidade Tecnol\u00f3gica Federal do Paran\u00e1.<\/p>\n\n\n\n<p>O exame ser\u00e1 realizado no dia\u00a0<strong>23 de novembro de 2024<\/strong>, na sede Centro do campus Curitiba da UTFPR.<\/p>\n\n\n\n<p>As inscri\u00e7\u00f5es abrem no dia\u00a0<strong>28 de outubro de 2024<\/strong>\u00a0e v\u00e3o at\u00e9 o dia\u00a0<strong>10 de novembro de 2024<\/strong>, nos links:<\/p>\n\n\n\n<ul class=\"wp-block-list\">\n<li>Espanhol: <a href=\"https:\/\/funtefpr.conveniar.com.br\/eventos\/Forms\/Servicos\/EventoDados.aspx?action=1855\">https:\/\/funtefpr.conveniar.com.br\/eventos\/Forms\/Servicos\/EventoDados.aspx?action=1855<\/a><\/li>\n\n\n\n<li>Ingl\u00eas:  <a href=\"https:\/\/funtefpr.conveniar.com.br\/Eventos\/Forms\/Servicos\/EventoDados.aspx?action=1856\">https:\/\/funtefpr.conveniar.com.br\/Eventos\/Forms\/Servicos\/EventoDados.aspx?action=1856<\/a><\/li>\n<\/ul>\n\n\n\n<p>Para mais informa\u00e7\u00f5es, confira o edial abaixo:<\/p>\n\n\n\n<div data-wp-interactive=\"core\/file\" class=\"wp-block-file\"><object data-wp-bind--hidden=\"!state.hasPdfPreview\" hidden class=\"wp-block-file__embed\" data=\"https:\/\/utfpr-ct-static-content.s3.amazonaws.com\/utfpr.curitiba.br\/wp-content\/uploads\/sites\/7\/2024\/10\/EDITAL-662024-DIRGRAD.pdf\" type=\"application\/pdf\" style=\"width:100%;height:600px\" aria-label=\"Incorporado de EDITAL-662024-DIRGRAD.\"><\/object><a id=\"wp-block-file--media-62c8acc6-f4aa-4ea5-9de8-d95091f03de4\" href=\"https:\/\/utfpr-ct-static-content.s3.amazonaws.com\/utfpr.curitiba.br\/wp-content\/uploads\/sites\/7\/2024\/10\/EDITAL-662024-DIRGRAD.pdf\">EDITAL-662024-DIRGRAD<\/a><a href=\"https:\/\/utfpr-ct-static-content.s3.amazonaws.com\/utfpr.curitiba.br\/wp-content\/uploads\/sites\/7\/2024\/10\/EDITAL-662024-DIRGRAD.pdf\" class=\"wp-block-file__button wp-element-button\" download aria-describedby=\"wp-block-file--media-62c8acc6-f4aa-4ea5-9de8-d95091f03de4\">Baixar<\/a><\/div>\n","protected":false},"excerpt":{"rendered":"<p>Est\u00e1 aberto o\u00a0Edital 66\/2024 \u2013 DIRGRAD\u00a0referente ao\u00a0Exame de Profici\u00eancia em Leitura em L\u00edngua Estrangeira\u00a0dos idiomas Espanhol e Ingl\u00eas, o segundo<\/p>\n","protected":false},"author":21,"featured_media":0,"comment_status":"closed","ping_status":"closed","sticky":false,"template":"","format":"standard","meta":{"colormag_page_container_layout":"default_layout","colormag_page_sidebar_layout":"default_layout","footnotes":""},"categories":[44,47,82,10],"tags":[],"class_list":["post-4796","post","type-post","status-publish","format-standard","hentry","category-dalem-ct","category-editais","category-noticia","category-proficiencia"],"_links":{"self":[{"href":"https:\/\/utfpr.curitiba.br\/dalem\/index.php?rest_route=\/wp\/v2\/posts\/4796","targetHints":{"allow":["GET"]}}],"collection":[{"href":"https:\/\/utfpr.curitiba.br\/dalem\/index.php?rest_route=\/wp\/v2\/posts"}],"about":[{"href":"https:\/\/utfpr.curitiba.br\/dalem\/index.php?rest_route=\/wp\/v2\/types\/post"}],"author":[{"embeddable":true,"href":"https:\/\/utfpr.curitiba.br\/dalem\/index.php?rest_route=\/wp\/v2\/users\/21"}],"replies":[{"embeddable":true,"href":"https:\/\/utfpr.curitiba.br\/dalem\/index.php?rest_route=%2Fwp%2Fv2%2Fcomments&post=4796"}],"version-history":[{"count":1,"href":"https:\/\/utfpr.curitiba.br\/dalem\/index.php?rest_route=\/wp\/v2\/posts\/4796\/revisions"}],"predecessor-version":[{"id":4798,"href":"https:\/\/utfpr.curitiba.br\/dalem\/index.php?rest_route=\/wp\/v2\/posts\/4796\/revisions\/4798"}],"wp:attachment":[{"href":"https:\/\/utfpr.curitiba.br\/dalem\/index.php?rest_route=%2Fwp%2Fv2%2Fmedia&parent=4796"}],"wp:term":[{"taxonomy":"category","embeddable":true,"href":"https:\/\/utfpr.curitiba.br\/dalem\/index.php?rest_route=%2Fwp%2Fv2%2Fcategories&post=4796"},{"taxonomy":"post_tag","embeddable":true,"href":"https:\/\/utfpr.curitiba.br\/dalem\/index.php?rest_route=%2Fwp%2Fv2%2Ftags&post=4796"}],"curies":[{"name":"wp","href":"https:\/\/api.w.org\/{rel}","templated":true}]}}