{"id":4773,"date":"2024-09-25T13:53:22","date_gmt":"2024-09-25T16:53:22","guid":{"rendered":"https:\/\/utfpr.curitiba.br\/dalem\/?p=4773"},"modified":"2024-09-25T13:53:23","modified_gmt":"2024-09-25T16:53:23","slug":"edital-49-2024-para-monitoria-de-fonetica-e-fonologia","status":"publish","type":"post","link":"https:\/\/utfpr.curitiba.br\/dalem\/?p=4773","title":{"rendered":"Edital 49\/2024 &#8211; para Monitoria de Fon\u00e9tica e Fonologia"},"content":{"rendered":"\n<p>Est\u00e3o abertas as inscri\u00e7\u00f5es para o\u00a0\u00a0EDITAL 49\/2024 DIRGRAD para sele\u00e7\u00e3o de estudantes monitores de disciplinas. Aten\u00e7\u00e3o para a vaga da\u00a0<strong>disciplina LEM73D Fon\u00e9tica e Fonologia<\/strong>.<br><\/p>\n\n\n\n<div data-wp-interactive=\"core\/file\" class=\"wp-block-file\"><object data-wp-bind--hidden=\"!state.hasPdfPreview\" hidden class=\"wp-block-file__embed\" data=\"https:\/\/utfpr-ct-static-content.s3.amazonaws.com\/utfpr.curitiba.br\/wp-content\/uploads\/sites\/7\/2024\/09\/Edital-49_2024.pdf\" type=\"application\/pdf\" style=\"width:100%;height:600px\" aria-label=\"Incorporado de Edital 49_2024.\"><\/object><a id=\"wp-block-file--media-d858bfa6-156d-4542-b627-91a6cddebaca\" href=\"https:\/\/utfpr-ct-static-content.s3.amazonaws.com\/utfpr.curitiba.br\/wp-content\/uploads\/sites\/7\/2024\/09\/Edital-49_2024.pdf\">Edital 49_2024<\/a><a href=\"https:\/\/utfpr-ct-static-content.s3.amazonaws.com\/utfpr.curitiba.br\/wp-content\/uploads\/sites\/7\/2024\/09\/Edital-49_2024.pdf\" class=\"wp-block-file__button wp-element-button\" download aria-describedby=\"wp-block-file--media-d858bfa6-156d-4542-b627-91a6cddebaca\">Baixar<\/a><\/div>\n","protected":false},"excerpt":{"rendered":"<p>Est\u00e3o abertas as inscri\u00e7\u00f5es para o\u00a0\u00a0EDITAL 49\/2024 DIRGRAD para sele\u00e7\u00e3o de estudantes monitores de disciplinas. Aten\u00e7\u00e3o para a vaga da\u00a0disciplina<\/p>\n","protected":false},"author":21,"featured_media":0,"comment_status":"closed","ping_status":"closed","sticky":false,"template":"","format":"standard","meta":{"colormag_page_container_layout":"default_layout","colormag_page_sidebar_layout":"default_layout","footnotes":""},"categories":[44,47,82],"tags":[],"class_list":["post-4773","post","type-post","status-publish","format-standard","hentry","category-dalem-ct","category-editais","category-noticia"],"_links":{"self":[{"href":"https:\/\/utfpr.curitiba.br\/dalem\/index.php?rest_route=\/wp\/v2\/posts\/4773","targetHints":{"allow":["GET"]}}],"collection":[{"href":"https:\/\/utfpr.curitiba.br\/dalem\/index.php?rest_route=\/wp\/v2\/posts"}],"about":[{"href":"https:\/\/utfpr.curitiba.br\/dalem\/index.php?rest_route=\/wp\/v2\/types\/post"}],"author":[{"embeddable":true,"href":"https:\/\/utfpr.curitiba.br\/dalem\/index.php?rest_route=\/wp\/v2\/users\/21"}],"replies":[{"embeddable":true,"href":"https:\/\/utfpr.curitiba.br\/dalem\/index.php?rest_route=%2Fwp%2Fv2%2Fcomments&post=4773"}],"version-history":[{"count":1,"href":"https:\/\/utfpr.curitiba.br\/dalem\/index.php?rest_route=\/wp\/v2\/posts\/4773\/revisions"}],"predecessor-version":[{"id":4775,"href":"https:\/\/utfpr.curitiba.br\/dalem\/index.php?rest_route=\/wp\/v2\/posts\/4773\/revisions\/4775"}],"wp:attachment":[{"href":"https:\/\/utfpr.curitiba.br\/dalem\/index.php?rest_route=%2Fwp%2Fv2%2Fmedia&parent=4773"}],"wp:term":[{"taxonomy":"category","embeddable":true,"href":"https:\/\/utfpr.curitiba.br\/dalem\/index.php?rest_route=%2Fwp%2Fv2%2Fcategories&post=4773"},{"taxonomy":"post_tag","embeddable":true,"href":"https:\/\/utfpr.curitiba.br\/dalem\/index.php?rest_route=%2Fwp%2Fv2%2Ftags&post=4773"}],"curies":[{"name":"wp","href":"https:\/\/api.w.org\/{rel}","templated":true}]}}