{"id":4400,"date":"2023-11-16T15:43:09","date_gmt":"2023-11-16T18:43:09","guid":{"rendered":"https:\/\/utfpr.curitiba.br\/dalem\/?p=4400"},"modified":"2023-11-16T15:45:26","modified_gmt":"2023-11-16T18:45:26","slug":"projeto-de-extensao-diversidade-cultural-na-sociedade-brasileira","status":"publish","type":"post","link":"https:\/\/utfpr.curitiba.br\/dalem\/?p=4400","title":{"rendered":"PROJETO DE EXTENS\u00c3O DIVERSIDADE SOCIOCULTURAL NA FORMA\u00c7\u00c3O DA SOCIEDADE BRASILEIRA"},"content":{"rendered":"\n<p>Coordenado pela professora Maclovia Corr\u00eaa da Silva, o projeto extensionista &#8220;Diversidade Sociocultural na Forma\u00e7\u00e3o da Sociedade Brasileira&#8221; prioriza a metodologia de oficinas como forma de trabalhar os temas da diversidade. Os participantes do projeto elaboram materiais did\u00e1tico-pedag\u00f3gicos para contextos socioeducativos, de forma a refor\u00e7ar o prop\u00f3sito de estreitar os la\u00e7os entre a universidade e a comunidade local, trocando experi\u00eancias e saberes relativos ao contexto cultural brasileiro. O projeto vem divulgando suas a\u00e7\u00f5es por meio de publica\u00e7\u00e3o de artigos, e com isso tem conquistado a ades\u00e3o de diversas institui\u00e7\u00f5es parceiras que fortalecem as metas propostas.<\/p>\n\n\n\n<ul class=\"wp-block-list\">\n<li><strong>Equipe:<\/strong><\/li>\n\n\n\n<li>Maclovia Corr\u00eaa da Silva (coordenadora)<\/li>\n\n\n\n<li>Elisangela C.P. Leite Munaretto <\/li>\n\n\n\n<li>Gustavo Soares da Costa<\/li>\n<\/ul>\n\n\n\n<ul class=\"wp-block-list\">\n<li><strong>Contatos:<\/strong><\/li>\n\n\n\n<li>macloviasilva@utfpr.edu.br<\/li>\n\n\n\n<li>profartelis@gmail.com<\/li>\n\n\n\n<li><a href=\"https:\/\/www.instagram.com\/extutfpr\/\">Instagram<\/a><\/li>\n<\/ul>\n\n\n\n<p>Al\u00e9m disso, o projeto est\u00e1 promovendo que acontece no dia 21\/11. Confira abaixo:<\/p>\n\n\n\n<figure class=\"wp-block-image size-full\"><a href=\"https:\/\/utfpr-ct-static-content.s3.amazonaws.com\/utfpr.curitiba.br\/wp-content\/uploads\/sites\/7\/2023\/11\/aaaaaaaaa.png\"><img fetchpriority=\"high\" decoding=\"async\" width=\"486\" height=\"486\" src=\"https:\/\/utfpr-ct-static-content.s3.amazonaws.com\/utfpr.curitiba.br\/wp-content\/uploads\/sites\/7\/2023\/11\/aaaaaaaaa.png\" alt=\"\" class=\"wp-image-4403\" srcset=\"https:\/\/utfpr-ct-static-content.s3.amazonaws.com\/utfpr.curitiba.br\/wp-content\/uploads\/sites\/7\/2023\/11\/aaaaaaaaa.png 486w, https:\/\/utfpr-ct-static-content.s3.amazonaws.com\/utfpr.curitiba.br\/wp-content\/uploads\/sites\/7\/2023\/11\/aaaaaaaaa-300x300.png 300w, https:\/\/utfpr-ct-static-content.s3.amazonaws.com\/utfpr.curitiba.br\/wp-content\/uploads\/sites\/7\/2023\/11\/aaaaaaaaa-150x150.png 150w\" sizes=\"(max-width: 486px) 100vw, 486px\" \/><\/a><\/figure>\n","protected":false},"excerpt":{"rendered":"<p>Coordenado pela professora Maclovia Corr\u00eaa da Silva, o projeto extensionista &#8220;Diversidade Sociocultural na Forma\u00e7\u00e3o da Sociedade Brasileira&#8221; prioriza a metodologia<\/p>\n","protected":false},"author":21,"featured_media":4405,"comment_status":"closed","ping_status":"closed","sticky":false,"template":"","format":"standard","meta":{"colormag_page_container_layout":"default_layout","colormag_page_sidebar_layout":"default_layout","footnotes":""},"categories":[44,9,82],"tags":[],"class_list":["post-4400","post","type-post","status-publish","format-standard","has-post-thumbnail","hentry","category-dalem-ct","category-eventos","category-noticia"],"_links":{"self":[{"href":"https:\/\/utfpr.curitiba.br\/dalem\/index.php?rest_route=\/wp\/v2\/posts\/4400","targetHints":{"allow":["GET"]}}],"collection":[{"href":"https:\/\/utfpr.curitiba.br\/dalem\/index.php?rest_route=\/wp\/v2\/posts"}],"about":[{"href":"https:\/\/utfpr.curitiba.br\/dalem\/index.php?rest_route=\/wp\/v2\/types\/post"}],"author":[{"embeddable":true,"href":"https:\/\/utfpr.curitiba.br\/dalem\/index.php?rest_route=\/wp\/v2\/users\/21"}],"replies":[{"embeddable":true,"href":"https:\/\/utfpr.curitiba.br\/dalem\/index.php?rest_route=%2Fwp%2Fv2%2Fcomments&post=4400"}],"version-history":[{"count":5,"href":"https:\/\/utfpr.curitiba.br\/dalem\/index.php?rest_route=\/wp\/v2\/posts\/4400\/revisions"}],"predecessor-version":[{"id":4408,"href":"https:\/\/utfpr.curitiba.br\/dalem\/index.php?rest_route=\/wp\/v2\/posts\/4400\/revisions\/4408"}],"wp:featuredmedia":[{"embeddable":true,"href":"https:\/\/utfpr.curitiba.br\/dalem\/index.php?rest_route=\/wp\/v2\/media\/4405"}],"wp:attachment":[{"href":"https:\/\/utfpr.curitiba.br\/dalem\/index.php?rest_route=%2Fwp%2Fv2%2Fmedia&parent=4400"}],"wp:term":[{"taxonomy":"category","embeddable":true,"href":"https:\/\/utfpr.curitiba.br\/dalem\/index.php?rest_route=%2Fwp%2Fv2%2Fcategories&post=4400"},{"taxonomy":"post_tag","embeddable":true,"href":"https:\/\/utfpr.curitiba.br\/dalem\/index.php?rest_route=%2Fwp%2Fv2%2Ftags&post=4400"}],"curies":[{"name":"wp","href":"https:\/\/api.w.org\/{rel}","templated":true}]}}