{"id":4294,"date":"2023-09-11T09:47:40","date_gmt":"2023-09-11T12:47:40","guid":{"rendered":"https:\/\/utfpr.curitiba.br\/dalem\/?p=4294"},"modified":"2024-08-20T13:29:50","modified_gmt":"2024-08-20T16:29:50","slug":"gabarito-lingua-inglesa","status":"publish","type":"post","link":"https:\/\/utfpr.curitiba.br\/dalem\/?p=4294","title":{"rendered":"Edital 69\/2023 \u2013 Exame de Profici\u00eancia em Leitura em L\u00edngua Estrangeira"},"content":{"rendered":"\n<p>Est\u00e1 aberto o&nbsp;<strong>Edital 69\/2023 \u2013 DIRGRAD<\/strong>&nbsp;referente ao&nbsp;<strong>Exame de Profici\u00eancia em Leitura em L\u00edngua Estrangeira&nbsp;<\/strong>dos idiomas Alem\u00e3o, Espanhol, Franc\u00eas e Ingl\u00eas. Como novidade, o teste \u00e9 destinado aos estudantes de Mestrado e Doutorado de diferentes institui\u00e7\u00f5es \u2013 n\u00e3o somente da Universidade Tecnol\u00f3gica Federal do Paran\u00e1.<\/p>\n\n\n\n<p>O exame ser\u00e1 realizado no dia&nbsp;<strong>21 de outubro de 2023<\/strong>, na sede Centro do campus Curitiba da UTFPR.<\/p>\n\n\n\n<p>Links para inscri\u00e7\u00e3o:<\/p>\n\n\n\n<ul class=\"wp-block-list\">\n<li><strong>Alem\u00e3o:<\/strong>&nbsp;<a rel=\"noreferrer noopener\" href=\"https:\/\/funtefpr.conveniar.com.br\/eventos\/Forms\/Servicos\/EventoDados.aspx?action=1612\" target=\"_blank\">https:\/\/funtefpr.conveniar.com.br\/eventos\/Forms\/Servicos\/EventoDados.aspx?action=1612<\/a><\/li>\n\n\n\n<li><strong>Espanhol:<\/strong>&nbsp;<a href=\"https:\/\/funtefpr.conveniar.com.br\/eventos\/Forms\/Servicos\/EventoDados.aspx?action=1613\" target=\"_blank\" rel=\"noreferrer noopener\">https:\/\/funtefpr.conveniar.com.br\/eventos\/Forms\/Servicos\/EventoDados.aspx?action=1613<\/a><\/li>\n\n\n\n<li><strong>Franc\u00eas:<\/strong>&nbsp;<a href=\"https:\/\/funtefpr.conveniar.com.br\/eventos\/Forms\/Servicos\/EventoDados.aspx?action=1614\" target=\"_blank\" rel=\"noreferrer noopener\">https:\/\/funtefpr.conveniar.com.br\/eventos\/Forms\/Servicos\/EventoDados.aspx?action=1614<\/a><\/li>\n\n\n\n<li><strong>Ingl\u00eas:<\/strong>&nbsp;<a rel=\"noreferrer noopener\" href=\"https:\/\/funtefpr.conveniar.com.br\/eventos\/Forms\/Servicos\/EventoDados.aspx?action=1615\" target=\"_blank\">https:\/\/funtefpr.conveniar.com.br\/eventos\/Forms\/Servicos\/EventoDados.aspx?action=1615<\/a><\/li>\n<\/ul>\n\n\n\n<p><em>Leia atentamente o edital abaixo.<\/em><\/p>\n\n\n\n<div data-wp-interactive=\"core\/file\" class=\"wp-block-file\"><object data-wp-bind--hidden=\"!state.hasPdfPreview\" hidden class=\"wp-block-file__embed\" data=\"https:\/\/utfpr-ct-static-content.s3.amazonaws.com\/utfpr.curitiba.br\/wp-content\/uploads\/sites\/7\/2023\/09\/SEI_UTFPR-3689992-Graduacao_-Edital-DIRGRAD_outubro-2023.pdf\" type=\"application\/pdf\" style=\"width:100%;height:600px\" aria-label=\"Incorporado de Exame de  Profici\u00eancia em L\u00ednguas Estrangeiras.\"><\/object><a id=\"wp-block-file--media-762222e4-fa3c-42ae-b352-511151957061\" href=\"https:\/\/utfpr-ct-static-content.s3.amazonaws.com\/utfpr.curitiba.br\/wp-content\/uploads\/sites\/7\/2023\/09\/SEI_UTFPR-3689992-Graduacao_-Edital-DIRGRAD_outubro-2023.pdf\">Exame de  Profici\u00eancia em L\u00ednguas Estrangeiras<\/a><a href=\"https:\/\/utfpr-ct-static-content.s3.amazonaws.com\/utfpr.curitiba.br\/wp-content\/uploads\/sites\/7\/2023\/09\/SEI_UTFPR-3689992-Graduacao_-Edital-DIRGRAD_outubro-2023.pdf\" class=\"wp-block-file__button wp-element-button\" download aria-describedby=\"wp-block-file--media-762222e4-fa3c-42ae-b352-511151957061\">Baixar<\/a><\/div>\n\n\n\n<p><\/p>\n\n\n\n<h3 class=\"wp-block-heading\"><strong>Homologa\u00e7\u00e3o das Inscri\u00e7\u00f5es<\/strong><\/h3>\n\n\n\n<p>Confira abaixo a homologa\u00e7\u00e3o das Inscri\u00e7\u00f5es.<\/p>\n\n\n\n<div data-wp-interactive=\"core\/file\" class=\"wp-block-file\"><object data-wp-bind--hidden=\"!state.hasPdfPreview\" hidden class=\"wp-block-file__embed\" data=\"https:\/\/utfpr-ct-static-content.s3.amazonaws.com\/utfpr.curitiba.br\/wp-content\/uploads\/sites\/7\/2023\/09\/Homologacao-das-Inscricoes-Exame-de-Proficiencia-edital-69_2023-out_23.pdf\" type=\"application\/pdf\" style=\"width:100%;height:600px\" aria-label=\"Incorporado de Homologacao-das-Inscricoes-Exame-de-Proficiencia-edital-69_2023-out_23.\"><\/object><a id=\"wp-block-file--media-24d03b2e-7bba-4e76-9e68-ef0d92d913cb\" href=\"https:\/\/utfpr-ct-static-content.s3.amazonaws.com\/utfpr.curitiba.br\/wp-content\/uploads\/sites\/7\/2023\/09\/Homologacao-das-Inscricoes-Exame-de-Proficiencia-edital-69_2023-out_23.pdf\">Homologacao-das-Inscricoes-Exame-de-Proficiencia-edital-69_2023-out_23<\/a><a href=\"https:\/\/utfpr-ct-static-content.s3.amazonaws.com\/utfpr.curitiba.br\/wp-content\/uploads\/sites\/7\/2023\/09\/Homologacao-das-Inscricoes-Exame-de-Proficiencia-edital-69_2023-out_23.pdf\" class=\"wp-block-file__button wp-element-button\" download aria-describedby=\"wp-block-file--media-24d03b2e-7bba-4e76-9e68-ef0d92d913cb\">Baixar<\/a><\/div>\n\n\n\n<p><\/p>\n\n\n\n<p><\/p>\n\n\n\n<p><strong>Ensalamento<\/strong><\/p>\n\n\n\n<p><\/p>\n\n\n\n<p>Confira abaixo o Ensalamento do Exame de Profici\u00eancia <\/p>\n\n\n\n<p>Todos os candidatos far\u00e3o o exame no 1\u00ba andar do Bloco E, acesso pela entrada da rua Sete de Setembro.<\/p>\n\n\n\n<p><a href=\"https:\/\/utfpr-ct-static-content.s3.amazonaws.com\/utfpr.curitiba.br\/wp-content\/uploads\/sites\/7\/2023\/10\/Ensalamento-Exame-proficiencia-out.2023-1.pdf\">Ensalamento para o Exame de Profici\u00eancia Outubro\/2023<\/a><\/p>\n\n\n\n<p><\/p>\n\n\n\n<h5 class=\"wp-block-heading\"><strong>Gabaritos<\/strong><\/h5>\n\n\n\n<p>Confira abaixo as folhas de resposta dos <\/p>\n\n\n\n<p><a href=\"https:\/\/utfpr-ct-static-content.s3.amazonaws.com\/utfpr.curitiba.br\/wp-content\/uploads\/sites\/7\/2023\/10\/Folha-de-Respostas-Ingles.docx.pdf\">Gabarito Exame de L\u00edngua Inglesa<\/a><\/p>\n\n\n\n<p><a href=\"https:\/\/utfpr-ct-static-content.s3.amazonaws.com\/utfpr.curitiba.br\/wp-content\/uploads\/sites\/7\/2023\/10\/Gabarito-Espanhol.pdf\">Gabarito Exame de L\u00edngua Espanhola<\/a><\/p>\n\n\n\n<p><a href=\"https:\/\/utfpr-ct-static-content.s3.amazonaws.com\/utfpr.curitiba.br\/wp-content\/uploads\/sites\/7\/2023\/10\/FRANCES-Proficiencia-biodiesel-Gabarito-20223-1.pdf\">Gabarito Exame de L\u00edngua Francesa<\/a><\/p>\n\n\n\n<p><\/p>\n\n\n\n<p><\/p>\n\n\n\n<p><\/p>\n\n\n\n<p><\/p>\n","protected":false},"excerpt":{"rendered":"<p>Est\u00e1 aberto o&nbsp;Edital 69\/2023 \u2013 DIRGRAD&nbsp;referente ao&nbsp;Exame de Profici\u00eancia em Leitura em L\u00edngua Estrangeira&nbsp;dos idiomas Alem\u00e3o, Espanhol, Franc\u00eas e Ingl\u00eas.<\/p>\n","protected":false},"author":21,"featured_media":0,"comment_status":"closed","ping_status":"closed","sticky":false,"template":"","format":"standard","meta":{"colormag_page_container_layout":"default_layout","colormag_page_sidebar_layout":"default_layout","footnotes":""},"categories":[44,82,10,45],"tags":[],"class_list":["post-4294","post","type-post","status-publish","format-standard","hentry","category-dalem-ct","category-noticia","category-proficiencia","category-publicacoes"],"_links":{"self":[{"href":"https:\/\/utfpr.curitiba.br\/dalem\/index.php?rest_route=\/wp\/v2\/posts\/4294","targetHints":{"allow":["GET"]}}],"collection":[{"href":"https:\/\/utfpr.curitiba.br\/dalem\/index.php?rest_route=\/wp\/v2\/posts"}],"about":[{"href":"https:\/\/utfpr.curitiba.br\/dalem\/index.php?rest_route=\/wp\/v2\/types\/post"}],"author":[{"embeddable":true,"href":"https:\/\/utfpr.curitiba.br\/dalem\/index.php?rest_route=\/wp\/v2\/users\/21"}],"replies":[{"embeddable":true,"href":"https:\/\/utfpr.curitiba.br\/dalem\/index.php?rest_route=%2Fwp%2Fv2%2Fcomments&post=4294"}],"version-history":[{"count":10,"href":"https:\/\/utfpr.curitiba.br\/dalem\/index.php?rest_route=\/wp\/v2\/posts\/4294\/revisions"}],"predecessor-version":[{"id":4719,"href":"https:\/\/utfpr.curitiba.br\/dalem\/index.php?rest_route=\/wp\/v2\/posts\/4294\/revisions\/4719"}],"wp:attachment":[{"href":"https:\/\/utfpr.curitiba.br\/dalem\/index.php?rest_route=%2Fwp%2Fv2%2Fmedia&parent=4294"}],"wp:term":[{"taxonomy":"category","embeddable":true,"href":"https:\/\/utfpr.curitiba.br\/dalem\/index.php?rest_route=%2Fwp%2Fv2%2Fcategories&post=4294"},{"taxonomy":"post_tag","embeddable":true,"href":"https:\/\/utfpr.curitiba.br\/dalem\/index.php?rest_route=%2Fwp%2Fv2%2Ftags&post=4294"}],"curies":[{"name":"wp","href":"https:\/\/api.w.org\/{rel}","templated":true}]}}